{"id":1031,"date":"2022-04-19T17:33:00","date_gmt":"2022-04-19T15:33:00","guid":{"rendered":"https:\/\/www.sindiaboldt.de\/portraits\/?p=1031"},"modified":"2022-05-14T15:43:41","modified_gmt":"2022-05-14T13:43:41","slug":"40ue40-teil-4","status":"publish","type":"post","link":"https:\/\/www.sindiaboldt.de\/portraits\/40ue40-teil-4\/","title":{"rendered":"40\u00fc40-Teil 4"},"content":{"rendered":"<h1 style=\"text-align: center;\">40 Frauen \u00fcber 40 &#8211; Das Fotoprojekt &#8211; Teil 4:<\/h1>\n<p><img loading=\"lazy\" decoding=\"async\" class=\"aligncenter size-full wp-image-627\" title=\"Portraits Studio Sindia Boldt Photography Mu\u0308nchen 44 750x500 1\" src=\"https:\/\/www.sindiaboldt.de\/portraits\/wp-content\/uploads\/sites\/5\/2021\/09\/Portraits-Studio-Sindia-Boldt-Photography-Mu\u0308nchen-44-750x500-1.jpg\" alt=\"Portraits Studio Sindia Boldt Photography Mu\u0308nchen 44 750x500 1\" width=\"750\" height=\"500\" srcset=\"https:\/\/www.sindiaboldt.de\/portraits\/wp-content\/uploads\/sites\/5\/2021\/09\/Portraits-Studio-Sindia-Boldt-Photography-Mu\u0308nchen-44-750x500-1.jpg 750w, https:\/\/www.sindiaboldt.de\/portraits\/wp-content\/uploads\/sites\/5\/2021\/09\/Portraits-Studio-Sindia-Boldt-Photography-Mu\u0308nchen-44-750x500-1-300x200.jpg 300w\" sizes=\"auto, (max-width: 750px) 100vw, 750px\" \/><\/p>\n<p>&nbsp;<\/p>\n<p style=\"text-align: center;\">Kirsten \/\/ Gerlinde \/\/ Maria \/\/ Anette \/\/ Laurence &#8211;<\/p>\n<p style=\"text-align: center;\">Hier stellen wir Euch die Teilnehmerinnen unseres wundervollen <a href=\"https:\/\/www.sindiaboldt.de\/portraits\/40-ueber-40\/\">Fotoprojekts 40 Frauen \u00fcber 40<\/a> etwas n\u00e4her vor. In diesem Teil:<\/p>\n<h3 style=\"text-align: center;\">Kirsten, 60, Unternehmerin, 3 Kinder, verheiratet in 2. Ehe<\/h3>\n<h3 style=\"text-align: center;\">Gerlinde, 56, Verk\u00e4uferin, <strong>2 Kinder, verheiratet<\/strong><\/h3>\n<h3 style=\"text-align: center;\">Maria, 56, systemische Beraterin \/ Coach f\u00fcr Frauen, <strong>2 Kinder, verheiratet<\/strong><\/h3>\n<h3 style=\"text-align: center;\">Anette, 52, selbstst\u00e4ndige Finanzberaterin, 2 Kinder, alleinerziehend<\/h3>\n<h3 style=\"text-align: center;\">Laurence, 50, Eink\u00e4uferin, 2 Kinder, Witwe<\/h3>\n<hr \/>\n<h3><\/h3>\n<h2 style=\"text-align: center;\">Kirsten, 60, Unternehmerin, 3 Kinder, verheiratet in 2. Ehe<\/h2>\n<p style=\"text-align: center;\">KIRSTEN HAT SICH NACH VIELEN JAHREN DER FINANZIELLEN ABH\u00c4NGIGKEIT VOR 15 JAHREN IHR EIGENES LEBEN AUFGEBAUT UND IST NUN ERFOLGREICHE UNTERNEHMERIN.<\/p>\n<p style=\"text-align: center;\"><img loading=\"lazy\" decoding=\"async\" class=\"aligncenter wp-image-1034 size-full\" title=\"Gaby Troetschel vorher\" src=\"https:\/\/www.sindiaboldt.de\/portraits\/wp-content\/uploads\/sites\/5\/2022\/03\/KirstenEhrenberg.jpg\" alt=\"KirstenEhrenberg\" width=\"581\" height=\"871\" srcset=\"https:\/\/www.sindiaboldt.de\/portraits\/wp-content\/uploads\/sites\/5\/2022\/03\/KirstenEhrenberg.jpg 581w, https:\/\/www.sindiaboldt.de\/portraits\/wp-content\/uploads\/sites\/5\/2022\/03\/KirstenEhrenberg-200x300.jpg 200w\" sizes=\"auto, (max-width: 581px) 100vw, 581px\" \/><\/p>\n<p style=\"text-align: center;\"><strong> Hier mehr Infos \u00fcber Kirsten (60, Unternehmerin, 3 Kinder, verheiratet):<\/strong><\/p>\n<p style=\"text-align: center;\">Kirsten hat bisher ein sehr ereignisreiches Leben gef\u00fchrt. Bereits mit 18 Jahren zog sie von Frankfurt nach M\u00fcnchen und lernte dort schnell ihren jetzigen Ex-Mann kennen. Mit diesem bekam sie dann drei Kinder und widmete ihr Leben der Erziehung dieser sowie der T\u00e4tigkeit als Hausfrau. Dies tat sie solange, bis ihre Kinder erwachsen waren und sie beim Einkaufen\u00a0zuf\u00e4lligerweise von einer Frau auf ein Stellenangebot angesprochen wurde und sofort \u00fcberzeugt war, es w\u00fcrde einfach in ihre Lebenssituation passen. Sie wollte nach 28 Jahren finanzieller Abh\u00e4ngigkeit als Hausfrau und Mutter auf eigenen Beinen stehen.<\/p>\n<p style=\"text-align: center;\">Auch, wenn sie nach ihrer Scheidung nicht mehr heiraten wollte, ist sie nun seit 7 Jahren wieder gl\u00fccklich verheiratet &#8211; diesmal aber ohne finanzielle Abh\u00e4ngigkeit. Die harte Zeit, in der sie sich scheiden lie\u00df, alles abbrach und komplett neu ihr eigenes Leben anfing, bereut sie nach nun 15 Jahren als selbstst\u00e4ndige Unternehmerin \u00fcberhaupt nicht. Sie h\u00e4lt es f\u00fcr einen sehr wichtigen Wendepunkt in ihrem Leben. \u00dcber ihr &#8216;fr\u00fcheres&#8217; Leben als Hausfrau und Mutter sagt sie&#8230;:<\/p>\n<p style=\"text-align: center;\"><i>&#8220;Es war fr\u00fcher noch schwieriger&#8230;wie meine Kinder klein waren, gab es\u00a0keine Kinderbetreuung und keine Omas, an die ich die Kinder mal h\u00e4tte \u00fcbergeben k\u00f6nnen, da hatte ich niemand. Ich bin ja\u00a0auch mit 18 schon von Frankfurt nach M\u00fcnchen gezogen und habe somit einige gro\u00dfe Schritte gemacht. Da hatte ich damals meinen ersten Mann kennengelernt und war dann auf und davon auch. Und dann stand ich auch wiederum da und habe gemerkt: &#8216;Okay, hier ist eigentlich erstmal niemand.&#8217; Also niemand, an den man sich mal wenden konnte, wenn es mir nicht so gut ging; da war man schon alleine.&#8221;<\/i><\/p>\n<p style=\"text-align: center;\"><strong>&#8220;Gab es in deinem Leben mal eine Situation, in der du gemerkt hast: &#8216;Das passiert mir jetzt, weil ich eine Frau bin. Einem Mann w\u00e4re das nicht passiert.&#8217;?&#8221;<\/strong><\/p>\n<p style=\"text-align: center;\"><i>&#8220;Kann ich so nicht wirklich sagen. Ich bin nicht so das M\u00e4uschen irgendwie. Ich muss auch sagen, ich war auch nach\u00a0meiner Trennung erstmal total solo &#8211; ich war\u00a0auch nicht auf der Suche! -, aber ich war erstmal f\u00fcr mich und ich glaube, ich kann das auch ausstrahlen, dass ich nicht so eine Maus bin, die irgendwie hilflos umherirrt.&#8221;<\/i><\/p>\n<p style=\"text-align: center;\"><strong>&#8220;Was bedeutet f\u00fcr dich Sch\u00f6nheit?&#8221;<\/strong><\/p>\n<p style=\"text-align: center;\"><i>&#8220;Sch\u00f6nheit ist f\u00fcr mich, wenn jemand in sich strahlt und wenn das stimmig ist. Wenn jemand vom Typ her ganz stimmig ist, dann ist es\u00a0sch\u00f6n f\u00fcr mich, wenn es irgendwie so\u00a0eine Einheit ist. Wenn jemand in sich gefestigt ist und ruht und am richtigen Platz ist&#8230; ich finde Menschen toll, die, wenn man ihnen irgendwo begegnet, ausstrahlen, dass sie am richtigen Platz und in ihrer Kraft sind. Da strahlen die so eine Sch\u00f6nheit aus.&#8221;<\/i><\/p>\n<p style=\"text-align: center;\"><strong>&#8220;Findest du dich selber sch\u00f6n?&#8221;<\/strong><\/p>\n<p style=\"text-align: center;\"><i>&#8220;Manchmal, ja.\u00a0Gibt Tage, wo ich mich nicht so ganz sch\u00f6n finde&#8230;\u00a0aber in letzter Zeit vermehrt, ja. Seitdem ich so in meine Kraft gekommen bin, wo ich stolz bin, stolz bin 60 zu sein und meine Enkelkinder zu genie\u00dfen, aber auch im Leben zu stehen, selbstst\u00e4ndig auf eigenen F\u00fc\u00dfen zu stehen.\u00a0<\/i><\/p>\n<h3 style=\"text-align: center;\"><strong>Das Ergebnis von Kirsten&#8217;s Fotoshooting im Fotoatelier Hohenkammer:<\/strong><\/h3>\n<div id='gallery-1' class='gallery galleryid-1031 gallery-columns-3 gallery-size-full'><figure class='gallery-item'>\n\t\t\t<div class='gallery-icon portrait'>\n\t\t\t\t<img loading=\"lazy\" decoding=\"async\" width=\"455\" height=\"683\" src=\"https:\/\/www.sindiaboldt.de\/portraits\/wp-content\/uploads\/sites\/5\/2022\/03\/Portrait_Fotograf_Boudoir_Muenchen_Fotoatelier_Hohenkammer-5.jpg\" class=\"attachment-full size-full\" alt=\"Portrait Fotograf Boudoir Muenchen Fotoatelier Hohenkammer 5\" srcset=\"https:\/\/www.sindiaboldt.de\/portraits\/wp-content\/uploads\/sites\/5\/2022\/03\/Portrait_Fotograf_Boudoir_Muenchen_Fotoatelier_Hohenkammer-5.jpg 455w, https:\/\/www.sindiaboldt.de\/portraits\/wp-content\/uploads\/sites\/5\/2022\/03\/Portrait_Fotograf_Boudoir_Muenchen_Fotoatelier_Hohenkammer-5-200x300.jpg 200w\" sizes=\"auto, (max-width: 455px) 100vw, 455px\" \/>\n\t\t\t<\/div><\/figure><figure class='gallery-item'>\n\t\t\t<div class='gallery-icon portrait'>\n\t\t\t\t<img loading=\"lazy\" decoding=\"async\" width=\"523\" height=\"784\" src=\"https:\/\/www.sindiaboldt.de\/portraits\/wp-content\/uploads\/sites\/5\/2022\/03\/Portrait_Fotograf_Boudoir_Muenchen_Fotoatelier_Hohenkammer-56.jpg\" class=\"attachment-full size-full\" alt=\"Portrait Fotograf Boudoir Muenchen Fotoatelier Hohenkammer 56\" srcset=\"https:\/\/www.sindiaboldt.de\/portraits\/wp-content\/uploads\/sites\/5\/2022\/03\/Portrait_Fotograf_Boudoir_Muenchen_Fotoatelier_Hohenkammer-56.jpg 523w, https:\/\/www.sindiaboldt.de\/portraits\/wp-content\/uploads\/sites\/5\/2022\/03\/Portrait_Fotograf_Boudoir_Muenchen_Fotoatelier_Hohenkammer-56-200x300.jpg 200w\" sizes=\"auto, (max-width: 523px) 100vw, 523px\" \/>\n\t\t\t<\/div><\/figure><figure class='gallery-item'>\n\t\t\t<div class='gallery-icon portrait'>\n\t\t\t\t<img loading=\"lazy\" decoding=\"async\" width=\"465\" height=\"697\" src=\"https:\/\/www.sindiaboldt.de\/portraits\/wp-content\/uploads\/sites\/5\/2022\/03\/Portrait_Fotograf_Boudoir_Muenchen_Fotoatelier_Hohenkammer-64.jpg\" class=\"attachment-full size-full\" alt=\"Portrait Fotograf Boudoir Muenchen Fotoatelier Hohenkammer 64\" srcset=\"https:\/\/www.sindiaboldt.de\/portraits\/wp-content\/uploads\/sites\/5\/2022\/03\/Portrait_Fotograf_Boudoir_Muenchen_Fotoatelier_Hohenkammer-64.jpg 465w, https:\/\/www.sindiaboldt.de\/portraits\/wp-content\/uploads\/sites\/5\/2022\/03\/Portrait_Fotograf_Boudoir_Muenchen_Fotoatelier_Hohenkammer-64-200x300.jpg 200w\" sizes=\"auto, (max-width: 465px) 100vw, 465px\" \/>\n\t\t\t<\/div><\/figure>\n\t\t<\/div>\n\n<hr \/>\n<p>&nbsp;<\/p>\n<h2 style=\"text-align: center;\">Gerlinde, 56, Verk\u00e4uferin, <strong>2 Kinder, verheiratet<\/strong><\/h2>\n<p style=\"text-align: center;\">GERLINDE HAT BEREITS VIELE SCHICKSALSSCHL\u00c4GE HINTER SICH, VON DENEN SIE SICH BIS HEUTE NOCH ERHOLT. DAS SHOOTING SOLLTE F\u00dcR SIE DIE M\u00d6GLICHKEIT DARSTELLEN, SICH SELBST AUSSERHALB IHRER ALLT\u00c4GLICHEN LEBENSROLLEN KENNENZULERNEN.<\/p>\n<p style=\"text-align: center;\"><img loading=\"lazy\" decoding=\"async\" class=\"aligncenter wp-image-1044 size-full\" title=\"Gaby Troetschel vorher\" src=\"https:\/\/www.sindiaboldt.de\/portraits\/wp-content\/uploads\/sites\/5\/2022\/03\/Gerlinde-Eckert_vorher.jpg\" alt=\"Gerlinde Eckert vorher\" width=\"392\" height=\"523\" srcset=\"https:\/\/www.sindiaboldt.de\/portraits\/wp-content\/uploads\/sites\/5\/2022\/03\/Gerlinde-Eckert_vorher.jpg 392w, https:\/\/www.sindiaboldt.de\/portraits\/wp-content\/uploads\/sites\/5\/2022\/03\/Gerlinde-Eckert_vorher-225x300.jpg 225w\" sizes=\"auto, (max-width: 392px) 100vw, 392px\" \/><\/p>\n<p style=\"text-align: center;\"><strong>Hier mehr Infos \u00fcber Gerlinde (56, Verk\u00e4uferin, 2 Kinder, verheiratet):<\/strong><\/p>\n<p style=\"text-align: center;\">Gerlinde hat in ihrem Leben viele schwere Schicksalsschl\u00e4ge und H\u00fcrden \u00fcberwinden m\u00fcssen. Sie hat zwei Kinder und ist durch ihre Tochter vor kurzem Oma geworden. Mit ihrem Mann ist sie seit 34 Jahren verheiratet &#8211; kennen tun sich die beiden aber schon seit 40 Jahren. Ihren Werdegang begonnen hat Gerlinde urspr\u00fcnglich im B\u00fcro bei Audi. Nach f\u00fcnf Jahren merkte sie aber, dass sie in einer solch gro\u00dfen Firma einfach keinen wirklichen Anschluss findet und hat ihre Stelle dort aufgegeben. In dieser Zeit ist sie auch das erste Mal schwanger geworden.<\/p>\n<p style=\"text-align: center;\">Aufgrund dessen, dass ihr Mann Berufssoldat ist und auch Auslandseins\u00e4tze vollbringen musste, war eine wirkliche Karriere f\u00fcr sie nie eine echte Option. Der Beruf ihres Mannes war auch der Grund daf\u00fcr, dass die Familie sich eines Tages f\u00fcr 6,5 Jahre nach Holland umsiedeln musste &#8211; ohne ihre Tochter, da diese in ihrem Abiturjahrgang war. Ihre Tochter zur\u00fcckzulassen fiel Gerlinde unglaublich schwer und so kam es, dass sie in den sechs Jahre nur einmal mit ihrer Tochter skypen konnte, was eine gro\u00dfe Tr\u00e4nenflut ausl\u00f6ste.<\/p>\n<p style=\"text-align: center;\">Nach der R\u00fcckkehr nach Deutschland hatte die Familie Schwierigkeiten, wieder Fu\u00df zu fassen und Gerlinde blieb anderthalb Jahre erstmal zuhause. Dann arbeitete sie ein Jahr lang als Backstubenhilfe, bis sie ihren Beruf als Verk\u00e4uferin aufnehmen konnte. Ihr Sohn, der f\u00fcnf Jahre alt war, als sie nach Holland zogen, musste auch erstmal das deutsche Schulsystem kennenlernen.<\/p>\n<p style=\"text-align: center;\"><strong>&#8220;Was war deine Motivation f\u00fcr das Fotoshooting?&#8221;<\/strong><\/p>\n<p style=\"text-align: center;\"><i>&#8220;Ich wollte einfach mal was anderes aus mir rauskitzeln. Nicht die Verk\u00e4uferin, nicht die Mama, nicht die Ehefrau &#8211; einfach mal die Gerlinde. Auch aufgrund der Karriere meines Mannes war ich ja viel mit den Kindern alleine zuhause und da bist du einfach nicht die Frau, die sich schminkt oder sich sch\u00f6n macht.&#8221;<\/i><\/p>\n<p style=\"text-align: center;\"><strong>&#8220;Was ist f\u00fcr dich Sch\u00f6nheit?&#8221;<\/strong><\/p>\n<p style=\"text-align: center;\"><i>&#8220;Das ist wirklich ein Thema. Ich vergleiche mich sehr viel &#8211; das ist nicht gut. Eigentlich wei\u00df ich, mir w\u00fcrden 5 Kilo mehr nicht schaden. Ich bin aber jemand, der sehr empf\u00e4nglich ist f\u00fcr Dinge wie: &#8216;Wow, du bist so schlank. Ich w\u00fcrde auch gern so schlank sein.&#8217; Und das ist so eine Spirale&#8230;Wenn ich was Sch\u00f6nes an mir finden m\u00fcsste, w\u00e4re das einzige meine Beine. Ich finde meine Augenringe ganz furchtbar. Ich finde meine Nase viel zu gro\u00df. Dann habe ich leider eine Skoliose,\u00a0also einen Rundr\u00fccken &#8211; ich versuche, mich nicht\u00a0von der Seite zu zeigen. Ich denke immer mein\u00a0Bauch ist zu gro\u00df &#8211; ich war vier Mal schwanger! Verdammt nochmal, da darfst du einen Bauch haben! Aber ich w\u00fcrde nie etwas Sch\u00f6nes an mir finden und das ist schade.&#8221;\u00a0<\/i><\/p>\n<p style=\"text-align: center;\"><strong>&#8220;Was w\u00fcrdest du in deinem Leben denn gerne noch machen? Gibt es noch Tr\u00e4ume?&#8221;<\/strong><\/p>\n<p style=\"text-align: center;\"><i>&#8220;Hmm&#8230; ich habe meinem Sohn versprochen, dass wir einmal noch nach Amerika fliegen. Das scheitert an mir, weil ich nicht fliegen mag. Ich warte immer noch darauf, dass sie eine Autobahn \u00fcber Sibirien nach Alaska bauen, aber ich glaube, das werde ich in diesem Leben nicht mehr mitbekommen. Aber sonst&#8230; eigentlich nur gesund alt werden. Und meine Enkelkinder miterleben, die ja vielleicht dann noch kommen &#8211; eins ist ja schon da. Sonst habe ich allein schon aufgrund meiner Lebensgeschichte nichts, vor allem keine materiellen Dinge.&#8221;<\/i><\/p>\n<p style=\"text-align: center;\"><strong>Das Ergebnis von Gerlinde&#8217;s Fotoshooting im Fotoatelier Hohenkammer:<\/strong><\/p>\n<div id='gallery-2' class='gallery galleryid-1031 gallery-columns-3 gallery-size-full'><figure class='gallery-item'>\n\t\t\t<div class='gallery-icon portrait'>\n\t\t\t\t<img loading=\"lazy\" decoding=\"async\" width=\"285\" height=\"426\" src=\"https:\/\/www.sindiaboldt.de\/portraits\/wp-content\/uploads\/sites\/5\/2022\/03\/Portrait-Fotoshooting-G.-Fotoatelier-Hohenkammer-Sindia-Boldt-39.jpg\" class=\"attachment-full size-full\" alt=\"Portrait Fotoshooting G. Fotoatelier Hohenkammer Sindia Boldt 39\" srcset=\"https:\/\/www.sindiaboldt.de\/portraits\/wp-content\/uploads\/sites\/5\/2022\/03\/Portrait-Fotoshooting-G.-Fotoatelier-Hohenkammer-Sindia-Boldt-39.jpg 285w, https:\/\/www.sindiaboldt.de\/portraits\/wp-content\/uploads\/sites\/5\/2022\/03\/Portrait-Fotoshooting-G.-Fotoatelier-Hohenkammer-Sindia-Boldt-39-201x300.jpg 201w\" sizes=\"auto, (max-width: 285px) 100vw, 285px\" \/>\n\t\t\t<\/div><\/figure><figure class='gallery-item'>\n\t\t\t<div class='gallery-icon portrait'>\n\t\t\t\t<img loading=\"lazy\" decoding=\"async\" width=\"295\" height=\"443\" src=\"https:\/\/www.sindiaboldt.de\/portraits\/wp-content\/uploads\/sites\/5\/2022\/03\/Portrait-Fotoshooting-G.-Fotoatelier-Hohenkammer-Sindia-Boldt-94.jpg\" class=\"attachment-full size-full\" alt=\"Portrait Fotoshooting G. Fotoatelier Hohenkammer Sindia Boldt 94\" srcset=\"https:\/\/www.sindiaboldt.de\/portraits\/wp-content\/uploads\/sites\/5\/2022\/03\/Portrait-Fotoshooting-G.-Fotoatelier-Hohenkammer-Sindia-Boldt-94.jpg 295w, https:\/\/www.sindiaboldt.de\/portraits\/wp-content\/uploads\/sites\/5\/2022\/03\/Portrait-Fotoshooting-G.-Fotoatelier-Hohenkammer-Sindia-Boldt-94-200x300.jpg 200w\" sizes=\"auto, (max-width: 295px) 100vw, 295px\" \/>\n\t\t\t<\/div><\/figure><figure class='gallery-item'>\n\t\t\t<div class='gallery-icon portrait'>\n\t\t\t\t<img loading=\"lazy\" decoding=\"async\" width=\"345\" height=\"517\" src=\"https:\/\/www.sindiaboldt.de\/portraits\/wp-content\/uploads\/sites\/5\/2022\/03\/Portrait-Fotoshooting-G.-Fotoatelier-Hohenkammer-Sindia-Boldt-144.jpg\" class=\"attachment-full size-full\" alt=\"Portrait Fotoshooting G. Fotoatelier Hohenkammer Sindia Boldt 144\" srcset=\"https:\/\/www.sindiaboldt.de\/portraits\/wp-content\/uploads\/sites\/5\/2022\/03\/Portrait-Fotoshooting-G.-Fotoatelier-Hohenkammer-Sindia-Boldt-144.jpg 345w, https:\/\/www.sindiaboldt.de\/portraits\/wp-content\/uploads\/sites\/5\/2022\/03\/Portrait-Fotoshooting-G.-Fotoatelier-Hohenkammer-Sindia-Boldt-144-200x300.jpg 200w\" sizes=\"auto, (max-width: 345px) 100vw, 345px\" \/>\n\t\t\t<\/div><\/figure>\n\t\t<\/div>\n\n<hr \/>\n<h2><\/h2>\n<h2 style=\"text-align: center;\">Maria, 56, systemische Beraterin \/ Coach f\u00fcr Frauen, <strong>2 Kinder, verheiratet<\/strong><\/h2>\n<p style=\"text-align: center;\"><span style=\"font-weight: 400;\">MARIA BEWARB SICH BEI 40\u00dc40, WEIL SIE DIE VERSCHIEDENEN FACETTEN UND LEBENSERFAHRUNGEN DER TEILNEHMERINNEN BEWUNDERT.<\/span><\/p>\n<p style=\"text-align: center;\"><img loading=\"lazy\" decoding=\"async\" class=\"aligncenter wp-image-1089 size-full\" title=\"Gaby Troetschel vorher\" src=\"https:\/\/www.sindiaboldt.de\/portraits\/wp-content\/uploads\/sites\/5\/2022\/03\/Vorher-Foto-copy.jpg\" alt=\"Vorher Foto copy\" width=\"392\" height=\"523\" srcset=\"https:\/\/www.sindiaboldt.de\/portraits\/wp-content\/uploads\/sites\/5\/2022\/03\/Vorher-Foto-copy.jpg 392w, https:\/\/www.sindiaboldt.de\/portraits\/wp-content\/uploads\/sites\/5\/2022\/03\/Vorher-Foto-copy-225x300.jpg 225w\" sizes=\"auto, (max-width: 392px) 100vw, 392px\" \/><\/p>\n<p style=\"text-align: center;\"><strong>Hier mehr Infos \u00fcber Maria (56, systemische Beraterin \/ Coach f\u00fcr Frauen, 2 Kinder, verheiratet):<\/strong><\/p>\n<p style=\"text-align: center;\"><span style=\"font-weight: 400;\">Maria ist sehr stolz und dankbar daf\u00fcr, wie die Dinge in ihrem Leben gelaufen sind. Sie hat eine Tochter und einen Sohn sowie seit ein paar Monaten eine Enkelin und ist verheiratet. Sie betont sehr, dass sie zufrieden damit ist, dass es sich gelohnt hat, so zu leben, wie sie gelebt hat und dass auch so mancher \u00c4rger und Stress es letztendlich wert waren.\u00a0<\/span><\/p>\n<p style=\"text-align: center;\"><span style=\"font-weight: 400;\">Sie sch\u00e4tzt an Frauen besonders, dass sie eine unglaubliche Hingabe f\u00fcr die verschiedensten Dinge und Personen haben &#8211; beispielsweise die eigene Aufopferung bei der Kindererziehung &#8211; und es trotzdem schaffen, sich dann wieder selbst auf ein eigenes Hobby oder eine andere Sache zu konzentrieren.\u00a0<\/span><\/p>\n<p style=\"text-align: center;\"><span style=\"font-weight: 400;\">Sie selbst hat diese Aufopferung f\u00fcr ihre Kinder auch erlebt&#8230;:<\/span><\/p>\n<p style=\"text-align: center;\"><b>&#8220;Wie war das denn bei dir mit den Kindern, als die klein waren? Wie war da bei dir die berufliche Situation?&#8221;<\/b><\/p>\n<p style=\"text-align: center;\"><i><span style=\"font-weight: 400;\">&#8220;Die war ganz simpel. Bei meiner ersten Tochter konnte ich ein halbes Jahr zuhause bleiben und dann entscheiden, ob ich weiterarbeite oder nicht. Ich hatte das Gl\u00fcck, eine Schwiegermutter zu haben, die dann drei Tage die Woche auf unsere Tochter aufgepasst hat. Die ist dann leider krank geworden und da war das Ganze dann zu Ende. Da muss ich schon sagen, dass das schon schmerzhaft war, weil ich meinen Beruf gerne weitergemacht h\u00e4tte. Aber im Nachhinein muss ich sagen, dass das schon das Richtige war, weil f\u00fcr meine Tochter und dann die ganze Familie zu sorgen, ist schon eine schwere Aufgabe. Aber diese Erkenntnis und Akzeptanz daf\u00fcr zu bekommen, musste ich dabei erstmal lernen.&#8221;<\/span><\/i><\/p>\n<p style=\"text-align: center;\"><b>&#8220;Was war denn deine Motivation f\u00fcr das Fotoshooting? Warum hast du dich gemeldet?&#8221;<\/b><\/p>\n<p style=\"text-align: center;\"><i><span style=\"font-weight: 400;\">&#8220;Weil ich es stark finde, 40 unterschiedlichste Frauen in ihren Rollen, in ihren unterschiedlichsten F\u00e4higkeiten, in ihren Facetten und ihrer Vielfalt zu sehen. Und auch die Lebenserfahrung, die St\u00e4rke. Die hat man mit 20 noch nicht so, wie mit 40.&#8221;<\/span><\/i><\/p>\n<p style=\"text-align: center;\"><b>&#8220;Welche drei Eigenschaften m\u00f6gen andere an dir besonders?&#8221;<\/b><\/p>\n<p style=\"text-align: center;\"><i><span style=\"font-weight: 400;\">&#8220;Mein Mann w\u00fcrde sagen, dass er sich immer auf mich verlassen kann und immer hinter ihm stehe. Dass ich jeden so nehme, wie er ist. Also, dass ich tolerant bin und Menschen mag. Und ich bin auch da, wenn ich gebraucht werde.&#8221;<\/span><\/i><\/p>\n<p style=\"text-align: center;\"><b>&#8220;Was w\u00fcrdest du denn im Leben gerne noch machen? Was steht noch auf deiner To-Do List?&#8221;<\/b><\/p>\n<p style=\"text-align: center;\"><i><span style=\"font-weight: 400;\">&#8220;Ich m\u00f6chte mal eine l\u00e4ngere Wandertour machen &#8211; ein spezieller Weg, der \u00fcber die Alpen geht. Vielleicht auch mit meinem Mann. Ansonsten m\u00f6chte ich mich auch weiterbilden&#8230; das interessiert mich einfach, so im Gesundheitsbereich. Ich bin gerade in dieser geistig-spirituellen Ausbildung und da findet sich bestimmt mal was Neues.&#8221;<\/span><\/i><\/p>\n<p style=\"text-align: center;\"><strong>Das Ergebnis von Maria&#8217;s Fotoshooting im Fotoatelier Hohenkammer:<\/strong><\/p>\n<div id='gallery-3' class='gallery galleryid-1031 gallery-columns-3 gallery-size-full'><figure class='gallery-item'>\n\t\t\t<div class='gallery-icon portrait'>\n\t\t\t\t<img loading=\"lazy\" decoding=\"async\" width=\"497\" height=\"746\" src=\"https:\/\/www.sindiaboldt.de\/portraits\/wp-content\/uploads\/sites\/5\/2022\/03\/Portrait-Fotoshooting-Portraitfotograf-M.-Fotoatelier-Sindia-Boldt-21.jpg\" class=\"attachment-full size-full\" alt=\"Portrait Fotoshooting Portraitfotograf M. Fotoatelier Sindia Boldt 21\" srcset=\"https:\/\/www.sindiaboldt.de\/portraits\/wp-content\/uploads\/sites\/5\/2022\/03\/Portrait-Fotoshooting-Portraitfotograf-M.-Fotoatelier-Sindia-Boldt-21.jpg 497w, https:\/\/www.sindiaboldt.de\/portraits\/wp-content\/uploads\/sites\/5\/2022\/03\/Portrait-Fotoshooting-Portraitfotograf-M.-Fotoatelier-Sindia-Boldt-21-200x300.jpg 200w\" sizes=\"auto, (max-width: 497px) 100vw, 497px\" \/>\n\t\t\t<\/div><\/figure><figure class='gallery-item'>\n\t\t\t<div class='gallery-icon portrait'>\n\t\t\t\t<img loading=\"lazy\" decoding=\"async\" width=\"298\" height=\"448\" src=\"https:\/\/www.sindiaboldt.de\/portraits\/wp-content\/uploads\/sites\/5\/2022\/03\/Portrait-Fotoshooting-Portraitfotograf-M.-Fotoatelier-Sindia-Boldt-31.jpg\" class=\"attachment-full size-full\" alt=\"Portrait Fotoshooting Portraitfotograf M. Fotoatelier Sindia Boldt 31\" srcset=\"https:\/\/www.sindiaboldt.de\/portraits\/wp-content\/uploads\/sites\/5\/2022\/03\/Portrait-Fotoshooting-Portraitfotograf-M.-Fotoatelier-Sindia-Boldt-31.jpg 298w, https:\/\/www.sindiaboldt.de\/portraits\/wp-content\/uploads\/sites\/5\/2022\/03\/Portrait-Fotoshooting-Portraitfotograf-M.-Fotoatelier-Sindia-Boldt-31-200x300.jpg 200w\" sizes=\"auto, (max-width: 298px) 100vw, 298px\" \/>\n\t\t\t<\/div><\/figure><figure class='gallery-item'>\n\t\t\t<div class='gallery-icon portrait'>\n\t\t\t\t<img loading=\"lazy\" decoding=\"async\" width=\"244\" height=\"365\" src=\"https:\/\/www.sindiaboldt.de\/portraits\/wp-content\/uploads\/sites\/5\/2022\/03\/Portrait-Fotoshooting-Portraitfotograf-M.-Fotoatelier-Sindia-Boldt-39.jpg\" class=\"attachment-full size-full\" alt=\"Portrait Fotoshooting Portraitfotograf M. Fotoatelier Sindia Boldt 39\" srcset=\"https:\/\/www.sindiaboldt.de\/portraits\/wp-content\/uploads\/sites\/5\/2022\/03\/Portrait-Fotoshooting-Portraitfotograf-M.-Fotoatelier-Sindia-Boldt-39.jpg 244w, https:\/\/www.sindiaboldt.de\/portraits\/wp-content\/uploads\/sites\/5\/2022\/03\/Portrait-Fotoshooting-Portraitfotograf-M.-Fotoatelier-Sindia-Boldt-39-201x300.jpg 201w\" sizes=\"auto, (max-width: 244px) 100vw, 244px\" \/>\n\t\t\t<\/div><\/figure>\n\t\t<\/div>\n\n<hr \/>\n<h2 style=\"text-align: center;\">Anette, 52, selbstst\u00e4ndige Finanzberaterin, 2 Kinder, alleinzerziehend<\/h2>\n<p style=\"text-align: center;\">ANETTE HAT MIT DER ZEIT BEMERKT, WIE SICH EINIGE IHRER ANSICHTEN IM LAUFE DER JAHRE VER\u00c4NDERT HABEN. WO SIE FR\u00dcHER NOCH MIT SICH SELBST GEHADERT HAT, SIEHT SIE SICH HEUTE POSITIV.<\/p>\n<p style=\"text-align: center;\"><img loading=\"lazy\" decoding=\"async\" class=\"aligncenter wp-image-1052 size-full\" title=\"Gaby Troetschel vorher\" src=\"https:\/\/www.sindiaboldt.de\/portraits\/wp-content\/uploads\/sites\/5\/2022\/03\/AnetteRoettcher_vorher.jpg\" alt=\"AnetteRoettcher vorher\" width=\"278\" height=\"185\" \/><\/p>\n<p style=\"text-align: center;\"><strong>Hier mehr Infos \u00fcber Anette (selbstst\u00e4ndige Finanzberaterin, 52, 2 Kinder):<\/strong><\/p>\n<p style=\"text-align: center;\">Anette arbeitet seit 28 Jahren als selbstst\u00e4ndige Finanzberaterin. Ihr macht der Beruf unglaublich viel Spa\u00df und sie mag es, mit anderen Leuten umzugehen. Sie ist seit 13 Jahren alleinerziehende Mutter von zwei Kindern und w\u00fcrde in ihrer Freizeit eigentlich Standardtanz tanzen oder ins Fitnessstudio gehen. Da diese alle aber geschlossen sind, geht sie mit ihrem Hund zwei bis drei Mal am Tag spazieren.<\/p>\n<p style=\"text-align: center;\">Fr\u00fcher hat Anett viel gemalt &#8211; auch Aquarelle und \u00d6lbilder. Sie hatte einmal einen Lehrer, der meinte, sie m\u00fcsste die Malerei zum Beruf machen. Dass sie das nicht getan hat, bereut sie nicht allzu sehr, hofft aber, sp\u00e4ter Mal wieder mit der Malerei anfangen zu k\u00f6nnen.<\/p>\n<p style=\"text-align: center;\"><strong>&#8220;Gab es in deinem Leben mal eine Situation, in der du gemerkt hast, dass dir das nur passiert, weil du eine\u00a0Frau bist?&#8221;<\/strong><\/p>\n<p style=\"text-align: center;\"><i>&#8220;Schon sehr, sehr lange nicht mehr. Aber als ich j\u00fcnger war, so Anfang 20, habe ich bei der Bank eine Ausbildung gemacht. Da waren nur M\u00e4nner in dem Bereich, ich war die erste Frau, die da dazugekommen ist &#8211; ich hatte mich auch auf eine Stelle beworben, wo ein Mann gesucht war. Bin auch dann tats\u00e4chlich genommen worden, bei der Stelle und habe auch Mal Dienst an der Waffe gehabt, wo dann von den M\u00e4nnern so herabschauend kam: &#8216;Was willst du hier eigentlich?&#8217; und ich habe die alle verschossen. Also ich war besser beim Schie\u00dfen &#8211; die meisten haben nur so gezittert. Und ich habe auch wirklich dahin getroffen, wo ich habe hinzielen sollen. Das w\u00e4re mir als Mann nicht passiert, dass da alle fragen, was ich eigentlich hier will.&#8221;<\/i><\/p>\n<p style=\"text-align: center;\"><strong>&#8220;Gibt es etwas, was du heute an dir total magst, womit du vielleicht vor 20-30 Jahren noch gehadert hast? Und vielleicht umgekehrt?&#8221;<\/strong><\/p>\n<p style=\"text-align: center;\"><i>&#8220;Gehadert habe ich fr\u00fcher immer mit meiner Nase, weil die so gro\u00df war. Ich wei\u00df nicht, ob die jetzt nicht mehr so gro\u00df ist, aber mir kam es so vor. Als Jugendliche dachte ich mir immer, wie f\u00fcrchterlich diese Nase ist.\u00a0Heute denke ich mir, dass es doch gar nicht mal so schlimm ist. Irgendwie hat sich\u00a0meine Ansicht\u00a0ver\u00e4ndert dazu.\u00a0<\/i><\/p>\n<p style=\"text-align: center;\"><i>Was ich fr\u00fcher\u00a0auch nie an mir gemocht habe, ist meine Figur. Die ist\u00a0halt\u00a0nicht perfekt, so wie man eigentlich perfekt sein wollte. Zwischenzeitlich ist mir das komplett egal, da denke ich mir halt: &#8216;Mein Gott, das bin ich halt. So ist das halt.&#8217; und das st\u00f6rt mich gar nicht mehr so, dass das nicht so perfekt ist.<\/i><\/p>\n<p style=\"text-align: center;\"><strong>&#8220;Was ist f\u00fcr dich Sch\u00f6nheit?&#8221;<\/strong><\/p>\n<p style=\"text-align: center;\"><i>&#8220;Eine gute, positive Ausstrahlung. Sch\u00f6ne Augen, sch\u00f6ne Ausstrahlung, freundliches L\u00e4cheln &#8211; ohne Maske. Das ist Sch\u00f6nheit f\u00fcr mich, also eine positive Ausstrahlung. Das haben viele Menschen, viele haben\u00a0sie aber auch einfach nicht. Da k\u00f6nnen sie noch so &#8216;sch\u00f6n&#8217; sein und sind aber doch nicht\u00a0sch\u00f6n. Das habe ich fr\u00fcher nicht so gesehen.&#8221;\u00a0<\/i><\/p>\n<p style=\"text-align: center;\"><strong>&#8220;Gelingt es dir denn heute, dich sch\u00f6n zu f\u00fchlen?&#8221;<\/strong><\/p>\n<p style=\"text-align: center;\"><i>&#8220;Ja&#8230;also &#8216;ich f\u00fchle mich sch\u00f6n&#8217;, das h\u00f6rt sich komisch an f\u00fcr mich. Ich f\u00fchle mich positiv, so w\u00fcrde ich es eher sagen. Ich sehe mich positiv, vom Inneren, vom \u00c4u\u00dferen, so wie ich ausschaue. Ich bin ja jetzt 52, da\u00a0sind andere ja total faltig und haben graue Haare, das habe ich nicht. Finde ich gut.&#8221;<\/i><\/p>\n<p style=\"text-align: center;\"><strong>Das Ergebnis von Anette&#8217;s Fotoshooting im Fotoatelier Hohenkammer:<\/strong><\/p>\n<div id='gallery-4' class='gallery galleryid-1031 gallery-columns-3 gallery-size-full'><figure class='gallery-item'>\n\t\t\t<div class='gallery-icon portrait'>\n\t\t\t\t<img loading=\"lazy\" decoding=\"async\" width=\"449\" height=\"674\" src=\"https:\/\/www.sindiaboldt.de\/portraits\/wp-content\/uploads\/sites\/5\/2022\/03\/Portrait-Fotograf-Fotoshooting-Fotoatelier-Hohenkammer-Sindia-Boldt-1.jpg\" class=\"attachment-full size-full\" alt=\"Portrait Fotograf Fotoshooting Fotoatelier Hohenkammer Sindia Boldt 1\" srcset=\"https:\/\/www.sindiaboldt.de\/portraits\/wp-content\/uploads\/sites\/5\/2022\/03\/Portrait-Fotograf-Fotoshooting-Fotoatelier-Hohenkammer-Sindia-Boldt-1.jpg 449w, https:\/\/www.sindiaboldt.de\/portraits\/wp-content\/uploads\/sites\/5\/2022\/03\/Portrait-Fotograf-Fotoshooting-Fotoatelier-Hohenkammer-Sindia-Boldt-1-200x300.jpg 200w\" sizes=\"auto, (max-width: 449px) 100vw, 449px\" \/>\n\t\t\t<\/div><\/figure><figure class='gallery-item'>\n\t\t\t<div class='gallery-icon portrait'>\n\t\t\t\t<img loading=\"lazy\" decoding=\"async\" width=\"465\" height=\"697\" src=\"https:\/\/www.sindiaboldt.de\/portraits\/wp-content\/uploads\/sites\/5\/2022\/03\/Portrait-Fotograf-Fotoshooting-Fotoatelier-Hohenkammer-Sindia-Boldt-28.jpg\" class=\"attachment-full size-full\" alt=\"Portrait Fotograf Fotoshooting Fotoatelier Hohenkammer Sindia Boldt 28\" srcset=\"https:\/\/www.sindiaboldt.de\/portraits\/wp-content\/uploads\/sites\/5\/2022\/03\/Portrait-Fotograf-Fotoshooting-Fotoatelier-Hohenkammer-Sindia-Boldt-28.jpg 465w, https:\/\/www.sindiaboldt.de\/portraits\/wp-content\/uploads\/sites\/5\/2022\/03\/Portrait-Fotograf-Fotoshooting-Fotoatelier-Hohenkammer-Sindia-Boldt-28-200x300.jpg 200w\" sizes=\"auto, (max-width: 465px) 100vw, 465px\" \/>\n\t\t\t<\/div><\/figure><figure class='gallery-item'>\n\t\t\t<div class='gallery-icon portrait'>\n\t\t\t\t<img loading=\"lazy\" decoding=\"async\" width=\"402\" height=\"604\" src=\"https:\/\/www.sindiaboldt.de\/portraits\/wp-content\/uploads\/sites\/5\/2022\/03\/Portrait-Fotograf-Fotoshooting-Fotoatelier-Hohenkammer-Sindia-Boldt-34.jpg\" class=\"attachment-full size-full\" alt=\"Portrait Fotograf Fotoshooting Fotoatelier Hohenkammer Sindia Boldt 34\" srcset=\"https:\/\/www.sindiaboldt.de\/portraits\/wp-content\/uploads\/sites\/5\/2022\/03\/Portrait-Fotograf-Fotoshooting-Fotoatelier-Hohenkammer-Sindia-Boldt-34.jpg 402w, https:\/\/www.sindiaboldt.de\/portraits\/wp-content\/uploads\/sites\/5\/2022\/03\/Portrait-Fotograf-Fotoshooting-Fotoatelier-Hohenkammer-Sindia-Boldt-34-200x300.jpg 200w\" sizes=\"auto, (max-width: 402px) 100vw, 402px\" \/>\n\t\t\t<\/div><\/figure>\n\t\t<\/div>\n\n<hr \/>\n<h2 style=\"text-align: center;\">Laurence, 50, Eink\u00e4uferin, 2 Kinder, Witwe<\/h2>\n<p style=\"text-align: center;\">LAURENCE LAS DEN AUFRUF ZUM 40\u00dc40-PROJEKT GERADE IN EINER ZEIT, IN DER SICH VIELE DINGE F\u00dcR SIE VER\u00c4NDERTEN. SIE SAH DIE TEILNAHME AM SHOOTING ALS M\u00d6GLICHKEIT, SICH SELBST NEU ZU ENTDECKEN UND UMZUORIENTIEREN.<\/p>\n<p style=\"text-align: center;\"><img loading=\"lazy\" decoding=\"async\" class=\"aligncenter wp-image-1056 size-full\" title=\"Gaby Troetschel vorher\" src=\"https:\/\/www.sindiaboldt.de\/portraits\/wp-content\/uploads\/sites\/5\/2022\/03\/Laurence_oder-anderesSelfie-erfragen.jpg\" alt=\"Laurence oder anderesSelfie erfragen\" width=\"331\" height=\"350\" srcset=\"https:\/\/www.sindiaboldt.de\/portraits\/wp-content\/uploads\/sites\/5\/2022\/03\/Laurence_oder-anderesSelfie-erfragen.jpg 331w, https:\/\/www.sindiaboldt.de\/portraits\/wp-content\/uploads\/sites\/5\/2022\/03\/Laurence_oder-anderesSelfie-erfragen-284x300.jpg 284w\" sizes=\"auto, (max-width: 331px) 100vw, 331px\" \/><\/p>\n<p style=\"text-align: center;\"><strong>Hier mehr Infos \u00fcber Laurence (50, 2 Kinder, verwitwet):<\/strong><\/p>\n<p style=\"text-align: center;\">Laurence ist eine sehr zielstrebige und leidenschaftliche Person. Sie hat mittlerweile zwei erwachsene Kinder und verbringt ihre Freizeit viel mit Fotografie, was laut ihr f\u00fcr ihre Mitmenschen anstrengend sein kann &#8211; wenn sie ein Motiv hat, was sie unbedingt mitnehmen m\u00f6chte, dann muss sie das auch! Neben der Fotografie liest sie gern und l\u00e4uft gerne ihre Runden.<\/p>\n<p style=\"text-align: center;\">Leider hat Laurence vor kurzem ihren Mann verloren und versucht daher, sich selbst wiederzufinden&#8230;<\/p>\n<p style=\"text-align: center;\"><strong>&#8220;Was war deine Motivation, hier beim Shooting mitzumachen?&#8221;<\/strong><\/p>\n<p style=\"text-align: center;\"><i>&#8220;Ich habe es im\u00a0Espresso-Magazin gesehen und mir sofort gedacht: &#8216;Das ist genau\u00a0das, was ich jetzt brauche!&#8217;. Ich bin gerade in einer komplizierten Phase. Ich habe meinen Mann letztes Jahr verloren und wei\u00df beruflich auch nicht, wie lange es unserer Firma noch gut geht und das ist einfach sehr kompliziert derzeit. Und das ist das, was ich gerade brauche, um mich vielleicht neu oder anders zu sehen und mich neu zu orientieren.&#8221;<\/i><\/p>\n<p style=\"text-align: center;\"><strong>&#8220;Was siehst du als Sch\u00f6nheit?&#8221;<\/strong><\/p>\n<p style=\"text-align: center;\"><i>&#8220;Viel&#8230; viel und nichts. Ich finde, es gibt kein perfektes Gesicht, keinen perfekten K\u00f6rper. Das\u00a0kommt auf die Ausstrahlung der Person an. Es kommt nicht auf die perfekten Ma\u00dfe an, egal ob pummelig oder extrem d\u00fcnn, jeder kann Sch\u00f6nheit haben.&#8221;<\/i><\/p>\n<p style=\"text-align: center;\"><strong>&#8220;Findest du dich selber sch\u00f6n?&#8221;<\/strong><\/p>\n<p style=\"text-align: center;\"><i>&#8220;Hmm&#8230;jein. Sagen wir, ich akzeptiere mich, wie ich bin, mit meinen Macken. Es gibt\u00a0Sachen, die ich gerne anders h\u00e4tte, aber ich akzeptiere mich, wie ich bin. Also, ich habe das Gl\u00fcck, ich bin ziemlich gro\u00df, ich bin relativ schlank, aber, ob ich sch\u00f6n bin&#8230;hmmm. Den\u00a0Satz &#8216;Ich bin sch\u00f6n.&#8217; w\u00fcrde ich nicht von mir sagen. Ich wei\u00df, dass ich eine gewisse Ausstrahlung habe, aber ich w\u00fcrde mich nicht als sch\u00f6n bezeichnen.&#8221;<\/i><\/p>\n<p style=\"text-align: center;\"><strong>&#8220;Welche drei Eigenschaften m\u00f6gen denn andere an dir besonders gerne? Was w\u00fcrden denn deine Kinder sagen? Freunde? Arbeitskollegen?&#8221;<\/strong><\/p>\n<p style=\"text-align: center;\"><i>&#8220;Meine Treue, egal ob in der Freundschaft oder sonst wo&#8230; Wenn ich sage, ich will etwas schaffen, dann schaffe ich es. Aber das hat gute und schlechte Seiten&#8230;ich kann auch fast \u00fcber Leichen gehen, auch \u00fcber meine eigene, wenn es sein muss. Und was w\u00fcrden meine Kinder sagen&#8230; Dass ich zu gutm\u00fctig bin. Ich kann \u00fcber Leichen gehen, aber ich lasse mir oft auf die F\u00fc\u00dfe treten.&#8221;\u00a0<\/i><\/p>\n<p style=\"text-align: center;\"><strong>Das Ergebnis von Laurence&#8217;s Fotoshooting im Fotoatelier Hohenkammer:<\/strong><\/p>\n<div id='gallery-5' class='gallery galleryid-1031 gallery-columns-3 gallery-size-full'><figure class='gallery-item'>\n\t\t\t<div class='gallery-icon portrait'>\n\t\t\t\t<img loading=\"lazy\" decoding=\"async\" width=\"465\" height=\"697\" src=\"https:\/\/www.sindiaboldt.de\/portraits\/wp-content\/uploads\/sites\/5\/2022\/03\/Portrait-L.-Fotograf-Boudoir-Fotoshooting-Ingolstadt-Fotoatelier-Sindia-Boldt-4.jpg\" class=\"attachment-full size-full\" alt=\"Portrait L. Fotograf Boudoir Fotoshooting Ingolstadt Fotoatelier Sindia Boldt 4\" srcset=\"https:\/\/www.sindiaboldt.de\/portraits\/wp-content\/uploads\/sites\/5\/2022\/03\/Portrait-L.-Fotograf-Boudoir-Fotoshooting-Ingolstadt-Fotoatelier-Sindia-Boldt-4.jpg 465w, https:\/\/www.sindiaboldt.de\/portraits\/wp-content\/uploads\/sites\/5\/2022\/03\/Portrait-L.-Fotograf-Boudoir-Fotoshooting-Ingolstadt-Fotoatelier-Sindia-Boldt-4-200x300.jpg 200w\" sizes=\"auto, (max-width: 465px) 100vw, 465px\" \/>\n\t\t\t<\/div><\/figure><figure class='gallery-item'>\n\t\t\t<div class='gallery-icon portrait'>\n\t\t\t\t<img loading=\"lazy\" decoding=\"async\" width=\"509\" height=\"763\" src=\"https:\/\/www.sindiaboldt.de\/portraits\/wp-content\/uploads\/sites\/5\/2022\/03\/Portrait-L.-Fotograf-Boudoir-Fotoshooting-Ingolstadt-Fotoatelier-Sindia-Boldt-72.jpg\" class=\"attachment-full size-full\" alt=\"Portrait L. Fotograf Boudoir Fotoshooting Ingolstadt Fotoatelier Sindia Boldt 72\" srcset=\"https:\/\/www.sindiaboldt.de\/portraits\/wp-content\/uploads\/sites\/5\/2022\/03\/Portrait-L.-Fotograf-Boudoir-Fotoshooting-Ingolstadt-Fotoatelier-Sindia-Boldt-72.jpg 509w, https:\/\/www.sindiaboldt.de\/portraits\/wp-content\/uploads\/sites\/5\/2022\/03\/Portrait-L.-Fotograf-Boudoir-Fotoshooting-Ingolstadt-Fotoatelier-Sindia-Boldt-72-200x300.jpg 200w\" sizes=\"auto, (max-width: 509px) 100vw, 509px\" \/>\n\t\t\t<\/div><\/figure><figure class='gallery-item'>\n\t\t\t<div class='gallery-icon portrait'>\n\t\t\t\t<img loading=\"lazy\" decoding=\"async\" width=\"523\" height=\"784\" src=\"https:\/\/www.sindiaboldt.de\/portraits\/wp-content\/uploads\/sites\/5\/2022\/03\/Portrait-L.-Fotograf-Boudoir-Fotoshooting-Ingolstadt-Fotoatelier-Sindia-Boldt-125.jpg\" class=\"attachment-full size-full\" alt=\"Portrait L. Fotograf Boudoir Fotoshooting Ingolstadt Fotoatelier Sindia Boldt 125\" srcset=\"https:\/\/www.sindiaboldt.de\/portraits\/wp-content\/uploads\/sites\/5\/2022\/03\/Portrait-L.-Fotograf-Boudoir-Fotoshooting-Ingolstadt-Fotoatelier-Sindia-Boldt-125.jpg 523w, https:\/\/www.sindiaboldt.de\/portraits\/wp-content\/uploads\/sites\/5\/2022\/03\/Portrait-L.-Fotograf-Boudoir-Fotoshooting-Ingolstadt-Fotoatelier-Sindia-Boldt-125-200x300.jpg 200w\" sizes=\"auto, (max-width: 523px) 100vw, 523px\" \/>\n\t\t\t<\/div><\/figure>\n\t\t<\/div>\n\n<p style=\"text-align: center;\">\n","protected":false},"excerpt":{"rendered":"<p>40 Frauen \u00fcber 40 &#8211; Das Fotoprojekt &#8211; Teil 4: &nbsp; Kirsten \/\/ Gerlinde \/\/ Maria \/\/ Anette \/\/ Laurence &#8211; Hier stellen wir Euch die Teilnehmerinnen unseres wundervollen Fotoprojekts 40 Frauen \u00fcber 40 etwas n\u00e4her vor. In diesem Teil: Kirsten, 60, Unternehmerin, 3 Kinder, verheiratet in 2. Ehe Gerlinde, 56, Verk\u00e4uferin, 2 Kinder, verheiratet [&hellip;]<\/p>\n","protected":false},"author":1,"featured_media":1059,"comment_status":"open","ping_status":"open","sticky":false,"template":"","format":"standard","meta":{"footnotes":""},"categories":[1],"tags":[],"class_list":{"0":"post-1031","1":"post","2":"type-post","3":"status-publish","4":"format-standard","5":"has-post-thumbnail","7":"category-allgemein"},"yoast_head":"<!-- This site is optimized with the Yoast SEO plugin v26.8 - https:\/\/yoast.com\/product\/yoast-seo-wordpress\/ -->\n<title>40\u00fc40-Teil 4<\/title>\n<meta name=\"robots\" content=\"index, follow, max-snippet:-1, max-image-preview:large, max-video-preview:-1\" \/>\n<link rel=\"canonical\" href=\"https:\/\/www.sindiaboldt.de\/portraits\/40ue40-teil-4\/\" \/>\n<meta property=\"og:locale\" content=\"de_DE\" \/>\n<meta property=\"og:type\" content=\"article\" \/>\n<meta property=\"og:title\" content=\"40\u00fc40-Teil 4\" \/>\n<meta property=\"og:description\" content=\"40 Frauen \u00fcber 40 &#8211; Das Fotoprojekt &#8211; Teil 4: &nbsp; Kirsten \/\/ Gerlinde \/\/ Maria \/\/ Anette \/\/ Laurence &#8211; Hier stellen wir Euch die Teilnehmerinnen unseres wundervollen Fotoprojekts 40 Frauen \u00fcber 40 etwas n\u00e4her vor. In diesem Teil: Kirsten, 60, Unternehmerin, 3 Kinder, verheiratet in 2. Ehe Gerlinde, 56, Verk\u00e4uferin, 2 Kinder, verheiratet [&hellip;]\" \/>\n<meta property=\"og:url\" content=\"https:\/\/www.sindiaboldt.de\/portraits\/40ue40-teil-4\/\" \/>\n<meta property=\"og:site_name\" content=\"Portraits\" \/>\n<meta property=\"article:published_time\" content=\"2022-04-19T15:33:00+00:00\" \/>\n<meta property=\"article:modified_time\" content=\"2022-05-14T13:43:41+00:00\" \/>\n<meta property=\"og:image\" content=\"https:\/\/www.sindiaboldt.de\/portraits\/wp-content\/uploads\/sites\/5\/2022\/03\/Portrait-L.-Fotograf-Boudoir-Fotoshooting-Ingolstadt-Fotoatelier-Sindia-Boldt-125.jpg\" \/>\n\t<meta property=\"og:image:width\" content=\"523\" \/>\n\t<meta property=\"og:image:height\" content=\"784\" \/>\n\t<meta property=\"og:image:type\" content=\"image\/jpeg\" \/>\n<meta name=\"author\" content=\"sindia\" \/>\n<meta name=\"twitter:card\" content=\"summary_large_image\" \/>\n<meta name=\"twitter:label1\" content=\"Verfasst von\" \/>\n\t<meta name=\"twitter:data1\" content=\"sindia\" \/>\n\t<meta name=\"twitter:label2\" content=\"Gesch\u00e4tzte Lesezeit\" \/>\n\t<meta name=\"twitter:data2\" content=\"17\u00a0Minuten\" \/>\n<script type=\"application\/ld+json\" class=\"yoast-schema-graph\">{\"@context\":\"https:\/\/schema.org\",\"@graph\":[{\"@type\":\"Article\",\"@id\":\"https:\/\/www.sindiaboldt.de\/portraits\/40ue40-teil-4\/#article\",\"isPartOf\":{\"@id\":\"https:\/\/www.sindiaboldt.de\/portraits\/40ue40-teil-4\/\"},\"author\":{\"name\":\"sindia\",\"@id\":\"https:\/\/www.sindiaboldt.de\/portraits\/#\/schema\/person\/13668cbe0f52c57a9402a6032226e58e\"},\"headline\":\"40\u00fc40-Teil 4\",\"datePublished\":\"2022-04-19T15:33:00+00:00\",\"dateModified\":\"2022-05-14T13:43:41+00:00\",\"mainEntityOfPage\":{\"@id\":\"https:\/\/www.sindiaboldt.de\/portraits\/40ue40-teil-4\/\"},\"wordCount\":2814,\"commentCount\":0,\"image\":{\"@id\":\"https:\/\/www.sindiaboldt.de\/portraits\/40ue40-teil-4\/#primaryimage\"},\"thumbnailUrl\":\"https:\/\/www.sindiaboldt.de\/portraits\/wp-content\/uploads\/sites\/5\/2022\/03\/Portrait-L.-Fotograf-Boudoir-Fotoshooting-Ingolstadt-Fotoatelier-Sindia-Boldt-125.jpg\",\"inLanguage\":\"de\",\"potentialAction\":[{\"@type\":\"CommentAction\",\"name\":\"Comment\",\"target\":[\"https:\/\/www.sindiaboldt.de\/portraits\/40ue40-teil-4\/#respond\"]}]},{\"@type\":\"WebPage\",\"@id\":\"https:\/\/www.sindiaboldt.de\/portraits\/40ue40-teil-4\/\",\"url\":\"https:\/\/www.sindiaboldt.de\/portraits\/40ue40-teil-4\/\",\"name\":\"40\u00fc40-Teil 4\",\"isPartOf\":{\"@id\":\"https:\/\/www.sindiaboldt.de\/portraits\/#website\"},\"primaryImageOfPage\":{\"@id\":\"https:\/\/www.sindiaboldt.de\/portraits\/40ue40-teil-4\/#primaryimage\"},\"image\":{\"@id\":\"https:\/\/www.sindiaboldt.de\/portraits\/40ue40-teil-4\/#primaryimage\"},\"thumbnailUrl\":\"https:\/\/www.sindiaboldt.de\/portraits\/wp-content\/uploads\/sites\/5\/2022\/03\/Portrait-L.-Fotograf-Boudoir-Fotoshooting-Ingolstadt-Fotoatelier-Sindia-Boldt-125.jpg\",\"datePublished\":\"2022-04-19T15:33:00+00:00\",\"dateModified\":\"2022-05-14T13:43:41+00:00\",\"author\":{\"@id\":\"https:\/\/www.sindiaboldt.de\/portraits\/#\/schema\/person\/13668cbe0f52c57a9402a6032226e58e\"},\"breadcrumb\":{\"@id\":\"https:\/\/www.sindiaboldt.de\/portraits\/40ue40-teil-4\/#breadcrumb\"},\"inLanguage\":\"de\",\"potentialAction\":[{\"@type\":\"ReadAction\",\"target\":[\"https:\/\/www.sindiaboldt.de\/portraits\/40ue40-teil-4\/\"]}]},{\"@type\":\"ImageObject\",\"inLanguage\":\"de\",\"@id\":\"https:\/\/www.sindiaboldt.de\/portraits\/40ue40-teil-4\/#primaryimage\",\"url\":\"https:\/\/www.sindiaboldt.de\/portraits\/wp-content\/uploads\/sites\/5\/2022\/03\/Portrait-L.-Fotograf-Boudoir-Fotoshooting-Ingolstadt-Fotoatelier-Sindia-Boldt-125.jpg\",\"contentUrl\":\"https:\/\/www.sindiaboldt.de\/portraits\/wp-content\/uploads\/sites\/5\/2022\/03\/Portrait-L.-Fotograf-Boudoir-Fotoshooting-Ingolstadt-Fotoatelier-Sindia-Boldt-125.jpg\",\"width\":523,\"height\":784,\"caption\":\"Portrait L. Fotograf Boudoir Fotoshooting Ingolstadt Fotoatelier Sindia Boldt 125\"},{\"@type\":\"BreadcrumbList\",\"@id\":\"https:\/\/www.sindiaboldt.de\/portraits\/40ue40-teil-4\/#breadcrumb\",\"itemListElement\":[{\"@type\":\"ListItem\",\"position\":1,\"name\":\"Home\",\"item\":\"https:\/\/www.sindiaboldt.de\/portraits\/\"},{\"@type\":\"ListItem\",\"position\":2,\"name\":\"40\u00fc40-Teil 4\"}]},{\"@type\":\"WebSite\",\"@id\":\"https:\/\/www.sindiaboldt.de\/portraits\/#website\",\"url\":\"https:\/\/www.sindiaboldt.de\/portraits\/\",\"name\":\"Portraits\",\"description\":\"Eine weitere Sindia Boldt Photography Website\",\"potentialAction\":[{\"@type\":\"SearchAction\",\"target\":{\"@type\":\"EntryPoint\",\"urlTemplate\":\"https:\/\/www.sindiaboldt.de\/portraits\/?s={search_term_string}\"},\"query-input\":{\"@type\":\"PropertyValueSpecification\",\"valueRequired\":true,\"valueName\":\"search_term_string\"}}],\"inLanguage\":\"de\"},{\"@type\":\"Person\",\"@id\":\"https:\/\/www.sindiaboldt.de\/portraits\/#\/schema\/person\/13668cbe0f52c57a9402a6032226e58e\",\"name\":\"sindia\",\"image\":{\"@type\":\"ImageObject\",\"inLanguage\":\"de\",\"@id\":\"https:\/\/www.sindiaboldt.de\/portraits\/#\/schema\/person\/image\/\",\"url\":\"https:\/\/secure.gravatar.com\/avatar\/634be3b6facbe9cb0465d21b14b4dacd?s=96&d=mm&r=g\",\"contentUrl\":\"https:\/\/secure.gravatar.com\/avatar\/634be3b6facbe9cb0465d21b14b4dacd?s=96&d=mm&r=g\",\"caption\":\"sindia\"}}]}<\/script>\n<!-- \/ Yoast SEO plugin. -->","yoast_head_json":{"title":"40\u00fc40-Teil 4","robots":{"index":"index","follow":"follow","max-snippet":"max-snippet:-1","max-image-preview":"max-image-preview:large","max-video-preview":"max-video-preview:-1"},"canonical":"https:\/\/www.sindiaboldt.de\/portraits\/40ue40-teil-4\/","og_locale":"de_DE","og_type":"article","og_title":"40\u00fc40-Teil 4","og_description":"40 Frauen \u00fcber 40 &#8211; Das Fotoprojekt &#8211; Teil 4: &nbsp; Kirsten \/\/ Gerlinde \/\/ Maria \/\/ Anette \/\/ Laurence &#8211; Hier stellen wir Euch die Teilnehmerinnen unseres wundervollen Fotoprojekts 40 Frauen \u00fcber 40 etwas n\u00e4her vor. In diesem Teil: Kirsten, 60, Unternehmerin, 3 Kinder, verheiratet in 2. Ehe Gerlinde, 56, Verk\u00e4uferin, 2 Kinder, verheiratet [&hellip;]","og_url":"https:\/\/www.sindiaboldt.de\/portraits\/40ue40-teil-4\/","og_site_name":"Portraits","article_published_time":"2022-04-19T15:33:00+00:00","article_modified_time":"2022-05-14T13:43:41+00:00","og_image":[{"width":523,"height":784,"url":"https:\/\/www.sindiaboldt.de\/portraits\/wp-content\/uploads\/sites\/5\/2022\/03\/Portrait-L.-Fotograf-Boudoir-Fotoshooting-Ingolstadt-Fotoatelier-Sindia-Boldt-125.jpg","type":"image\/jpeg"}],"author":"sindia","twitter_card":"summary_large_image","twitter_misc":{"Verfasst von":"sindia","Gesch\u00e4tzte Lesezeit":"17\u00a0Minuten"},"schema":{"@context":"https:\/\/schema.org","@graph":[{"@type":"Article","@id":"https:\/\/www.sindiaboldt.de\/portraits\/40ue40-teil-4\/#article","isPartOf":{"@id":"https:\/\/www.sindiaboldt.de\/portraits\/40ue40-teil-4\/"},"author":{"name":"sindia","@id":"https:\/\/www.sindiaboldt.de\/portraits\/#\/schema\/person\/13668cbe0f52c57a9402a6032226e58e"},"headline":"40\u00fc40-Teil 4","datePublished":"2022-04-19T15:33:00+00:00","dateModified":"2022-05-14T13:43:41+00:00","mainEntityOfPage":{"@id":"https:\/\/www.sindiaboldt.de\/portraits\/40ue40-teil-4\/"},"wordCount":2814,"commentCount":0,"image":{"@id":"https:\/\/www.sindiaboldt.de\/portraits\/40ue40-teil-4\/#primaryimage"},"thumbnailUrl":"https:\/\/www.sindiaboldt.de\/portraits\/wp-content\/uploads\/sites\/5\/2022\/03\/Portrait-L.-Fotograf-Boudoir-Fotoshooting-Ingolstadt-Fotoatelier-Sindia-Boldt-125.jpg","inLanguage":"de","potentialAction":[{"@type":"CommentAction","name":"Comment","target":["https:\/\/www.sindiaboldt.de\/portraits\/40ue40-teil-4\/#respond"]}]},{"@type":"WebPage","@id":"https:\/\/www.sindiaboldt.de\/portraits\/40ue40-teil-4\/","url":"https:\/\/www.sindiaboldt.de\/portraits\/40ue40-teil-4\/","name":"40\u00fc40-Teil 4","isPartOf":{"@id":"https:\/\/www.sindiaboldt.de\/portraits\/#website"},"primaryImageOfPage":{"@id":"https:\/\/www.sindiaboldt.de\/portraits\/40ue40-teil-4\/#primaryimage"},"image":{"@id":"https:\/\/www.sindiaboldt.de\/portraits\/40ue40-teil-4\/#primaryimage"},"thumbnailUrl":"https:\/\/www.sindiaboldt.de\/portraits\/wp-content\/uploads\/sites\/5\/2022\/03\/Portrait-L.-Fotograf-Boudoir-Fotoshooting-Ingolstadt-Fotoatelier-Sindia-Boldt-125.jpg","datePublished":"2022-04-19T15:33:00+00:00","dateModified":"2022-05-14T13:43:41+00:00","author":{"@id":"https:\/\/www.sindiaboldt.de\/portraits\/#\/schema\/person\/13668cbe0f52c57a9402a6032226e58e"},"breadcrumb":{"@id":"https:\/\/www.sindiaboldt.de\/portraits\/40ue40-teil-4\/#breadcrumb"},"inLanguage":"de","potentialAction":[{"@type":"ReadAction","target":["https:\/\/www.sindiaboldt.de\/portraits\/40ue40-teil-4\/"]}]},{"@type":"ImageObject","inLanguage":"de","@id":"https:\/\/www.sindiaboldt.de\/portraits\/40ue40-teil-4\/#primaryimage","url":"https:\/\/www.sindiaboldt.de\/portraits\/wp-content\/uploads\/sites\/5\/2022\/03\/Portrait-L.-Fotograf-Boudoir-Fotoshooting-Ingolstadt-Fotoatelier-Sindia-Boldt-125.jpg","contentUrl":"https:\/\/www.sindiaboldt.de\/portraits\/wp-content\/uploads\/sites\/5\/2022\/03\/Portrait-L.-Fotograf-Boudoir-Fotoshooting-Ingolstadt-Fotoatelier-Sindia-Boldt-125.jpg","width":523,"height":784,"caption":"Portrait L. Fotograf Boudoir Fotoshooting Ingolstadt Fotoatelier Sindia Boldt 125"},{"@type":"BreadcrumbList","@id":"https:\/\/www.sindiaboldt.de\/portraits\/40ue40-teil-4\/#breadcrumb","itemListElement":[{"@type":"ListItem","position":1,"name":"Home","item":"https:\/\/www.sindiaboldt.de\/portraits\/"},{"@type":"ListItem","position":2,"name":"40\u00fc40-Teil 4"}]},{"@type":"WebSite","@id":"https:\/\/www.sindiaboldt.de\/portraits\/#website","url":"https:\/\/www.sindiaboldt.de\/portraits\/","name":"Portraits","description":"Eine weitere Sindia Boldt Photography Website","potentialAction":[{"@type":"SearchAction","target":{"@type":"EntryPoint","urlTemplate":"https:\/\/www.sindiaboldt.de\/portraits\/?s={search_term_string}"},"query-input":{"@type":"PropertyValueSpecification","valueRequired":true,"valueName":"search_term_string"}}],"inLanguage":"de"},{"@type":"Person","@id":"https:\/\/www.sindiaboldt.de\/portraits\/#\/schema\/person\/13668cbe0f52c57a9402a6032226e58e","name":"sindia","image":{"@type":"ImageObject","inLanguage":"de","@id":"https:\/\/www.sindiaboldt.de\/portraits\/#\/schema\/person\/image\/","url":"https:\/\/secure.gravatar.com\/avatar\/634be3b6facbe9cb0465d21b14b4dacd?s=96&d=mm&r=g","contentUrl":"https:\/\/secure.gravatar.com\/avatar\/634be3b6facbe9cb0465d21b14b4dacd?s=96&d=mm&r=g","caption":"sindia"}}]}},"_links":{"self":[{"href":"https:\/\/www.sindiaboldt.de\/portraits\/wp-json\/wp\/v2\/posts\/1031","targetHints":{"allow":["GET"]}}],"collection":[{"href":"https:\/\/www.sindiaboldt.de\/portraits\/wp-json\/wp\/v2\/posts"}],"about":[{"href":"https:\/\/www.sindiaboldt.de\/portraits\/wp-json\/wp\/v2\/types\/post"}],"author":[{"embeddable":true,"href":"https:\/\/www.sindiaboldt.de\/portraits\/wp-json\/wp\/v2\/users\/1"}],"replies":[{"embeddable":true,"href":"https:\/\/www.sindiaboldt.de\/portraits\/wp-json\/wp\/v2\/comments?post=1031"}],"version-history":[{"count":0,"href":"https:\/\/www.sindiaboldt.de\/portraits\/wp-json\/wp\/v2\/posts\/1031\/revisions"}],"wp:featuredmedia":[{"embeddable":true,"href":"https:\/\/www.sindiaboldt.de\/portraits\/wp-json\/wp\/v2\/media\/1059"}],"wp:attachment":[{"href":"https:\/\/www.sindiaboldt.de\/portraits\/wp-json\/wp\/v2\/media?parent=1031"}],"wp:term":[{"taxonomy":"category","embeddable":true,"href":"https:\/\/www.sindiaboldt.de\/portraits\/wp-json\/wp\/v2\/categories?post=1031"},{"taxonomy":"post_tag","embeddable":true,"href":"https:\/\/www.sindiaboldt.de\/portraits\/wp-json\/wp\/v2\/tags?post=1031"}],"curies":[{"name":"wp","href":"https:\/\/api.w.org\/{rel}","templated":true}]}}