{"id":1129,"date":"2022-04-20T10:49:07","date_gmt":"2022-04-20T08:49:07","guid":{"rendered":"https:\/\/www.sindiaboldt.de\/portraits\/?p=1129"},"modified":"2022-05-21T12:03:41","modified_gmt":"2022-05-21T10:03:41","slug":"40ue40-teil-6","status":"publish","type":"post","link":"https:\/\/www.sindiaboldt.de\/portraits\/40ue40-teil-6\/","title":{"rendered":"40\u00fc40-Teil 6"},"content":{"rendered":"<h1 style=\"text-align: center;\">40 Frauen \u00fcber 40 &#8211; Das Fotoprojekt &#8211; Teil 6:<\/h1>\n<p><img loading=\"lazy\" decoding=\"async\" class=\"aligncenter size-full wp-image-627\" title=\"Portraits Studio Sindia Boldt Photography Mu\u0308nchen 44 750x500 1\" src=\"https:\/\/www.sindiaboldt.de\/portraits\/wp-content\/uploads\/sites\/5\/2021\/09\/Portraits-Studio-Sindia-Boldt-Photography-Mu\u0308nchen-44-750x500-1.jpg\" alt=\"Portraits Studio Sindia Boldt Photography Mu\u0308nchen 44 750x500 1\" width=\"750\" height=\"500\" srcset=\"https:\/\/www.sindiaboldt.de\/portraits\/wp-content\/uploads\/sites\/5\/2021\/09\/Portraits-Studio-Sindia-Boldt-Photography-Mu\u0308nchen-44-750x500-1.jpg 750w, https:\/\/www.sindiaboldt.de\/portraits\/wp-content\/uploads\/sites\/5\/2021\/09\/Portraits-Studio-Sindia-Boldt-Photography-Mu\u0308nchen-44-750x500-1-300x200.jpg 300w\" sizes=\"auto, (max-width: 750px) 100vw, 750px\" \/><\/p>\n<p>&nbsp;<\/p>\n<p style=\"text-align: center;\"><span data-sheets-formula-bar-text-style=\"font-size:13px;color:#000000;font-weight:normal;text-decoration:none;font-family:'Arial';font-style:normal;text-decoration-skip-ink:none;\">Jaana \/\/ Susanne \/\/ Verena \/\/ Britta \/\/ Nina<\/span><\/p>\n<p style=\"text-align: center;\">Hier stellen wir Euch die Teilnehmerinnen unseres wundervollen <a href=\"https:\/\/www.sindiaboldt.de\/portraits\/40-ueber-40\/\">Fotoprojekts 40 Frauen \u00fcber 40<\/a> etwas n\u00e4her vor. In diesem Teil:<\/p>\n<h3 style=\"text-align: center;\">Jaana, 51, fr\u00fcher Flugbegleiterin, Sprecherin, Darstellerin, verheiratet<\/h3>\n<h3 style=\"text-align: center;\">Susanne, 48, Psychologin, 1 Tochter, verheiratet<\/h3>\n<h3 style=\"text-align: center;\">Verena, 44 Jahre, Diplompsychologin\/ Coach &amp; Trainerin, verheiratet<\/h3>\n<h3 style=\"text-align: center;\">Britta, 48, <span data-sheets-value=\"{&quot;1&quot;:2,&quot;2&quot;:&quot;Goldschmiedin, Yogalehrerin, K\u00fcnstlerin&quot;}\" data-sheets-userformat=\"{&quot;2&quot;:833,&quot;3&quot;:{&quot;1&quot;:0},&quot;9&quot;:0,&quot;11&quot;:4,&quot;12&quot;:0}\">Goldschmiedin \/ Yogalehrerin, verheiratet, 2 S\u00f6hne<\/span><\/h3>\n<h3 style=\"text-align: center;\">Nina, 46, Kosmetikerin, verheiratet, 2 S\u00f6hne<\/h3>\n<hr \/>\n<h2 style=\"text-align: center;\">Jaana, 51, fr\u00fcher Flugbegleiterin, Sprecherin, Darstellerin, verheiratet<\/h2>\n<p style=\"text-align: center;\">ALS EHEMALIGE FLUGBEGLEITERIN IST JAANA IN IHREM LEBEN SCHON VIEL RUM GEKOMMEN. ALS ZWEITE KARRIERE SPRECHERIN &amp; DARSTELLERIN LEBT SIE IHRE KREATIVE ADER AUS. SEIT KURZEM IST SIE AUCH ALS T-SHIRT DESIGNERIN (SEABLUB) T\u00c4TIG. WAS F\u00dcR EINE VIELSEITIGE FRAU!<\/p>\n<p><img loading=\"lazy\" decoding=\"async\" class=\"aligncenter size-full wp-image-1285\" title=\"Jaana vorher\" src=\"https:\/\/www.sindiaboldt.de\/portraits\/wp-content\/uploads\/sites\/5\/2022\/04\/Jaana_vorher.jpg\" alt=\"Jaana vorher\" width=\"678\" height=\"1016\" srcset=\"https:\/\/www.sindiaboldt.de\/portraits\/wp-content\/uploads\/sites\/5\/2022\/04\/Jaana_vorher.jpg 678w, https:\/\/www.sindiaboldt.de\/portraits\/wp-content\/uploads\/sites\/5\/2022\/04\/Jaana_vorher-200x300.jpg 200w\" sizes=\"auto, (max-width: 678px) 100vw, 678px\" \/><\/p>\n<p style=\"text-align: center;\"><strong>Hier mehr Infos \u00fcber Jaana (51, fr\u00fcher Flugbegleiterin, Sprecherin, Darstellerin, verheiratet):<\/strong><\/p>\n<p style=\"text-align: center;\"><strong>Was ist f\u00fcr Dich das Beste am \u00c4lter werden bzw. an Deinem aktuellen Alter?<\/strong><\/p>\n<p style=\"text-align: center;\"><em>&#8220;Mehr Zeit zum Kochen, Spazierengehen und f\u00fcr Kreatives! Mehr Ruhe und das gute Gef\u00fchl, die wichtigsten Tr\u00e4ume im Leben verwirklicht zu haben.&#8221;<\/em><\/p>\n<p style=\"text-align: center;\"><strong>Was bedeutet f\u00fcr Dich Sch\u00f6nheit?<\/strong><\/p>\n<p style=\"text-align: center;\"><em>&#8220;Sch\u00f6nheit kommt von Innen: F\u00fcr mich ist Sch\u00f6nheit verbunden mit einem Herz auf der Zunge, Ausstrahlung, Charakter und Charme.&#8221;<\/em><\/p>\n<p style=\"text-align: center;\"><strong>Auf welche Errungenschaft oder welche Entscheidung in Deinem Leben bist Du besonders stolz?\u00a0<\/strong><\/p>\n<p style=\"text-align: center;\"><em>&#8220;Ich habe es geschafft, meine Hobbies zum Beruf zu machen, habe fantastische Freundinnen und einen Mann, der mein Seelenverwandter ist.&#8221;<\/em><\/p>\n<p style=\"text-align: center;\"><strong>Und was w\u00fcrdest du deinem ICH mit 25 gerne sagen?<\/strong><\/p>\n<p style=\"text-align: center;\"><em>&#8220;Mache alles genauso&#8230; bis auf die Finanzen: Viel fr\u00fcher Geld anlegen!&#8221;<\/em><\/p>\n<p style=\"text-align: center;\"><strong>Was m\u00f6gen andere an Dir besonders und warum (sowohl \u00c4u\u00dferes als auch als Person) ?<\/strong><\/p>\n<p style=\"text-align: center;\"><em>&#8220;Ich glaube mein echtes Interesse an ihrem Leben und mein gro\u00dfes Herz. \u00c4u\u00dferes: Mein Lachen und meine Haare.&#8221;<\/em><\/p>\n<p style=\"text-align: center;\"><strong>Findest Du Dich sch\u00f6n?<\/strong><\/p>\n<p style=\"text-align: center;\"><em>&#8220;Ja, wenn ich gl\u00fccklich aussehe. Trauer steht mir nicht so gut.&#8221;<\/em><\/p>\n<p>&nbsp;<\/p>\n<p style=\"text-align: center;\"><strong>Das Ergebnis von Jaanas Fotoshooting im Fotoatelier Hohenkammer:<\/strong><\/p>\n<p>&nbsp;<\/p>\n<div id='gallery-1' class='gallery galleryid-1129 gallery-columns-3 gallery-size-full'><figure class='gallery-item'>\n\t\t\t<div class='gallery-icon portrait'>\n\t\t\t\t<img loading=\"lazy\" decoding=\"async\" width=\"478\" height=\"716\" src=\"https:\/\/www.sindiaboldt.de\/portraits\/wp-content\/uploads\/sites\/5\/2022\/04\/GlamourPortraits_Mu\u0308nchen_SindiaBoldtPhotography-76.jpg\" class=\"attachment-full size-full\" alt=\"GlamourPortraits Mu\u0308nchen SindiaBoldtPhotography 76\" srcset=\"https:\/\/www.sindiaboldt.de\/portraits\/wp-content\/uploads\/sites\/5\/2022\/04\/GlamourPortraits_Mu\u0308nchen_SindiaBoldtPhotography-76.jpg 478w, https:\/\/www.sindiaboldt.de\/portraits\/wp-content\/uploads\/sites\/5\/2022\/04\/GlamourPortraits_Mu\u0308nchen_SindiaBoldtPhotography-76-200x300.jpg 200w\" sizes=\"auto, (max-width: 478px) 100vw, 478px\" \/>\n\t\t\t<\/div><\/figure><figure class='gallery-item'>\n\t\t\t<div class='gallery-icon portrait'>\n\t\t\t\t<img loading=\"lazy\" decoding=\"async\" width=\"581\" height=\"871\" src=\"https:\/\/www.sindiaboldt.de\/portraits\/wp-content\/uploads\/sites\/5\/2022\/04\/GlamourPortraits_Mu\u0308nchen_SindiaBoldtPhotography-5.jpg\" class=\"attachment-full size-full\" alt=\"GlamourPortraits Mu\u0308nchen SindiaBoldtPhotography 5\" srcset=\"https:\/\/www.sindiaboldt.de\/portraits\/wp-content\/uploads\/sites\/5\/2022\/04\/GlamourPortraits_Mu\u0308nchen_SindiaBoldtPhotography-5.jpg 581w, https:\/\/www.sindiaboldt.de\/portraits\/wp-content\/uploads\/sites\/5\/2022\/04\/GlamourPortraits_Mu\u0308nchen_SindiaBoldtPhotography-5-200x300.jpg 200w\" sizes=\"auto, (max-width: 581px) 100vw, 581px\" \/>\n\t\t\t<\/div><\/figure><figure class='gallery-item'>\n\t\t\t<div class='gallery-icon portrait'>\n\t\t\t\t<img loading=\"lazy\" decoding=\"async\" width=\"425\" height=\"638\" src=\"https:\/\/www.sindiaboldt.de\/portraits\/wp-content\/uploads\/sites\/5\/2022\/04\/GlamourPortraits_Mu\u0308nchen_SindiaBoldtPhotography-44.jpg\" class=\"attachment-full size-full\" alt=\"GlamourPortraits Mu\u0308nchen SindiaBoldtPhotography 44\" srcset=\"https:\/\/www.sindiaboldt.de\/portraits\/wp-content\/uploads\/sites\/5\/2022\/04\/GlamourPortraits_Mu\u0308nchen_SindiaBoldtPhotography-44.jpg 425w, https:\/\/www.sindiaboldt.de\/portraits\/wp-content\/uploads\/sites\/5\/2022\/04\/GlamourPortraits_Mu\u0308nchen_SindiaBoldtPhotography-44-200x300.jpg 200w\" sizes=\"auto, (max-width: 425px) 100vw, 425px\" \/>\n\t\t\t<\/div><\/figure>\n\t\t<\/div>\n\n<hr \/>\n<p>&nbsp;<\/p>\n<p>&nbsp;<\/p>\n<h2 style=\"text-align: center;\">Susanne, 48, Psychologin, 1 Tochter, verheiratet<\/h2>\n<p style=\"text-align: center;\">SUSANNE IST PSYCHOLOGIN, EINE SEHR WARMHERZIGE, STRAHLENDE UND LEBENSFROHE FRAU. IHRE ARBEIT MACHT SIE MIT VIEL HERZBLUT UND DIE FOTOS AUS DEM SHOOTING SAGT SIE, GEBEN IHR VIEL POSITIVE IMPULSE.<\/p>\n<p><img loading=\"lazy\" decoding=\"async\" class=\"aligncenter size-full wp-image-1281\" title=\"Susanne mit Jaana vorher\" src=\"https:\/\/www.sindiaboldt.de\/portraits\/wp-content\/uploads\/sites\/5\/2022\/04\/Susanne_mit-Jaana_vorher.jpg\" alt=\"Susanne mit Jaana vorher\" width=\"581\" height=\"871\" srcset=\"https:\/\/www.sindiaboldt.de\/portraits\/wp-content\/uploads\/sites\/5\/2022\/04\/Susanne_mit-Jaana_vorher.jpg 581w, https:\/\/www.sindiaboldt.de\/portraits\/wp-content\/uploads\/sites\/5\/2022\/04\/Susanne_mit-Jaana_vorher-200x300.jpg 200w\" sizes=\"auto, (max-width: 581px) 100vw, 581px\" \/><\/p>\n<p style=\"text-align: center;\"><strong>Hier mehr Infos \u00fcber Susanne (48, Psychologin, 1 Tochter, verheiratet):<\/strong><\/p>\n<p style=\"text-align: center;\"><strong>&#8220;Wie gefiel Dir das Fotoshooting bei uns?&#8221;<\/strong><\/p>\n<p style=\"text-align: center;\"><em>&#8220;Ich hatte Riesenspa\u00df bei dem Foto-Shooting, meine Freundin Jaana hat mich damals dazu eingeladen und es sind sch\u00f6ne Erinnerungen. Mir gefiel es, gemeinsame Zeit miteinander zu verbringen, zu lachen, von Euch verw\u00f6hnt zu werden, in verschiedene Rollen zu schl\u00fcpfen, mit der der Kamera zu spielen, Spa\u00df zu haben und den Moment zu genie\u00dfen. Wie es so sch\u00f6n hei\u00dft &#8220;happy girls are the prettiest&#8221;. &#8220;<\/em><\/p>\n<p style=\"text-align: center;\"><strong>&#8220;Was bedeutet f\u00fcr Dich Sch\u00f6nheit?&#8221;<\/strong><\/p>\n<p style=\"text-align: center;\"><em>F\u00fcr mich strahlt Sch\u00f6nheit\/Lebensgl\u00fcck von innen heraus, daher haben Menschen, die lieben, was sie tun, eine besondere Ausstrahlung. Daher lege ich bei meiner Arbeit auch viel Wert darauf, dass sich meine jugendlichen Patienten nicht so sehr auf ihr \u00c4u\u00dferers konzentrieren, sondern auf das was sie TUN. Den \u00c4u\u00dferlichkeiten sind verg\u00e4nglich, aber im Tun kann ich Spuren hinterlassen.&#8221;<\/em><\/p>\n<p style=\"text-align: center;\"><strong>\u00a0<\/strong><\/p>\n<p style=\"text-align: center;\"><strong>Das Ergebnis von Susannes Fotoshooting im Fotoatelier Hohenkammer:<\/strong><\/p>\n<p>&nbsp;<\/p>\n<div id='gallery-2' class='gallery galleryid-1129 gallery-columns-3 gallery-size-full'><figure class='gallery-item'>\n\t\t\t<div class='gallery-icon portrait'>\n\t\t\t\t<img loading=\"lazy\" decoding=\"async\" width=\"557\" height=\"835\" src=\"https:\/\/www.sindiaboldt.de\/portraits\/wp-content\/uploads\/sites\/5\/2022\/04\/GlamourPortraits_Mu\u0308nchen_SindiaBoldtPhotography-271.jpg\" class=\"attachment-full size-full\" alt=\"GlamourPortraits Mu\u0308nchen SindiaBoldtPhotography 271\" srcset=\"https:\/\/www.sindiaboldt.de\/portraits\/wp-content\/uploads\/sites\/5\/2022\/04\/GlamourPortraits_Mu\u0308nchen_SindiaBoldtPhotography-271.jpg 557w, https:\/\/www.sindiaboldt.de\/portraits\/wp-content\/uploads\/sites\/5\/2022\/04\/GlamourPortraits_Mu\u0308nchen_SindiaBoldtPhotography-271-200x300.jpg 200w\" sizes=\"auto, (max-width: 557px) 100vw, 557px\" \/>\n\t\t\t<\/div><\/figure><figure class='gallery-item'>\n\t\t\t<div class='gallery-icon portrait'>\n\t\t\t\t<img loading=\"lazy\" decoding=\"async\" width=\"425\" height=\"638\" src=\"https:\/\/www.sindiaboldt.de\/portraits\/wp-content\/uploads\/sites\/5\/2022\/04\/GlamourPortraits_Mu\u0308nchen_SindiaBoldtPhotography-61.jpg\" class=\"attachment-full size-full\" alt=\"GlamourPortraits Mu\u0308nchen SindiaBoldtPhotography 61\" srcset=\"https:\/\/www.sindiaboldt.de\/portraits\/wp-content\/uploads\/sites\/5\/2022\/04\/GlamourPortraits_Mu\u0308nchen_SindiaBoldtPhotography-61.jpg 425w, https:\/\/www.sindiaboldt.de\/portraits\/wp-content\/uploads\/sites\/5\/2022\/04\/GlamourPortraits_Mu\u0308nchen_SindiaBoldtPhotography-61-200x300.jpg 200w\" sizes=\"auto, (max-width: 425px) 100vw, 425px\" \/>\n\t\t\t<\/div><\/figure><figure class='gallery-item'>\n\t\t\t<div class='gallery-icon portrait'>\n\t\t\t\t<img loading=\"lazy\" decoding=\"async\" width=\"307\" height=\"461\" src=\"https:\/\/www.sindiaboldt.de\/portraits\/wp-content\/uploads\/sites\/5\/2022\/04\/GlamourPortraits_Mu\u0308nchen_SindiaBoldtPhotography-86.jpg\" class=\"attachment-full size-full\" alt=\"GlamourPortraits Mu\u0308nchen SindiaBoldtPhotography 86\" srcset=\"https:\/\/www.sindiaboldt.de\/portraits\/wp-content\/uploads\/sites\/5\/2022\/04\/GlamourPortraits_Mu\u0308nchen_SindiaBoldtPhotography-86.jpg 307w, https:\/\/www.sindiaboldt.de\/portraits\/wp-content\/uploads\/sites\/5\/2022\/04\/GlamourPortraits_Mu\u0308nchen_SindiaBoldtPhotography-86-200x300.jpg 200w\" sizes=\"auto, (max-width: 307px) 100vw, 307px\" \/>\n\t\t\t<\/div><\/figure>\n\t\t<\/div>\n\n<hr \/>\n<p>&nbsp;<\/p>\n<h2 style=\"text-align: center;\">Verena, 44 Jahre, Diplompsycholgin in Personalentwicklung &amp; Coach, verheiratet<\/h2>\n<p style=\"text-align: center;\">KOMMUNIKATION UND MENSCHEN &#8211; DAS SIND DIE GRO\u00dfEN THEMEN VON VERENA. ALS DIPLOMPSYCHOLOGIN ARBEITET SIE IN EINEM KONZERN IN DER PERSONAL- UND F\u00dcHRUNGSKR\u00c4FTE ENTWICKLUNG UND BETREIBT EIN COACHING BUSINESS<\/p>\n<p><img loading=\"lazy\" decoding=\"async\" class=\"aligncenter wp-image-1375 size-full\" title=\"VerenaJungnickel vorher\" src=\"https:\/\/www.sindiaboldt.de\/portraits\/wp-content\/uploads\/sites\/5\/2022\/04\/20220517_0748071039.jpg\" alt=\"20220517 0748071039\" width=\"581\" height=\"775\" srcset=\"https:\/\/www.sindiaboldt.de\/portraits\/wp-content\/uploads\/sites\/5\/2022\/04\/20220517_0748071039.jpg 581w, https:\/\/www.sindiaboldt.de\/portraits\/wp-content\/uploads\/sites\/5\/2022\/04\/20220517_0748071039-225x300.jpg 225w\" sizes=\"auto, (max-width: 581px) 100vw, 581px\" \/><\/p>\n<p style=\"text-align: center;\"><strong>Hier mehr Infos \u00fcber Verena (44 Jahre, Diplompsycholgin,verheiratet):<\/strong><\/p>\n<p style=\"text-align: center;\">Zum einen hatte Verena gro\u00dfe Lust auf ein Shooting, um den aktuellen Status Quo festzuhalten: \u201eIch habe mich in meinen 20ern nicht ann\u00e4hernd so wohl in meiner Haut gef\u00fchlt wie jetzt\u201c. Andererseits baut sie gerade ein zweites Standbein auf und w\u00fcnschte sich f\u00fcr Ihre Homepage Fotos, die nicht nur professionell sondern auch authentisch und nahbar wirken.<\/p>\n<p style=\"text-align: center;\">In Zukunft m\u00f6chte sie sich neben Ihrer Festanstellung noch viel mehr ihren Herzensthemen widmen. Als Coach und Trainerin brennt sie daf\u00fcr, Menschen zu begleiten und zu unterst\u00fctzen.<\/p>\n<p style=\"text-align: center;\"><strong>Was bedeutet f\u00fcr Dich Sch\u00f6nheit?<\/strong><\/p>\n<p style=\"text-align: center;\"><em>&#8220;Sch\u00f6nheit ist f\u00fcr mich Geschmackssache&#8230;ich selbst finde mich attraktiv, mag meine Ausstrahlung und meine Pr\u00e4senz. Das sind auch Attribute, die mich bei anderen Menschen mehr ansprechen als &#8220;klassische Sch\u00f6nheit&#8221;.&#8221;<\/em><\/p>\n<p style=\"text-align: center;\"><strong>Auf welche Errungenschaft oder welche Entscheidung in Deinem Leben bist Du besonders stolz?\u00a0<\/strong><\/p>\n<p style=\"text-align: center;\"><em>&#8220;Stolz und auch Dankbarkeit empfinde ich, wenn ich an die vielen (bisherigen) Erfahrungen in meinem Leben denke. Erfolge, die auf eigenen Entscheidungen und Handlungen beruhen, zeigen mir auf, wie selbstwirksam Frau sein kann. Unverhoffte Chancen und M\u00f6glichkeiten lassen mich auf das Schicksal und Gl\u00fcck zur rechten Zeit vertrauen. Ich bin gespannt, was da noch alles kommt!&#8221;<\/em><\/p>\n<p style=\"text-align: center;\"><strong> Und was w\u00fcrdest du deinem ICH mit 25 gerne sagen?<\/strong><\/p>\n<p style=\"text-align: center;\"><em>&#8220;Dieses Vertrauen auf mich selbst und das Schicksal w\u00fcrde ich gerne meinem 25-j\u00e4hrigen Ich mitgeben. Relax&#8230;alles wird gut ;)&#8221;<\/em><\/p>\n<p style=\"text-align: center;\"><strong>Das Ergebnis von Verenas Fotoshooting im Fotoatelier Hohenkammer:<\/strong><\/p>\n<div id='gallery-3' class='gallery galleryid-1129 gallery-columns-3 gallery-size-full'><figure class='gallery-item'>\n\t\t\t<div class='gallery-icon portrait'>\n\t\t\t\t<img loading=\"lazy\" decoding=\"async\" width=\"774\" height=\"1161\" src=\"https:\/\/www.sindiaboldt.de\/portraits\/wp-content\/uploads\/sites\/5\/2022\/04\/9H3A2465-Bearbeitet.jpg\" class=\"attachment-full size-full\" alt=\"9H3A2465 Bearbeitet\" srcset=\"https:\/\/www.sindiaboldt.de\/portraits\/wp-content\/uploads\/sites\/5\/2022\/04\/9H3A2465-Bearbeitet.jpg 774w, https:\/\/www.sindiaboldt.de\/portraits\/wp-content\/uploads\/sites\/5\/2022\/04\/9H3A2465-Bearbeitet-200x300.jpg 200w, https:\/\/www.sindiaboldt.de\/portraits\/wp-content\/uploads\/sites\/5\/2022\/04\/9H3A2465-Bearbeitet-683x1024.jpg 683w, https:\/\/www.sindiaboldt.de\/portraits\/wp-content\/uploads\/sites\/5\/2022\/04\/9H3A2465-Bearbeitet-768x1152.jpg 768w\" sizes=\"auto, (max-width: 774px) 100vw, 774px\" \/>\n\t\t\t<\/div><\/figure><figure class='gallery-item'>\n\t\t\t<div class='gallery-icon portrait'>\n\t\t\t\t<img loading=\"lazy\" decoding=\"async\" width=\"298\" height=\"448\" src=\"https:\/\/www.sindiaboldt.de\/portraits\/wp-content\/uploads\/sites\/5\/2022\/04\/BusinessPortrait_V.Jungnickel_SindiaBoldtPhotography-193-1.jpg\" class=\"attachment-full size-full\" alt=\"BusinessPortrait V.Jungnickel SindiaBoldtPhotography 193 1\" srcset=\"https:\/\/www.sindiaboldt.de\/portraits\/wp-content\/uploads\/sites\/5\/2022\/04\/BusinessPortrait_V.Jungnickel_SindiaBoldtPhotography-193-1.jpg 298w, https:\/\/www.sindiaboldt.de\/portraits\/wp-content\/uploads\/sites\/5\/2022\/04\/BusinessPortrait_V.Jungnickel_SindiaBoldtPhotography-193-1-200x300.jpg 200w\" sizes=\"auto, (max-width: 298px) 100vw, 298px\" \/>\n\t\t\t<\/div><\/figure><figure class='gallery-item'>\n\t\t\t<div class='gallery-icon portrait'>\n\t\t\t\t<img loading=\"lazy\" decoding=\"async\" width=\"298\" height=\"448\" src=\"https:\/\/www.sindiaboldt.de\/portraits\/wp-content\/uploads\/sites\/5\/2022\/04\/BusinessPortrait_V.Jungnickel_SindiaBoldtPhotography-89-1.jpg\" class=\"attachment-full size-full\" alt=\"BusinessPortrait V.Jungnickel SindiaBoldtPhotography 89 1\" srcset=\"https:\/\/www.sindiaboldt.de\/portraits\/wp-content\/uploads\/sites\/5\/2022\/04\/BusinessPortrait_V.Jungnickel_SindiaBoldtPhotography-89-1.jpg 298w, https:\/\/www.sindiaboldt.de\/portraits\/wp-content\/uploads\/sites\/5\/2022\/04\/BusinessPortrait_V.Jungnickel_SindiaBoldtPhotography-89-1-200x300.jpg 200w\" sizes=\"auto, (max-width: 298px) 100vw, 298px\" \/>\n\t\t\t<\/div><\/figure>\n\t\t<\/div>\n\n<hr \/>\n<h2 style=\"text-align: center;\">Britta, 48, <span data-sheets-value=\"{&quot;1&quot;:2,&quot;2&quot;:&quot;Goldschmiedin, Yogalehrerin, K\u00fcnstlerin&quot;}\" data-sheets-userformat=\"{&quot;2&quot;:833,&quot;3&quot;:{&quot;1&quot;:0},&quot;9&quot;:0,&quot;11&quot;:4,&quot;12&quot;:0}\">Goldschmiedin \/ Yogalehrerin, verheiratet, 2 S\u00f6hne<\/span><\/h2>\n<p style=\"text-align: center;\">BRITTA BEWARB SICH F\u00dcR DAS SHOOTING, WEIL SIE GERN IN ROLLEN SCHL\u00dcPFT UND W\u00dcNSCHT SICH VERSPIELTE, M\u00c4DCHENHAFTE ABER AUCH K\u00d6NIGLICH UND WEIBLICHE BILDER. SIE IST SEHR NATURVERBUNDEN UND WAR ALS KIND MIT IHREM VATER VIEL IM WALD. SO LAG ES NAHE DIES AUCH IN DEN PORTRAITS WIEDERZUSPIEGELN. SIE ARBEITET ALS GOLDSCHMIEDIN ARBEITET SIE SEHR KREATIV UND WILL IMMER VERSTEHEN WAS DER SCHMUCK F\u00dcR IHRE KUNDEN BEDEUTEN SOLL. SIE IST EIN HERZENSMENSCH UND IHR IST DIE VERBINDUNG ZU ANDEREN MENSCHEN SEHR WICHTIG.<\/p>\n<p><img loading=\"lazy\" decoding=\"async\" class=\"aligncenter size-full wp-image-1298\" title=\"Britta 40u\u030840\" src=\"https:\/\/www.sindiaboldt.de\/portraits\/wp-content\/uploads\/sites\/5\/2022\/04\/Britta_40u\u030840.jpg\" alt=\"Britta 40u\u030840\" width=\"724\" height=\"984\" srcset=\"https:\/\/www.sindiaboldt.de\/portraits\/wp-content\/uploads\/sites\/5\/2022\/04\/Britta_40u\u030840.jpg 724w, https:\/\/www.sindiaboldt.de\/portraits\/wp-content\/uploads\/sites\/5\/2022\/04\/Britta_40u\u030840-221x300.jpg 221w\" sizes=\"auto, (max-width: 724px) 100vw, 724px\" \/><\/p>\n<p style=\"text-align: center;\"><strong>Hier mehr Infos \u00fcber Britta (48, Goldschmiedin \/ Yogalehrerin, verheiratet, 2 S\u00f6hne):<\/strong><\/p>\n<p style=\"text-align: center;\"><strong>Du bist ja sehr vielseitig interessiert, erz\u00e4hl uns mal mehr \u00fcber Dich.<br \/>\n<\/strong><\/p>\n<p style=\"text-align: center;\"><em>&#8220;Ich frage mich immer was ist die Essenz, was hilft den Menschen. Das ist mein Antrieb in allem was ich tue. Ob beim Schmuck oder auch beim Yoga. Ich bin sehr naturverbunden, lerne auch grad viel \u00fcber Pflanzen, ihre Kr\u00e4fte und Bedeutungen. Ich bin spirituell und versuche immer das Gro\u00dfe Ganze zu sehen.&#8221;<\/em><\/p>\n<p style=\"text-align: center;\"><strong>Was war Deine Motivation beim Fotoshooting mitzumachen?<br \/>\n<\/strong><\/p>\n<p style=\"text-align: center;\"><em>&#8220;Mich interessiert Portraitfotografie sehr und ich wollte das immer schon mal machen. Ich hab dann auch \u00fcberlegt f\u00fcr wen eigentlich? Will ich da jemanden beindrucken? Oder f\u00fcr meinen Mann? Aber ich, einfach f\u00fcr mich! Das war mir wichtig! Ich freue mich darauf von Euch angeleitet zu werden. Sich zeigen zu k\u00f6nnen. Ich hatte auch Lust auf den Frauenkreis 40 Frauen \u00fcber 40 &#8211; da war der gr\u00f6\u00dfere Sinn f\u00fcr mich auch wieder stimmig.&#8221;<\/em><\/p>\n<p style=\"text-align: center;\"><strong>Was ist f\u00fcr Dich das Beste an Deinem aktuellen Alter \/ am \u00c4lter werden?<\/strong><\/p>\n<p style=\"text-align: center;\"><em>&#8220;Ach das ist so toll! Man wird immer weiser, ich finde es so sch\u00f6n, die Gelassenheit, die ich heute habe, die hat mir vor 10,15, 20 Jahren total gefehlt. Und jetzt sind meine Kinder so gro\u00df und selbst\u00e4ndig und ich kriege so viel Lob f\u00fcr die Beiden. Und damals hatte ich so viele Zweifel, ob ich alles richtig machen, und jetzt sehe ich das sind wirklich so fantastische junge Menschen! Und da hab ich auch noch mal gesehen, dass ich AUCH Mutter bin, aber echt nicht nur. Und damals waren mir die Kinder oft eine &#8220;Beschwerniss&#8221;, als die so klein waren und auf mich angewiesen, weil ich da nicht so viel Raum f\u00fcr mich hatte, den man aber nat\u00fcrlich auch braucht! Und jetzt sehe ich, dass ich es doch ganz gut gemacht habe und bin jetzt wie so eine Katzenmama, die auch mal mit der Pfote einen Schubs gibt und sagt: So jetzt mal los ins eigene Leben! Ich sehe so viele Frauen, die sich nur auf die Kinder fokussieren, gar nicht mehr existieren ohne Kind und das ist so schade. Das ist ja auch eine B\u00fcrde f\u00fcr die Kinder, denn sie sp\u00fcren sind sind tats\u00e4chlich das Ein und Alles und d\u00fcrfen gar nicht sich frei entfalten, f\u00fchlen sich schuldig, weil die Mama ja so viel f\u00fcr sie gemacht hat. Ich sage zu meinen S\u00f6hnen immer: Macht was ihr wollt und ihr m\u00fcsst auch mal auf die Schn* fallen, hauptsache wir bleiben im Gespr\u00e4ch.<br \/>\n<\/em><\/p>\n<p style=\"text-align: center;\"><strong>Gibt es noch weitere Errungenschaft in deinem Leben auf die du besonders stolz bist, neben deinen Kindern?<br \/>\n<\/strong><\/p>\n<p style=\"text-align: center;\"><em>&#8220;Ja! Jede Menge! Ich bin einfach total froh, dass ich Abitur gemacht habe, ich denke oft an S\u00e4tze von meinen damaligen Lehrern, die ich erst heute mit 48 richtig verstehe, die mich aber zu dem gemacht haben was ich heute bin. Also auf das Gesamtpaket Britta bin ich tats\u00e4chlich richtig stolz. Nat\u00fcrlich auch auf so Teileaspekte, wie meine Meisterpr\u00fcfung damals, da war ich Jahresbeste, und das gibt mir ein gutes Gef\u00fchl, dass ich wei\u00df ich Kann es! Aktuell bin ich stolz darauf, dass ich mich w\u00e4hrend Corona an meine Kinder-Ausbildung an der Blockfl\u00f6te errinnert hab und mich mit einer Freundin im Wald treffe wo wir Duette spielen. Und daraus ist eine sch\u00f6ne Idee mit einem anderen Musiker enstanden: &#8220;Tag der Laienmusik&#8221; in M\u00fcnchen, Gasteig, 20 Minuten auf der B\u00fchne. Wir sind so mittelgut, aber wir haben das total gerockt. Da bin ich echt 10cm \u00fcberm Boden schwebend raus. Und jetzt denke ich da kann auch gar nichts mehr kommen was mich total ersch\u00fcttert. Ich denke mir dann, ich bin noch jung genug um alles auszuprobieren und aber auch alt genug um alles mit Absand und Gelassenheit zu sehen. Es ist jetzt einfach alles da. Besser gehts nicht&#8221; &#8220;Ich habe ja jetzt auch seit 10 Tagen eine Ukrainerin bei mir aufgenommen und wir verstehen uns prima, sind uns sehr nah. Und wenn ich jetzt mit ihren Augen auf mein Leben schaue, dann denk ich &#8211; Wow, mein Leben ist so reich! Das ist echt schon ein Paradies!&#8221; <\/em><\/p>\n<p style=\"text-align: center;\"><strong>Was bedeutet f\u00fcr Dich Sch\u00f6nheit?<br \/>\n<\/strong><\/p>\n<p style=\"text-align: center;\"><em>&#8220;Auf jeden Fall Strahlend, Funkelnd, F\u00fclle, Ruhig ohne einzuschlafen, Lebendig oder \u00fcberdreht zu sein. Balance, von allem was dabei. Harmonie &#8211; in Kl\u00e4ngen, Farben, Worten, Gesten, Ber\u00fchrungen. In Bezug auf Fotos: Sichtbar sein, aber nicht das Ego.<br \/>\n<\/em><\/p>\n<p style=\"text-align: center;\"><strong>Findest Du Dich sch\u00f6n? Was magst Du an Dir?<br \/>\n<\/strong><\/p>\n<p style=\"text-align: center;\"><em>&#8220;Ja! Auf eine gewisse Art schon. Es ist das Gesamtpaket. Also wenn man auf einem Foto schaut, dann f\u00e4llt einem nat\u00fcrlich so einiges auf. Die Beine zu kurz, die Augen zu klein, die Haare zu d\u00fcnn, aber insgesamt denk ich mir dann, passt doch! Ich hab schon auch die Ideen was nicht so ideal ist, aber ich hab auch das Gef\u00fchl, ich immer mehr den Blick f\u00fcr mich kriege und mich auf das Sch\u00f6ne konzentrieren kann.&#8221;<br \/>\n<\/em><\/p>\n<p>&nbsp;<\/p>\n<p style=\"text-align: center;\"><strong>Das Ergebnis von Brittas Fotoshooting im Fotoatelier Hohenkammer:<\/strong><\/p>\n<div id='gallery-4' class='gallery galleryid-1129 gallery-columns-3 gallery-size-full'><figure class='gallery-item'>\n\t\t\t<div class='gallery-icon portrait'>\n\t\t\t\t<img loading=\"lazy\" decoding=\"async\" width=\"398\" height=\"597\" src=\"https:\/\/www.sindiaboldt.de\/portraits\/wp-content\/uploads\/sites\/5\/2022\/04\/Portrait-Muenchen-Fotograf-Pfaffenhofen-Freising-Fotograf-Fotoatelier-Hohenkammer-Sindia-Boldt-50.jpg\" class=\"attachment-full size-full\" alt=\"Portrait Muenchen Fotograf Pfaffenhofen Freising Fotograf Fotoatelier Hohenkammer Sindia Boldt 50\" srcset=\"https:\/\/www.sindiaboldt.de\/portraits\/wp-content\/uploads\/sites\/5\/2022\/04\/Portrait-Muenchen-Fotograf-Pfaffenhofen-Freising-Fotograf-Fotoatelier-Hohenkammer-Sindia-Boldt-50.jpg 398w, https:\/\/www.sindiaboldt.de\/portraits\/wp-content\/uploads\/sites\/5\/2022\/04\/Portrait-Muenchen-Fotograf-Pfaffenhofen-Freising-Fotograf-Fotoatelier-Hohenkammer-Sindia-Boldt-50-200x300.jpg 200w\" sizes=\"auto, (max-width: 398px) 100vw, 398px\" \/>\n\t\t\t<\/div><\/figure><figure class='gallery-item'>\n\t\t\t<div class='gallery-icon portrait'>\n\t\t\t\t<img loading=\"lazy\" decoding=\"async\" width=\"497\" height=\"746\" src=\"https:\/\/www.sindiaboldt.de\/portraits\/wp-content\/uploads\/sites\/5\/2022\/04\/Portrait-Muenchen-Fotograf-Pfaffenhofen-Freising-Fotograf-Fotoatelier-Hohenkammer-Sindia-Boldt-30.jpg\" class=\"attachment-full size-full\" alt=\"Portrait Muenchen Fotograf Pfaffenhofen Freising Fotograf Fotoatelier Hohenkammer Sindia Boldt 30\" srcset=\"https:\/\/www.sindiaboldt.de\/portraits\/wp-content\/uploads\/sites\/5\/2022\/04\/Portrait-Muenchen-Fotograf-Pfaffenhofen-Freising-Fotograf-Fotoatelier-Hohenkammer-Sindia-Boldt-30.jpg 497w, https:\/\/www.sindiaboldt.de\/portraits\/wp-content\/uploads\/sites\/5\/2022\/04\/Portrait-Muenchen-Fotograf-Pfaffenhofen-Freising-Fotograf-Fotoatelier-Hohenkammer-Sindia-Boldt-30-200x300.jpg 200w\" sizes=\"auto, (max-width: 497px) 100vw, 497px\" \/>\n\t\t\t<\/div><\/figure><figure class='gallery-item'>\n\t\t\t<div class='gallery-icon portrait'>\n\t\t\t\t<img loading=\"lazy\" decoding=\"async\" width=\"398\" height=\"597\" src=\"https:\/\/www.sindiaboldt.de\/portraits\/wp-content\/uploads\/sites\/5\/2022\/04\/Portrait-Muenchen-Fotograf-Pfaffenhofen-Freising-Fotograf-Fotoatelier-Hohenkammer-Sindia-Boldt-96.jpg\" class=\"attachment-full size-full\" alt=\"Portrait Muenchen Fotograf Pfaffenhofen Freising Fotograf Fotoatelier Hohenkammer Sindia Boldt 96\" srcset=\"https:\/\/www.sindiaboldt.de\/portraits\/wp-content\/uploads\/sites\/5\/2022\/04\/Portrait-Muenchen-Fotograf-Pfaffenhofen-Freising-Fotograf-Fotoatelier-Hohenkammer-Sindia-Boldt-96.jpg 398w, https:\/\/www.sindiaboldt.de\/portraits\/wp-content\/uploads\/sites\/5\/2022\/04\/Portrait-Muenchen-Fotograf-Pfaffenhofen-Freising-Fotograf-Fotoatelier-Hohenkammer-Sindia-Boldt-96-200x300.jpg 200w\" sizes=\"auto, (max-width: 398px) 100vw, 398px\" \/>\n\t\t\t<\/div><\/figure>\n\t\t<\/div>\n\n<hr \/>\n<p>&nbsp;<\/p>\n<h2 style=\"text-align: center;\">Nina, 46, Kosmetikerin, verheiratet, 2 S\u00f6hne<\/h2>\n<p style=\"text-align: center;\">SIE VERHILFT FRAUEN ZU EINER SCH\u00d6NEN STRAHLENDEN GESUNDEN HAUT. IHRE VISION IST ES FRAUEN ZU UNTERST\u00dcTZEN SICH ANFANGEN SICH SELBER ZU LIEBEN UND VON INNEN HERAUS STRAHLEN. SIE ARBEITET BEWUSST NICHT NUR &#8220;AN DER AU\u00dfENH\u00dcLLE&#8221; ZU ARBEITEN, SONDERN AUCH ETWAS MITZUGEBEN, ACHTSAM MIT SICH SELBST UMZUGEHEN.<\/p>\n<p style=\"text-align: center;\"><img loading=\"lazy\" decoding=\"async\" class=\"aligncenter size-full wp-image-1299\" title=\"Nina 40u\u030840\" src=\"https:\/\/www.sindiaboldt.de\/portraits\/wp-content\/uploads\/sites\/5\/2022\/04\/Nina_40u\u030840.jpg\" alt=\"Nina 40u\u030840\" width=\"392\" height=\"523\" srcset=\"https:\/\/www.sindiaboldt.de\/portraits\/wp-content\/uploads\/sites\/5\/2022\/04\/Nina_40u\u030840.jpg 392w, https:\/\/www.sindiaboldt.de\/portraits\/wp-content\/uploads\/sites\/5\/2022\/04\/Nina_40u\u030840-225x300.jpg 225w\" sizes=\"auto, (max-width: 392px) 100vw, 392px\" \/><\/p>\n<p style=\"text-align: center;\"><strong>Hier mehr Infos \u00fcber Nina (46, Kosmetikerin, verheiratet, 2 S\u00f6hne):<\/strong><\/p>\n<p style=\"text-align: center;\"><strong>Wie bist du zur Kosmetik gekommen?<br \/>\n<\/strong><\/p>\n<p style=\"text-align: center;\"><em>&#8220;Fr\u00fcher habe ich einen einem Reiseb\u00fcro gearbeitet. Nach den Kindern wollte ich dann etwas anderes machen und bin zur Kosmetik gekommen, weil ich selbst gerne gegangen bin. Wir Frauen sind ja immer sehr besch\u00e4ftigt und nehmen uns nicht immer genug Zeit f\u00fcr uns. Da ist so ein Kosmetiktermin oder auch mal Wellness doch ganz sch\u00f6n. Dann kann man dann mal Ruhe geben und sich verw\u00f6hnen lassen. Es soll drum gehen, dass sich mal jemand um mich k\u00fcmmert. Und dann haben ich in den Gespr\u00e4chen gemerkt, dass da eigentlich ganz viel Bedarf ist, auch mal hinzuschauen, was tut mir gut. Weil das \u00fcbergehen wir Frauen ja ganz oft. Deshalb mache ich grad auch einen Kurs als EmotionsCode Anwender. Das ist so sch\u00f6n einfach und man kann wie so ein Reset machen und zu sich finden. Ich will halt nicht nur an der Oberfl\u00e4che sein, an der Haut, sondern eben auch die Zusammenh\u00e4nge und Drunter hinschauen. Da entwickelt sich bei mir grad einiges. &#8220;<\/em><\/p>\n<p style=\"text-align: center;\"><strong>Warum hast Du Dich f\u00fcr das Shooting beworben?<br \/>\n<\/strong><\/p>\n<p style=\"text-align: center;\"><em>&#8220;40 Frauen \u00fcber 40 &#8211; Das hat mich total angezogen! Wir Frauen \u00fcber 40 haben ja so viel Power und das Leben ist dann nicht vorbei, im Gegenteil, kann auch so richtig starten, weil man ja auch so in seiner Kraft steht. Man hat schon seine Erfahrungen gesammelt, man wei\u00df man will, man wei\u00df was man nicht will. Und ich musste mich auch gar nicht zur Bewerbung \u00fcberwinden, weil es mich so angesprochen hat und es sind ja alle \u00fcber 40 und es ist so spannend die anderen Kennenzulernen und ein Teil davon zu sein.&#8221;<\/em><\/p>\n<p style=\"text-align: center;\"><strong>Was ist denn f\u00fcr Dich das Beste am \u00c4lter werden bzw. Deinem aktuellen Alter?<br \/>\n<\/strong><\/p>\n<p style=\"text-align: center;\"><em>&#8220;Ja das Beste ist tats\u00e4chlich, dass man einen Erfahrungsschatz hat und wei\u00df was man will. Und fest im Leben steht. Fr\u00fcher war man nicht so selbstsicher, es ist auch nicht mehr so wichtig, was andere von einem Denken. Das ist eigentlich Schei\u00dfegal \ud83d\ude09 Man macht halt sein Ding.&#8221;<br \/>\n<\/em><\/p>\n<p style=\"text-align: center;\"><strong>Gibt es ein Errungenschaft oder Entscheidung in Deinem Leben auf die Du besonders stolz bist?<br \/>\n<\/strong><\/p>\n<p style=\"text-align: center;\"><em>&#8220;Ja, tats\u00e4chlich das mit der Kosmetik. Also Haut und jemandem etwas gutes Tun, da hab ich total meine Leidenschaft gefunden, also auch so einen gro\u00dfen Schatz f\u00fcr mich gefunden! Das hat mich auch keine \u00dcberwindung gekostet noch mal umzusatteln, weil ich mich eigentlich immer gerne leiten oder f\u00fchren lasse durchs Leben und dann war das so ein Geschenk und eine Bauchentscheidung und hab es dann einfach gemacht. Und es war toll.<br \/>\n<\/em><\/p>\n<p style=\"text-align: center;\"><strong>Was bedeutet f\u00fcr Dich Sch\u00f6nheit?<br \/>\n<\/strong><\/p>\n<p style=\"text-align: center;\"><em>&#8220;Sch\u00f6nheit auf alle F\u00e4lle, kommt von innen heraus, Strahlen. F\u00fcr mich ist Sch\u00f6nheit nicht nur das \u00c4u\u00dferliche, es kommt ja auch aufs Innere an.&#8221;<br \/>\n<\/em><\/p>\n<p style=\"text-align: center;\"><strong>Findest Du Dich sch\u00f6n?<br \/>\n<\/strong><\/p>\n<p style=\"text-align: center;\"><em>&#8220;Ja! Also ich mag mich. Das war aber nicht immer so. Ich mag viele Dinge an mir, auf Bildern mag ich mich nicht&#8230; Aber sonst schon.&#8221;<\/em><\/p>\n<p style=\"text-align: center;\"><strong>Gibt es etwas, dass Du heute an Dir magst, mit dem Du fr\u00fcher gehadert hast?<br \/>\n<\/strong><\/p>\n<p style=\"text-align: center;\"><em>&#8220;Ich w\u00fcrde sagen, das ist tats\u00e4chlich meine Energie und Lebensfreude. Die ist jetzt viel pr\u00e4senter, und ich kann sie viel mehr sp\u00fcren, als fr\u00fcher. Da war man viel in Gedanken bei den Erwartungen anderer, oder was die denken. Ich wurde so beinflusst von au\u00dfen und das hat sich total ge\u00e4ndert. Ich hatte fr\u00fcher auch echt eine schlechte Haut, da war ich sehr ungl\u00fccklich. Und heute bin ich da sehr zufrieden. Meine Haut gef\u00e4llt mir heute &#8211; trotz Falten &#8211; besser als fr\u00fcher.&#8221;<br \/>\n<\/em><\/p>\n<p style=\"text-align: center;\"><strong>Was magst Du an Dir besonders? Lieblingsk\u00f6rperteil? Was w\u00fcrde Dein Mann sagen?<br \/>\n<\/strong><\/p>\n<p style=\"text-align: center;\"><em>&#8220;Also meinen Busen. Den mag ich. Also erst zwar manchmal bissl nervig, weil er ja auch nicht so klein ist, aber ich finde ihn schon sehr sch\u00f6n. Mein Mann w\u00fcrde sagen er mag meine positive Einstellung und gute Laune. Und das sagt und spiegelt er mir auch. Das war fr\u00fcher zwar nicht immer so, als viel in der Arbeit zu tun war, jeder sein Hamsterrad, die Kinder noch so klein, da war der Fokus etwas anders. Aber jetzt seit ich auch wieder etwas mehr Zeit f\u00fcr mich habe und mein Mann, der dann auch irgendwann gemerkt hat, Arbeit ist nicht alles, ich mach jetzt vielleicht etwas weniger und hab wieder etwas mehr Freizeit und Zeit f\u00fcr meine Familie. Die Lebensphasen sind da auch entscheidend. Baut man grade etwas auf, dann gibt man Power, aber dann kommt auch wieder die Zeit wo man sich etwas um sich und Familie k\u00fcmmern will.&#8221;<br \/>\n<\/em><\/p>\n<p style=\"text-align: center;\"><strong>Wenn Du Dich selbst zu irgendeinem Zeitpunkt in Deinem Leben anrufen k\u00f6nntest, was w\u00fcrdest Du Dir sagen?<br \/>\n<\/strong><\/p>\n<p style=\"text-align: center;\"><em>&#8220;Also wenn dann w\u00fcrde ich mich gerne in der Zukunft anrufen, wenn ich so ne alte Oma im Schaukelstuhl bin und dann w\u00fcrde ich sagen: Hey, du hast alles Richtig gemacht, das musste alles genau so kommen, wie es gekommen ist. Doch alles cool geworden, auch wenn es in dem einen oder anderem Moment sich nicht so toll angef\u00fchlt hat. Manchmal ist es ja so, dass Dinge passieren, die man in dem Moment als Schlimm oder nicht sch\u00f6n empfindet, die sich dann aber in der R\u00fcckschau als richtig und wichtig herausstellen. Weil sie dich auf einen anderen Weg gebracht haben oder eine Lektion mitgegeben haben. Ich hab auch so ein Vertrauen ins Leben. Ich hab nie viel geplant, ich hab mich immer von meinem Gef\u00fchl leiten lassen und geschaut was kommt. Es bringt ja auch nichts, man hat so Vorstellungen, und macht sich dann vorher \u00c4ngste, Gedanken und das ist ja dann auch verschwendete Energie.&#8221;<\/em><\/p>\n<p>&nbsp;<\/p>\n<p style=\"text-align: center;\"><strong>Das Ergebnis von Ninas Fotoshooting im Fotoatelier Hohenkammer:<\/strong><\/p>\n<div id='gallery-5' class='gallery galleryid-1129 gallery-columns-3 gallery-size-full'><figure class='gallery-item'>\n\t\t\t<div class='gallery-icon portrait'>\n\t\t\t\t<img loading=\"lazy\" decoding=\"async\" width=\"678\" height=\"1016\" src=\"https:\/\/www.sindiaboldt.de\/portraits\/wp-content\/uploads\/sites\/5\/2022\/04\/Portrait-NS_Glamour-Muenchen-Fotograf-Pfaffenhofen-Freising-Fotograf-Fotoatelier-Hohenkammer-Sindia-Boldt-76.jpg\" class=\"attachment-full size-full\" alt=\"Portrait NS Glamour Muenchen Fotograf Pfaffenhofen Freising Fotograf Fotoatelier Hohenkammer Sindia Boldt 76\" srcset=\"https:\/\/www.sindiaboldt.de\/portraits\/wp-content\/uploads\/sites\/5\/2022\/04\/Portrait-NS_Glamour-Muenchen-Fotograf-Pfaffenhofen-Freising-Fotograf-Fotoatelier-Hohenkammer-Sindia-Boldt-76.jpg 678w, https:\/\/www.sindiaboldt.de\/portraits\/wp-content\/uploads\/sites\/5\/2022\/04\/Portrait-NS_Glamour-Muenchen-Fotograf-Pfaffenhofen-Freising-Fotograf-Fotoatelier-Hohenkammer-Sindia-Boldt-76-200x300.jpg 200w\" sizes=\"auto, (max-width: 678px) 100vw, 678px\" \/>\n\t\t\t<\/div><\/figure><figure class='gallery-item'>\n\t\t\t<div class='gallery-icon portrait'>\n\t\t\t\t<img loading=\"lazy\" decoding=\"async\" width=\"678\" height=\"1016\" src=\"https:\/\/www.sindiaboldt.de\/portraits\/wp-content\/uploads\/sites\/5\/2022\/04\/Portrait-NS_Glamour-Muenchen-Fotograf-Pfaffenhofen-Freising-Fotograf-Fotoatelier-Hohenkammer-Sindia-Boldt-59.jpg\" class=\"attachment-full size-full\" alt=\"Portrait NS Glamour Muenchen Fotograf Pfaffenhofen Freising Fotograf Fotoatelier Hohenkammer Sindia Boldt 59\" srcset=\"https:\/\/www.sindiaboldt.de\/portraits\/wp-content\/uploads\/sites\/5\/2022\/04\/Portrait-NS_Glamour-Muenchen-Fotograf-Pfaffenhofen-Freising-Fotograf-Fotoatelier-Hohenkammer-Sindia-Boldt-59.jpg 678w, https:\/\/www.sindiaboldt.de\/portraits\/wp-content\/uploads\/sites\/5\/2022\/04\/Portrait-NS_Glamour-Muenchen-Fotograf-Pfaffenhofen-Freising-Fotograf-Fotoatelier-Hohenkammer-Sindia-Boldt-59-200x300.jpg 200w\" sizes=\"auto, (max-width: 678px) 100vw, 678px\" \/>\n\t\t\t<\/div><\/figure><figure class='gallery-item'>\n\t\t\t<div class='gallery-icon portrait'>\n\t\t\t\t<img loading=\"lazy\" decoding=\"async\" width=\"664\" height=\"996\" src=\"https:\/\/www.sindiaboldt.de\/portraits\/wp-content\/uploads\/sites\/5\/2022\/04\/Portrait-NS_Glamour-Muenchen-Fotograf-Pfaffenhofen-Freising-Fotograf-Fotoatelier-Hohenkammer-Sindia-Boldt-122.jpg\" class=\"attachment-full size-full\" alt=\"Portrait NS Glamour Muenchen Fotograf Pfaffenhofen Freising Fotograf Fotoatelier Hohenkammer Sindia Boldt 122\" srcset=\"https:\/\/www.sindiaboldt.de\/portraits\/wp-content\/uploads\/sites\/5\/2022\/04\/Portrait-NS_Glamour-Muenchen-Fotograf-Pfaffenhofen-Freising-Fotograf-Fotoatelier-Hohenkammer-Sindia-Boldt-122.jpg 664w, https:\/\/www.sindiaboldt.de\/portraits\/wp-content\/uploads\/sites\/5\/2022\/04\/Portrait-NS_Glamour-Muenchen-Fotograf-Pfaffenhofen-Freising-Fotograf-Fotoatelier-Hohenkammer-Sindia-Boldt-122-200x300.jpg 200w\" sizes=\"auto, (max-width: 664px) 100vw, 664px\" \/>\n\t\t\t<\/div><\/figure>\n\t\t<\/div>\n\n<hr \/>\n<p>&nbsp;<\/p>\n<h2 style=\"text-align: center;\"><\/h2>\n","protected":false},"excerpt":{"rendered":"<p>40 Frauen \u00fcber 40 &#8211; Das Fotoprojekt &#8211; Teil 6: &nbsp; Jaana \/\/ Susanne \/\/ Verena \/\/ Britta \/\/ Nina Hier stellen wir Euch die Teilnehmerinnen unseres wundervollen Fotoprojekts 40 Frauen \u00fcber 40 etwas n\u00e4her vor. In diesem Teil: Jaana, 51, fr\u00fcher Flugbegleiterin, Sprecherin, Darstellerin, verheiratet Susanne, 48, Psychologin, 1 Tochter, verheiratet Verena, 44 Jahre, [&hellip;]<\/p>\n","protected":false},"author":1,"featured_media":1310,"comment_status":"open","ping_status":"open","sticky":false,"template":"","format":"standard","meta":{"footnotes":""},"categories":[1],"tags":[],"class_list":{"0":"post-1129","1":"post","2":"type-post","3":"status-publish","4":"format-standard","5":"has-post-thumbnail","7":"category-allgemein"},"yoast_head":"<!-- This site is optimized with the Yoast SEO plugin v26.8 - https:\/\/yoast.com\/product\/yoast-seo-wordpress\/ -->\n<title>40\u00fc40-Teil 6<\/title>\n<meta name=\"robots\" content=\"index, follow, max-snippet:-1, max-image-preview:large, max-video-preview:-1\" \/>\n<link rel=\"canonical\" href=\"https:\/\/www.sindiaboldt.de\/portraits\/40ue40-teil-6\/\" \/>\n<meta property=\"og:locale\" content=\"de_DE\" \/>\n<meta property=\"og:type\" content=\"article\" \/>\n<meta property=\"og:title\" content=\"40\u00fc40-Teil 6\" \/>\n<meta property=\"og:description\" content=\"40 Frauen \u00fcber 40 &#8211; Das Fotoprojekt &#8211; Teil 6: &nbsp; Jaana \/\/ Susanne \/\/ Verena \/\/ Britta \/\/ Nina Hier stellen wir Euch die Teilnehmerinnen unseres wundervollen Fotoprojekts 40 Frauen \u00fcber 40 etwas n\u00e4her vor. In diesem Teil: Jaana, 51, fr\u00fcher Flugbegleiterin, Sprecherin, Darstellerin, verheiratet Susanne, 48, Psychologin, 1 Tochter, verheiratet Verena, 44 Jahre, [&hellip;]\" \/>\n<meta property=\"og:url\" content=\"https:\/\/www.sindiaboldt.de\/portraits\/40ue40-teil-6\/\" \/>\n<meta property=\"og:site_name\" content=\"Portraits\" \/>\n<meta property=\"article:published_time\" content=\"2022-04-20T08:49:07+00:00\" \/>\n<meta property=\"article:modified_time\" content=\"2022-05-21T10:03:41+00:00\" \/>\n<meta property=\"og:image\" content=\"https:\/\/www.sindiaboldt.de\/portraits\/wp-content\/uploads\/sites\/5\/2022\/04\/Portrait-NS_Glamour-Muenchen-Fotograf-Pfaffenhofen-Freising-Fotograf-Fotoatelier-Hohenkammer-Sindia-Boldt-122-1.jpg\" \/>\n\t<meta property=\"og:image:width\" content=\"664\" \/>\n\t<meta property=\"og:image:height\" content=\"548\" \/>\n\t<meta property=\"og:image:type\" content=\"image\/jpeg\" \/>\n<meta name=\"author\" content=\"sindia\" \/>\n<meta name=\"twitter:card\" content=\"summary_large_image\" \/>\n<meta name=\"twitter:label1\" content=\"Verfasst von\" \/>\n\t<meta name=\"twitter:data1\" content=\"sindia\" \/>\n\t<meta name=\"twitter:label2\" content=\"Gesch\u00e4tzte Lesezeit\" \/>\n\t<meta name=\"twitter:data2\" content=\"16\u00a0Minuten\" \/>\n<script type=\"application\/ld+json\" class=\"yoast-schema-graph\">{\"@context\":\"https:\/\/schema.org\",\"@graph\":[{\"@type\":\"Article\",\"@id\":\"https:\/\/www.sindiaboldt.de\/portraits\/40ue40-teil-6\/#article\",\"isPartOf\":{\"@id\":\"https:\/\/www.sindiaboldt.de\/portraits\/40ue40-teil-6\/\"},\"author\":{\"name\":\"sindia\",\"@id\":\"https:\/\/www.sindiaboldt.de\/portraits\/#\/schema\/person\/13668cbe0f52c57a9402a6032226e58e\"},\"headline\":\"40\u00fc40-Teil 6\",\"datePublished\":\"2022-04-20T08:49:07+00:00\",\"dateModified\":\"2022-05-21T10:03:41+00:00\",\"mainEntityOfPage\":{\"@id\":\"https:\/\/www.sindiaboldt.de\/portraits\/40ue40-teil-6\/\"},\"wordCount\":2808,\"commentCount\":0,\"image\":{\"@id\":\"https:\/\/www.sindiaboldt.de\/portraits\/40ue40-teil-6\/#primaryimage\"},\"thumbnailUrl\":\"https:\/\/www.sindiaboldt.de\/portraits\/wp-content\/uploads\/sites\/5\/2022\/04\/Portrait-NS_Glamour-Muenchen-Fotograf-Pfaffenhofen-Freising-Fotograf-Fotoatelier-Hohenkammer-Sindia-Boldt-122-1.jpg\",\"inLanguage\":\"de\",\"potentialAction\":[{\"@type\":\"CommentAction\",\"name\":\"Comment\",\"target\":[\"https:\/\/www.sindiaboldt.de\/portraits\/40ue40-teil-6\/#respond\"]}]},{\"@type\":\"WebPage\",\"@id\":\"https:\/\/www.sindiaboldt.de\/portraits\/40ue40-teil-6\/\",\"url\":\"https:\/\/www.sindiaboldt.de\/portraits\/40ue40-teil-6\/\",\"name\":\"40\u00fc40-Teil 6\",\"isPartOf\":{\"@id\":\"https:\/\/www.sindiaboldt.de\/portraits\/#website\"},\"primaryImageOfPage\":{\"@id\":\"https:\/\/www.sindiaboldt.de\/portraits\/40ue40-teil-6\/#primaryimage\"},\"image\":{\"@id\":\"https:\/\/www.sindiaboldt.de\/portraits\/40ue40-teil-6\/#primaryimage\"},\"thumbnailUrl\":\"https:\/\/www.sindiaboldt.de\/portraits\/wp-content\/uploads\/sites\/5\/2022\/04\/Portrait-NS_Glamour-Muenchen-Fotograf-Pfaffenhofen-Freising-Fotograf-Fotoatelier-Hohenkammer-Sindia-Boldt-122-1.jpg\",\"datePublished\":\"2022-04-20T08:49:07+00:00\",\"dateModified\":\"2022-05-21T10:03:41+00:00\",\"author\":{\"@id\":\"https:\/\/www.sindiaboldt.de\/portraits\/#\/schema\/person\/13668cbe0f52c57a9402a6032226e58e\"},\"breadcrumb\":{\"@id\":\"https:\/\/www.sindiaboldt.de\/portraits\/40ue40-teil-6\/#breadcrumb\"},\"inLanguage\":\"de\",\"potentialAction\":[{\"@type\":\"ReadAction\",\"target\":[\"https:\/\/www.sindiaboldt.de\/portraits\/40ue40-teil-6\/\"]}]},{\"@type\":\"ImageObject\",\"inLanguage\":\"de\",\"@id\":\"https:\/\/www.sindiaboldt.de\/portraits\/40ue40-teil-6\/#primaryimage\",\"url\":\"https:\/\/www.sindiaboldt.de\/portraits\/wp-content\/uploads\/sites\/5\/2022\/04\/Portrait-NS_Glamour-Muenchen-Fotograf-Pfaffenhofen-Freising-Fotograf-Fotoatelier-Hohenkammer-Sindia-Boldt-122-1.jpg\",\"contentUrl\":\"https:\/\/www.sindiaboldt.de\/portraits\/wp-content\/uploads\/sites\/5\/2022\/04\/Portrait-NS_Glamour-Muenchen-Fotograf-Pfaffenhofen-Freising-Fotograf-Fotoatelier-Hohenkammer-Sindia-Boldt-122-1.jpg\",\"width\":664,\"height\":548,\"caption\":\"Portrait NS Glamour Muenchen Fotograf Pfaffenhofen Freising Fotograf Fotoatelier Hohenkammer Sindia Boldt 122 1\"},{\"@type\":\"BreadcrumbList\",\"@id\":\"https:\/\/www.sindiaboldt.de\/portraits\/40ue40-teil-6\/#breadcrumb\",\"itemListElement\":[{\"@type\":\"ListItem\",\"position\":1,\"name\":\"Home\",\"item\":\"https:\/\/www.sindiaboldt.de\/portraits\/\"},{\"@type\":\"ListItem\",\"position\":2,\"name\":\"40\u00fc40-Teil 6\"}]},{\"@type\":\"WebSite\",\"@id\":\"https:\/\/www.sindiaboldt.de\/portraits\/#website\",\"url\":\"https:\/\/www.sindiaboldt.de\/portraits\/\",\"name\":\"Portraits\",\"description\":\"Eine weitere Sindia Boldt Photography Website\",\"potentialAction\":[{\"@type\":\"SearchAction\",\"target\":{\"@type\":\"EntryPoint\",\"urlTemplate\":\"https:\/\/www.sindiaboldt.de\/portraits\/?s={search_term_string}\"},\"query-input\":{\"@type\":\"PropertyValueSpecification\",\"valueRequired\":true,\"valueName\":\"search_term_string\"}}],\"inLanguage\":\"de\"},{\"@type\":\"Person\",\"@id\":\"https:\/\/www.sindiaboldt.de\/portraits\/#\/schema\/person\/13668cbe0f52c57a9402a6032226e58e\",\"name\":\"sindia\",\"image\":{\"@type\":\"ImageObject\",\"inLanguage\":\"de\",\"@id\":\"https:\/\/www.sindiaboldt.de\/portraits\/#\/schema\/person\/image\/\",\"url\":\"https:\/\/secure.gravatar.com\/avatar\/634be3b6facbe9cb0465d21b14b4dacd?s=96&d=mm&r=g\",\"contentUrl\":\"https:\/\/secure.gravatar.com\/avatar\/634be3b6facbe9cb0465d21b14b4dacd?s=96&d=mm&r=g\",\"caption\":\"sindia\"}}]}<\/script>\n<!-- \/ Yoast SEO plugin. -->","yoast_head_json":{"title":"40\u00fc40-Teil 6","robots":{"index":"index","follow":"follow","max-snippet":"max-snippet:-1","max-image-preview":"max-image-preview:large","max-video-preview":"max-video-preview:-1"},"canonical":"https:\/\/www.sindiaboldt.de\/portraits\/40ue40-teil-6\/","og_locale":"de_DE","og_type":"article","og_title":"40\u00fc40-Teil 6","og_description":"40 Frauen \u00fcber 40 &#8211; Das Fotoprojekt &#8211; Teil 6: &nbsp; Jaana \/\/ Susanne \/\/ Verena \/\/ Britta \/\/ Nina Hier stellen wir Euch die Teilnehmerinnen unseres wundervollen Fotoprojekts 40 Frauen \u00fcber 40 etwas n\u00e4her vor. In diesem Teil: Jaana, 51, fr\u00fcher Flugbegleiterin, Sprecherin, Darstellerin, verheiratet Susanne, 48, Psychologin, 1 Tochter, verheiratet Verena, 44 Jahre, [&hellip;]","og_url":"https:\/\/www.sindiaboldt.de\/portraits\/40ue40-teil-6\/","og_site_name":"Portraits","article_published_time":"2022-04-20T08:49:07+00:00","article_modified_time":"2022-05-21T10:03:41+00:00","og_image":[{"width":664,"height":548,"url":"https:\/\/www.sindiaboldt.de\/portraits\/wp-content\/uploads\/sites\/5\/2022\/04\/Portrait-NS_Glamour-Muenchen-Fotograf-Pfaffenhofen-Freising-Fotograf-Fotoatelier-Hohenkammer-Sindia-Boldt-122-1.jpg","type":"image\/jpeg"}],"author":"sindia","twitter_card":"summary_large_image","twitter_misc":{"Verfasst von":"sindia","Gesch\u00e4tzte Lesezeit":"16\u00a0Minuten"},"schema":{"@context":"https:\/\/schema.org","@graph":[{"@type":"Article","@id":"https:\/\/www.sindiaboldt.de\/portraits\/40ue40-teil-6\/#article","isPartOf":{"@id":"https:\/\/www.sindiaboldt.de\/portraits\/40ue40-teil-6\/"},"author":{"name":"sindia","@id":"https:\/\/www.sindiaboldt.de\/portraits\/#\/schema\/person\/13668cbe0f52c57a9402a6032226e58e"},"headline":"40\u00fc40-Teil 6","datePublished":"2022-04-20T08:49:07+00:00","dateModified":"2022-05-21T10:03:41+00:00","mainEntityOfPage":{"@id":"https:\/\/www.sindiaboldt.de\/portraits\/40ue40-teil-6\/"},"wordCount":2808,"commentCount":0,"image":{"@id":"https:\/\/www.sindiaboldt.de\/portraits\/40ue40-teil-6\/#primaryimage"},"thumbnailUrl":"https:\/\/www.sindiaboldt.de\/portraits\/wp-content\/uploads\/sites\/5\/2022\/04\/Portrait-NS_Glamour-Muenchen-Fotograf-Pfaffenhofen-Freising-Fotograf-Fotoatelier-Hohenkammer-Sindia-Boldt-122-1.jpg","inLanguage":"de","potentialAction":[{"@type":"CommentAction","name":"Comment","target":["https:\/\/www.sindiaboldt.de\/portraits\/40ue40-teil-6\/#respond"]}]},{"@type":"WebPage","@id":"https:\/\/www.sindiaboldt.de\/portraits\/40ue40-teil-6\/","url":"https:\/\/www.sindiaboldt.de\/portraits\/40ue40-teil-6\/","name":"40\u00fc40-Teil 6","isPartOf":{"@id":"https:\/\/www.sindiaboldt.de\/portraits\/#website"},"primaryImageOfPage":{"@id":"https:\/\/www.sindiaboldt.de\/portraits\/40ue40-teil-6\/#primaryimage"},"image":{"@id":"https:\/\/www.sindiaboldt.de\/portraits\/40ue40-teil-6\/#primaryimage"},"thumbnailUrl":"https:\/\/www.sindiaboldt.de\/portraits\/wp-content\/uploads\/sites\/5\/2022\/04\/Portrait-NS_Glamour-Muenchen-Fotograf-Pfaffenhofen-Freising-Fotograf-Fotoatelier-Hohenkammer-Sindia-Boldt-122-1.jpg","datePublished":"2022-04-20T08:49:07+00:00","dateModified":"2022-05-21T10:03:41+00:00","author":{"@id":"https:\/\/www.sindiaboldt.de\/portraits\/#\/schema\/person\/13668cbe0f52c57a9402a6032226e58e"},"breadcrumb":{"@id":"https:\/\/www.sindiaboldt.de\/portraits\/40ue40-teil-6\/#breadcrumb"},"inLanguage":"de","potentialAction":[{"@type":"ReadAction","target":["https:\/\/www.sindiaboldt.de\/portraits\/40ue40-teil-6\/"]}]},{"@type":"ImageObject","inLanguage":"de","@id":"https:\/\/www.sindiaboldt.de\/portraits\/40ue40-teil-6\/#primaryimage","url":"https:\/\/www.sindiaboldt.de\/portraits\/wp-content\/uploads\/sites\/5\/2022\/04\/Portrait-NS_Glamour-Muenchen-Fotograf-Pfaffenhofen-Freising-Fotograf-Fotoatelier-Hohenkammer-Sindia-Boldt-122-1.jpg","contentUrl":"https:\/\/www.sindiaboldt.de\/portraits\/wp-content\/uploads\/sites\/5\/2022\/04\/Portrait-NS_Glamour-Muenchen-Fotograf-Pfaffenhofen-Freising-Fotograf-Fotoatelier-Hohenkammer-Sindia-Boldt-122-1.jpg","width":664,"height":548,"caption":"Portrait NS Glamour Muenchen Fotograf Pfaffenhofen Freising Fotograf Fotoatelier Hohenkammer Sindia Boldt 122 1"},{"@type":"BreadcrumbList","@id":"https:\/\/www.sindiaboldt.de\/portraits\/40ue40-teil-6\/#breadcrumb","itemListElement":[{"@type":"ListItem","position":1,"name":"Home","item":"https:\/\/www.sindiaboldt.de\/portraits\/"},{"@type":"ListItem","position":2,"name":"40\u00fc40-Teil 6"}]},{"@type":"WebSite","@id":"https:\/\/www.sindiaboldt.de\/portraits\/#website","url":"https:\/\/www.sindiaboldt.de\/portraits\/","name":"Portraits","description":"Eine weitere Sindia Boldt Photography Website","potentialAction":[{"@type":"SearchAction","target":{"@type":"EntryPoint","urlTemplate":"https:\/\/www.sindiaboldt.de\/portraits\/?s={search_term_string}"},"query-input":{"@type":"PropertyValueSpecification","valueRequired":true,"valueName":"search_term_string"}}],"inLanguage":"de"},{"@type":"Person","@id":"https:\/\/www.sindiaboldt.de\/portraits\/#\/schema\/person\/13668cbe0f52c57a9402a6032226e58e","name":"sindia","image":{"@type":"ImageObject","inLanguage":"de","@id":"https:\/\/www.sindiaboldt.de\/portraits\/#\/schema\/person\/image\/","url":"https:\/\/secure.gravatar.com\/avatar\/634be3b6facbe9cb0465d21b14b4dacd?s=96&d=mm&r=g","contentUrl":"https:\/\/secure.gravatar.com\/avatar\/634be3b6facbe9cb0465d21b14b4dacd?s=96&d=mm&r=g","caption":"sindia"}}]}},"_links":{"self":[{"href":"https:\/\/www.sindiaboldt.de\/portraits\/wp-json\/wp\/v2\/posts\/1129","targetHints":{"allow":["GET"]}}],"collection":[{"href":"https:\/\/www.sindiaboldt.de\/portraits\/wp-json\/wp\/v2\/posts"}],"about":[{"href":"https:\/\/www.sindiaboldt.de\/portraits\/wp-json\/wp\/v2\/types\/post"}],"author":[{"embeddable":true,"href":"https:\/\/www.sindiaboldt.de\/portraits\/wp-json\/wp\/v2\/users\/1"}],"replies":[{"embeddable":true,"href":"https:\/\/www.sindiaboldt.de\/portraits\/wp-json\/wp\/v2\/comments?post=1129"}],"version-history":[{"count":0,"href":"https:\/\/www.sindiaboldt.de\/portraits\/wp-json\/wp\/v2\/posts\/1129\/revisions"}],"wp:featuredmedia":[{"embeddable":true,"href":"https:\/\/www.sindiaboldt.de\/portraits\/wp-json\/wp\/v2\/media\/1310"}],"wp:attachment":[{"href":"https:\/\/www.sindiaboldt.de\/portraits\/wp-json\/wp\/v2\/media?parent=1129"}],"wp:term":[{"taxonomy":"category","embeddable":true,"href":"https:\/\/www.sindiaboldt.de\/portraits\/wp-json\/wp\/v2\/categories?post=1129"},{"taxonomy":"post_tag","embeddable":true,"href":"https:\/\/www.sindiaboldt.de\/portraits\/wp-json\/wp\/v2\/tags?post=1129"}],"curies":[{"name":"wp","href":"https:\/\/api.w.org\/{rel}","templated":true}]}}