{"id":1139,"date":"2022-04-21T10:47:37","date_gmt":"2022-04-21T08:47:37","guid":{"rendered":"https:\/\/www.sindiaboldt.de\/portraits\/?p=1139"},"modified":"2022-05-17T12:51:46","modified_gmt":"2022-05-17T10:51:46","slug":"40ue40-teil-7","status":"publish","type":"post","link":"https:\/\/www.sindiaboldt.de\/portraits\/40ue40-teil-7\/","title":{"rendered":"40\u00fc40-Teil 7"},"content":{"rendered":"<h1 style=\"text-align: center;\">40 Frauen \u00fcber 40 &#8211; Das Fotoprojekt &#8211; Teil 7:<\/h1>\n<p style=\"text-align: center;\"><img loading=\"lazy\" decoding=\"async\" class=\"aligncenter size-full wp-image-627\" title=\"Portraits Studio Sindia Boldt Photography Mu\u0308nchen 44 750x500 1\" src=\"https:\/\/www.sindiaboldt.de\/portraits\/wp-content\/uploads\/sites\/5\/2021\/09\/Portraits-Studio-Sindia-Boldt-Photography-Mu\u0308nchen-44-750x500-1.jpg\" alt=\"Portraits Studio Sindia Boldt Photography Mu\u0308nchen 44 750x500 1\" width=\"750\" height=\"500\" srcset=\"https:\/\/www.sindiaboldt.de\/portraits\/wp-content\/uploads\/sites\/5\/2021\/09\/Portraits-Studio-Sindia-Boldt-Photography-Mu\u0308nchen-44-750x500-1.jpg 750w, https:\/\/www.sindiaboldt.de\/portraits\/wp-content\/uploads\/sites\/5\/2021\/09\/Portraits-Studio-Sindia-Boldt-Photography-Mu\u0308nchen-44-750x500-1-300x200.jpg 300w\" sizes=\"auto, (max-width: 750px) 100vw, 750px\" \/><\/p>\n<p style=\"text-align: center;\"><span data-sheets-formula-bar-text-style=\"font-size:13px;color:#000000;font-weight:normal;text-decoration:none;font-family:'Arial';font-style:normal;text-decoration-skip-ink:none;\">Barbara \/\/ Sa\u0161a \/\/ Ruth<\/span><\/p>\n<p style=\"text-align: center;\">Hier stellen wir Euch die Teilnehmerinnen unseres wundervollen <a href=\"https:\/\/www.sindiaboldt.de\/portraits\/40-ueber-40\/\">Fotoprojekts 40 Frauen \u00fcber 40<\/a> etwas n\u00e4her vor. In diesem Teil:<\/p>\n<h3 style=\"text-align: center;\">Barbara, 54, \u00c4rztin, verheiratet<\/h3>\n<h3 style=\"text-align: center;\">Sa\u0161a ,43, Krankenschwester, verheiratet<\/h3>\n<h3 style=\"text-align: center;\">Ruth, 56, Krankenschwester<\/h3>\n<h3 style=\"text-align: center;\"><\/h3>\n<hr \/>\n<h2 style=\"text-align: center;\">Barbara, 54, \u00c4rtzin, verheiratet<\/h2>\n<p style=\"text-align: center;\">BARBARA BETREIBT IHRE PRAXIS MIT SEHR VIEL HERZBLUT UND BEI EINEM GEMEINSAMEM SHOOTING DURFTEN WIR AUCH IHR TEAM KENNENLERNEN. ES WAR SO EINE GRO\u00dfE FREUDE DIE DAMEN BEI UNS IM ATELIER ZU HABEN. DIE STIMMUNG ZWISCHEN DEN KOLLEGINNEN IST SEHR WERTSCH\u00c4TZEND, WARMHERZIG UND LOCKER. WELCH WUNDERBARES BEISPIEL F\u00dcR GELUNGENE ZUSAMMENARBEIT ZWISCHEN TOLLEN FRAUEN!<\/p>\n<p style=\"text-align: center;\"><img loading=\"lazy\" decoding=\"async\" class=\"aligncenter wp-image-1323 size-full\" title=\"Gaby Troetschel vorher\" src=\"https:\/\/www.sindiaboldt.de\/portraits\/wp-content\/uploads\/sites\/5\/2022\/04\/BarbaraTeamevent_-vorher-rotated.jpg\" alt=\"BarbaraTeamevent vorher\" width=\"581\" height=\"775\" srcset=\"https:\/\/www.sindiaboldt.de\/portraits\/wp-content\/uploads\/sites\/5\/2022\/04\/BarbaraTeamevent_-vorher-rotated.jpg 581w, https:\/\/www.sindiaboldt.de\/portraits\/wp-content\/uploads\/sites\/5\/2022\/04\/BarbaraTeamevent_-vorher-225x300.jpg 225w\" sizes=\"auto, (max-width: 581px) 100vw, 581px\" \/><\/p>\n<p style=\"text-align: center;\"><strong>Hier mehr Infos \u00fcber Barbara (54, \u00c4rtzin, verheiratet):<\/strong><\/p>\n<p style=\"text-align: center;\">Barbara schafft es jeden in Ihrer N\u00e4he ein entspanntes und wohliges Gef\u00fchl zu geben. Auch die Ehe mit Ihrem Mann ist von Respekt, liebevollem Umgang und gegenseitiger Unterst\u00fctzung gepr\u00e4gt.<\/p>\n<p style=\"text-align: center;\">Das atemberaubende Ballkleid hat Barbara sich ma\u00dfschneidern lassen. Es r\u00fcckt Ihre romantische und elegante Seite wunderbar in den Vordergrund.<\/p>\n<p style=\"text-align: center;\">Es ist so sch\u00f6n, dass wir Barbara als eine unserer 40\u00fc40 Frauen im Projekt dabei haben!<\/p>\n<p>&nbsp;<\/p>\n<p style=\"text-align: center;\"><strong>&#8220;Was ist f\u00fcr dich das Beste am \u00c4lter werden bzw. an deinem aktuellen Alter?&#8221;<\/strong><\/p>\n<p style=\"text-align: center;\">&#8220;Ein zufriedener Blick zur\u00fcck auf die vergangenen Jahre, vieles ist erreicht.&#8221;<\/p>\n<p style=\"text-align: center;\"><strong>&#8220;Was bedeutet f\u00fcr dich Sch\u00f6nheit?&#8221;<\/strong><\/p>\n<p style=\"text-align: center;\">&#8220;Ausstrahlung, denn Sch\u00f6nheit ist verg\u00e4nglich.&#8221;<\/p>\n<p style=\"text-align: center;\"><strong>&#8220;Auf welche Errungenschaft oder welche Entscheidung in Deinem Leben bist Du besonders stolz?&#8221;<\/strong><\/p>\n<p style=\"text-align: center;\">&#8220;Die Erkenntnis, dass nicht alles m\u00f6glich ist im Leben und trotzdem zufrieden zu sein&#8221;<\/p>\n<p style=\"text-align: center;\"><strong>&#8220;Und was w\u00fcrdest du deinem ICH mit 25 gerne sagen?&#8221;<\/strong><\/p>\n<p style=\"text-align: center;\">&#8220;Nicht zu viel planen, es kommt dann doch alles anders.&#8221;<\/p>\n<p>&nbsp;<\/p>\n<p style=\"text-align: center;\"><strong>&#8220;Findest Du Dich sch\u00f6n?&#8221;<\/strong><\/p>\n<p style=\"text-align: center;\">&#8220;F\u00fcr Hollywood hat es nicht gereicht, aber vielleicht darf ich irgendwann beim Tatort mitspielen.&#8221;<\/p>\n<div id='gallery-1' class='gallery galleryid-1139 gallery-columns-3 gallery-size-full'><figure class='gallery-item'>\n\t\t\t<div class='gallery-icon portrait'>\n\t\t\t\t<img loading=\"lazy\" decoding=\"async\" width=\"581\" height=\"872\" src=\"https:\/\/www.sindiaboldt.de\/portraits\/wp-content\/uploads\/sites\/5\/2022\/04\/Barbarafertig.jpg\" class=\"attachment-full size-full\" alt=\"Barbarafertig\" srcset=\"https:\/\/www.sindiaboldt.de\/portraits\/wp-content\/uploads\/sites\/5\/2022\/04\/Barbarafertig.jpg 581w, https:\/\/www.sindiaboldt.de\/portraits\/wp-content\/uploads\/sites\/5\/2022\/04\/Barbarafertig-200x300.jpg 200w\" sizes=\"auto, (max-width: 581px) 100vw, 581px\" \/>\n\t\t\t<\/div><\/figure><figure class='gallery-item'>\n\t\t\t<div class='gallery-icon portrait'>\n\t\t\t\t<img loading=\"lazy\" decoding=\"async\" width=\"581\" height=\"871\" src=\"https:\/\/www.sindiaboldt.de\/portraits\/wp-content\/uploads\/sites\/5\/2022\/04\/Barbara28fertig.jpg\" class=\"attachment-full size-full\" alt=\"Barbara28fertig\" srcset=\"https:\/\/www.sindiaboldt.de\/portraits\/wp-content\/uploads\/sites\/5\/2022\/04\/Barbara28fertig.jpg 581w, https:\/\/www.sindiaboldt.de\/portraits\/wp-content\/uploads\/sites\/5\/2022\/04\/Barbara28fertig-200x300.jpg 200w\" sizes=\"auto, (max-width: 581px) 100vw, 581px\" \/>\n\t\t\t<\/div><\/figure><figure class='gallery-item'>\n\t\t\t<div class='gallery-icon portrait'>\n\t\t\t\t<img loading=\"lazy\" decoding=\"async\" width=\"581\" height=\"871\" src=\"https:\/\/www.sindiaboldt.de\/portraits\/wp-content\/uploads\/sites\/5\/2022\/04\/Barbara67fertig.jpg\" class=\"attachment-full size-full\" alt=\"Barbara67fertig\" srcset=\"https:\/\/www.sindiaboldt.de\/portraits\/wp-content\/uploads\/sites\/5\/2022\/04\/Barbara67fertig.jpg 581w, https:\/\/www.sindiaboldt.de\/portraits\/wp-content\/uploads\/sites\/5\/2022\/04\/Barbara67fertig-200x300.jpg 200w\" sizes=\"auto, (max-width: 581px) 100vw, 581px\" \/>\n\t\t\t<\/div><\/figure>\n\t\t<\/div>\n\n<hr \/>\n<h2 style=\"text-align: center;\">Sa\u0161a, 43, Krankenschwester,verheiratet<\/h2>\n<p style=\"text-align: center;\"><img loading=\"lazy\" decoding=\"async\" class=\"aligncenter size-full wp-image-1335\" title=\"Sasa vorher\" src=\"https:\/\/www.sindiaboldt.de\/portraits\/wp-content\/uploads\/sites\/5\/2022\/04\/Sasa_vorher.jpeg\" alt=\"Sasa vorher\" width=\"392\" height=\"523\" srcset=\"https:\/\/www.sindiaboldt.de\/portraits\/wp-content\/uploads\/sites\/5\/2022\/04\/Sasa_vorher.jpeg 392w, https:\/\/www.sindiaboldt.de\/portraits\/wp-content\/uploads\/sites\/5\/2022\/04\/Sasa_vorher-225x300.jpeg 225w\" sizes=\"auto, (max-width: 392px) 100vw, 392px\" \/><\/p>\n<p style=\"text-align: center;\"><strong>Hier mehr Infos \u00fcber Sa\u0161a (43, Beruf, verheiratet):<\/strong><\/p>\n<p>&nbsp;<\/p>\n<p style=\"text-align: center;\"><strong>&#8220;Findest du dich sch\u00f6n?&#8221;<\/strong><\/p>\n<p style=\"text-align: center;\">Ja, ich finde mich sch\u00f6n!<\/p>\n<p style=\"text-align: center;\">Aber die Sch\u00f6nheit liegt nicht nur im \u00c4u\u00dferen, sondern kommt in erster Linie von innen. Wenn ich mich nicht wohl f\u00fchle und unzufrieden bin, dann strahle ich das aus und nicht einmal das perfekte Make-up kann helfen!<\/p>\n<p style=\"text-align: center;\"><strong>\u00a0<\/strong><\/p>\n<p style=\"text-align: center;\"><strong>Das Ergebnis von Sa\u0161as Fotoshooting im Fotoatelier Hohenkammer:<\/strong><\/p>\n<div id='gallery-2' class='gallery galleryid-1139 gallery-columns-3 gallery-size-full'><figure class='gallery-item'>\n\t\t\t<div class='gallery-icon portrait'>\n\t\t\t\t<img loading=\"lazy\" decoding=\"async\" width=\"581\" height=\"872\" src=\"https:\/\/www.sindiaboldt.de\/portraits\/wp-content\/uploads\/sites\/5\/2022\/04\/Barbara80.jpg\" class=\"attachment-full size-full\" alt=\"Barbara80\" srcset=\"https:\/\/www.sindiaboldt.de\/portraits\/wp-content\/uploads\/sites\/5\/2022\/04\/Barbara80.jpg 581w, https:\/\/www.sindiaboldt.de\/portraits\/wp-content\/uploads\/sites\/5\/2022\/04\/Barbara80-200x300.jpg 200w\" sizes=\"auto, (max-width: 581px) 100vw, 581px\" \/>\n\t\t\t<\/div><\/figure><figure class='gallery-item'>\n\t\t\t<div class='gallery-icon landscape'>\n\t\t\t\t<img loading=\"lazy\" decoding=\"async\" width=\"581\" height=\"387\" src=\"https:\/\/www.sindiaboldt.de\/portraits\/wp-content\/uploads\/sites\/5\/2022\/04\/104.jpg\" class=\"attachment-full size-full\" alt=\"104\" srcset=\"https:\/\/www.sindiaboldt.de\/portraits\/wp-content\/uploads\/sites\/5\/2022\/04\/104.jpg 581w, https:\/\/www.sindiaboldt.de\/portraits\/wp-content\/uploads\/sites\/5\/2022\/04\/104-300x200.jpg 300w\" sizes=\"auto, (max-width: 581px) 100vw, 581px\" \/>\n\t\t\t<\/div><\/figure><figure class='gallery-item'>\n\t\t\t<div class='gallery-icon portrait'>\n\t\t\t\t<img loading=\"lazy\" decoding=\"async\" width=\"581\" height=\"872\" src=\"https:\/\/www.sindiaboldt.de\/portraits\/wp-content\/uploads\/sites\/5\/2022\/04\/barbara-67.jpg\" class=\"attachment-full size-full\" alt=\"barbara 67\" srcset=\"https:\/\/www.sindiaboldt.de\/portraits\/wp-content\/uploads\/sites\/5\/2022\/04\/barbara-67.jpg 581w, https:\/\/www.sindiaboldt.de\/portraits\/wp-content\/uploads\/sites\/5\/2022\/04\/barbara-67-200x300.jpg 200w\" sizes=\"auto, (max-width: 581px) 100vw, 581px\" \/>\n\t\t\t<\/div><\/figure>\n\t\t<\/div>\n\n<hr \/>\n<h2 style=\"text-align: center;\">Ruth, 56, Krankenschwester<\/h2>\n<p style=\"text-align: center;\"><img loading=\"lazy\" decoding=\"async\" class=\"aligncenter wp-image-1342 size-full\" title=\"Gaby Troetschel vorher\" src=\"https:\/\/www.sindiaboldt.de\/portraits\/wp-content\/uploads\/sites\/5\/2022\/04\/RuthTeameventvorherfertig-rotated.jpg\" alt=\"RuthTeameventvorherfertig\" width=\"581\" height=\"775\" srcset=\"https:\/\/www.sindiaboldt.de\/portraits\/wp-content\/uploads\/sites\/5\/2022\/04\/RuthTeameventvorherfertig-rotated.jpg 581w, https:\/\/www.sindiaboldt.de\/portraits\/wp-content\/uploads\/sites\/5\/2022\/04\/RuthTeameventvorherfertig-225x300.jpg 225w\" sizes=\"auto, (max-width: 581px) 100vw, 581px\" \/><\/p>\n<p style=\"text-align: center;\"><strong>Hier mehr Infos \u00fcber Ruth (56, Krankenschwester):<\/strong><\/p>\n<p style=\"text-align: center;\"><strong>&#8220;Was ist f\u00fcr dich das Beste am \u00c4lter werden bzw. an deinem aktuellen Alter?<\/strong><\/p>\n<p style=\"text-align: center;\">\u201eDas Beste am \u00c4lter werden ist, dass man unwichtige, unsinnige und Dinge die man nicht mag meist nicht mehr tun muss. Im Moment mag ich mich nicht so. Der Wechsel fordert einem alles ab. Im Gegensatz zur Pubert\u00e4t merkt man ganz genau dass man anstrengend ist.\u201c<\/p>\n<p>&nbsp;<\/p>\n<p style=\"text-align: center;\"><strong>&#8220;Was bedeutet f\u00fcr dich Sch\u00f6nheit?&#8221;<\/strong><\/p>\n<p style=\"text-align: center;\">\u201eSch\u00f6nheit ist f\u00fcr mich, mit sich selbst im Reinen zu sein.\u201c<\/p>\n<p style=\"text-align: center;\"><strong>&#8220;Auf welche Errungenschaft oder welche Entscheidung in Deinem Leben bist Du besonders stolz?&#8221;<\/strong><\/p>\n<p style=\"text-align: center;\">\u201eAm meisten stolz macht mich die Entscheidung f\u00fcr meine Kinder und damit f\u00fcr eine sp\u00e4tere berufliche Laufbahn.\u201c<\/p>\n<p style=\"text-align: center;\"><strong>&#8220;Und was w\u00fcrdest du deinem ICH mit 25 gerne sagen?&#8221;<\/strong><\/p>\n<p style=\"text-align: center;\">\u201eH\u00f6r auf zu planen!\u201c<\/p>\n<p style=\"text-align: center;\"><strong>&#8220;Findest du dich sch\u00f6n?&#8221;<\/strong><\/p>\n<p style=\"text-align: center;\">\u201eAn Tagen an denen ich mit mir klar komme, finde ich mich schon sch\u00f6n. Besonders meine Nase. Die hat nicht jeder, aber da habe ich sehr lange dazu gebraucht. Meine Kinder w\u00fcrden dem glaube ich zustimmen. Dar\u00fcber haben wir immer Witze gemacht.&#8221;<\/p>\n<p style=\"text-align: center;\"><strong>Das Ergebnis von Ruths Fotoshooting im Fotoatelier Hohenkammer:<\/strong><\/p>\n<div id='gallery-3' class='gallery galleryid-1139 gallery-columns-3 gallery-size-full'><figure class='gallery-item'>\n\t\t\t<div class='gallery-icon portrait'>\n\t\t\t\t<img loading=\"lazy\" decoding=\"async\" width=\"581\" height=\"872\" src=\"https:\/\/www.sindiaboldt.de\/portraits\/wp-content\/uploads\/sites\/5\/2022\/04\/Ruth8R.jpg\" class=\"attachment-full size-full\" alt=\"Ruth8R\" srcset=\"https:\/\/www.sindiaboldt.de\/portraits\/wp-content\/uploads\/sites\/5\/2022\/04\/Ruth8R.jpg 581w, https:\/\/www.sindiaboldt.de\/portraits\/wp-content\/uploads\/sites\/5\/2022\/04\/Ruth8R-200x300.jpg 200w\" sizes=\"auto, (max-width: 581px) 100vw, 581px\" \/>\n\t\t\t<\/div><\/figure><figure class='gallery-item'>\n\t\t\t<div class='gallery-icon landscape'>\n\t\t\t\t<img loading=\"lazy\" decoding=\"async\" width=\"581\" height=\"387\" src=\"https:\/\/www.sindiaboldt.de\/portraits\/wp-content\/uploads\/sites\/5\/2022\/04\/Ruth12.jpg\" class=\"attachment-full size-full\" alt=\"Ruth12\" srcset=\"https:\/\/www.sindiaboldt.de\/portraits\/wp-content\/uploads\/sites\/5\/2022\/04\/Ruth12.jpg 581w, https:\/\/www.sindiaboldt.de\/portraits\/wp-content\/uploads\/sites\/5\/2022\/04\/Ruth12-300x200.jpg 300w\" sizes=\"auto, (max-width: 581px) 100vw, 581px\" \/>\n\t\t\t<\/div><\/figure><figure class='gallery-item'>\n\t\t\t<div class='gallery-icon portrait'>\n\t\t\t\t<img loading=\"lazy\" decoding=\"async\" width=\"581\" height=\"872\" src=\"https:\/\/www.sindiaboldt.de\/portraits\/wp-content\/uploads\/sites\/5\/2022\/04\/Ruth9R.jpg\" class=\"attachment-full size-full\" alt=\"Ruth9R\" srcset=\"https:\/\/www.sindiaboldt.de\/portraits\/wp-content\/uploads\/sites\/5\/2022\/04\/Ruth9R.jpg 581w, https:\/\/www.sindiaboldt.de\/portraits\/wp-content\/uploads\/sites\/5\/2022\/04\/Ruth9R-200x300.jpg 200w\" sizes=\"auto, (max-width: 581px) 100vw, 581px\" \/>\n\t\t\t<\/div><\/figure>\n\t\t<\/div>\n\n<h2 style=\"text-align: center;\"><\/h2>\n","protected":false},"excerpt":{"rendered":"<p>40 Frauen \u00fcber 40 &#8211; Das Fotoprojekt &#8211; Teil 7: Barbara \/\/ Sa\u0161a \/\/ Ruth Hier stellen wir Euch die Teilnehmerinnen unseres wundervollen Fotoprojekts 40 Frauen \u00fcber 40 etwas n\u00e4her vor. In diesem Teil: Barbara, 54, \u00c4rztin, verheiratet Sa\u0161a ,43, Krankenschwester, verheiratet Ruth, 56, Krankenschwester Barbara, 54, \u00c4rtzin, verheiratet BARBARA BETREIBT IHRE PRAXIS MIT SEHR [&hellip;]<\/p>\n","protected":false},"author":1,"featured_media":1233,"comment_status":"open","ping_status":"open","sticky":false,"template":"","format":"standard","meta":{"footnotes":""},"categories":[1],"tags":[],"class_list":{"0":"post-1139","1":"post","2":"type-post","3":"status-publish","4":"format-standard","5":"has-post-thumbnail","7":"category-allgemein"},"yoast_head":"<!-- This site is optimized with the Yoast SEO plugin v26.8 - https:\/\/yoast.com\/product\/yoast-seo-wordpress\/ -->\n<title>40\u00fc40-Teil 7<\/title>\n<meta name=\"robots\" content=\"index, follow, max-snippet:-1, max-image-preview:large, max-video-preview:-1\" \/>\n<link rel=\"canonical\" href=\"https:\/\/www.sindiaboldt.de\/portraits\/40ue40-teil-7\/\" \/>\n<meta property=\"og:locale\" content=\"de_DE\" \/>\n<meta property=\"og:type\" content=\"article\" \/>\n<meta property=\"og:title\" content=\"40\u00fc40-Teil 7\" \/>\n<meta property=\"og:description\" content=\"40 Frauen \u00fcber 40 &#8211; Das Fotoprojekt &#8211; Teil 7: Barbara \/\/ Sa\u0161a \/\/ Ruth Hier stellen wir Euch die Teilnehmerinnen unseres wundervollen Fotoprojekts 40 Frauen \u00fcber 40 etwas n\u00e4her vor. In diesem Teil: Barbara, 54, \u00c4rztin, verheiratet Sa\u0161a ,43, Krankenschwester, verheiratet Ruth, 56, Krankenschwester Barbara, 54, \u00c4rtzin, verheiratet BARBARA BETREIBT IHRE PRAXIS MIT SEHR [&hellip;]\" \/>\n<meta property=\"og:url\" content=\"https:\/\/www.sindiaboldt.de\/portraits\/40ue40-teil-7\/\" \/>\n<meta property=\"og:site_name\" content=\"Portraits\" \/>\n<meta property=\"article:published_time\" content=\"2022-04-21T08:47:37+00:00\" \/>\n<meta property=\"article:modified_time\" content=\"2022-05-17T10:51:46+00:00\" \/>\n<meta property=\"og:image\" content=\"https:\/\/www.sindiaboldt.de\/portraits\/wp-content\/uploads\/sites\/5\/2022\/05\/Alexandra103-1.jpg\" \/>\n\t<meta property=\"og:image:width\" content=\"581\" \/>\n\t<meta property=\"og:image:height\" content=\"872\" \/>\n\t<meta property=\"og:image:type\" content=\"image\/jpeg\" \/>\n<meta name=\"author\" content=\"sindia\" \/>\n<meta name=\"twitter:card\" content=\"summary_large_image\" \/>\n<meta name=\"twitter:label1\" content=\"Verfasst von\" \/>\n\t<meta name=\"twitter:data1\" content=\"sindia\" \/>\n\t<meta name=\"twitter:label2\" content=\"Gesch\u00e4tzte Lesezeit\" \/>\n\t<meta name=\"twitter:data2\" content=\"4\u00a0Minuten\" \/>\n<script type=\"application\/ld+json\" class=\"yoast-schema-graph\">{\"@context\":\"https:\/\/schema.org\",\"@graph\":[{\"@type\":\"Article\",\"@id\":\"https:\/\/www.sindiaboldt.de\/portraits\/40ue40-teil-7\/#article\",\"isPartOf\":{\"@id\":\"https:\/\/www.sindiaboldt.de\/portraits\/40ue40-teil-7\/\"},\"author\":{\"name\":\"sindia\",\"@id\":\"https:\/\/www.sindiaboldt.de\/portraits\/#\/schema\/person\/13668cbe0f52c57a9402a6032226e58e\"},\"headline\":\"40\u00fc40-Teil 7\",\"datePublished\":\"2022-04-21T08:47:37+00:00\",\"dateModified\":\"2022-05-17T10:51:46+00:00\",\"mainEntityOfPage\":{\"@id\":\"https:\/\/www.sindiaboldt.de\/portraits\/40ue40-teil-7\/\"},\"wordCount\":574,\"commentCount\":0,\"image\":{\"@id\":\"https:\/\/www.sindiaboldt.de\/portraits\/40ue40-teil-7\/#primaryimage\"},\"thumbnailUrl\":\"https:\/\/www.sindiaboldt.de\/portraits\/wp-content\/uploads\/sites\/5\/2022\/05\/Alexandra103-1.jpg\",\"inLanguage\":\"de\",\"potentialAction\":[{\"@type\":\"CommentAction\",\"name\":\"Comment\",\"target\":[\"https:\/\/www.sindiaboldt.de\/portraits\/40ue40-teil-7\/#respond\"]}]},{\"@type\":\"WebPage\",\"@id\":\"https:\/\/www.sindiaboldt.de\/portraits\/40ue40-teil-7\/\",\"url\":\"https:\/\/www.sindiaboldt.de\/portraits\/40ue40-teil-7\/\",\"name\":\"40\u00fc40-Teil 7\",\"isPartOf\":{\"@id\":\"https:\/\/www.sindiaboldt.de\/portraits\/#website\"},\"primaryImageOfPage\":{\"@id\":\"https:\/\/www.sindiaboldt.de\/portraits\/40ue40-teil-7\/#primaryimage\"},\"image\":{\"@id\":\"https:\/\/www.sindiaboldt.de\/portraits\/40ue40-teil-7\/#primaryimage\"},\"thumbnailUrl\":\"https:\/\/www.sindiaboldt.de\/portraits\/wp-content\/uploads\/sites\/5\/2022\/05\/Alexandra103-1.jpg\",\"datePublished\":\"2022-04-21T08:47:37+00:00\",\"dateModified\":\"2022-05-17T10:51:46+00:00\",\"author\":{\"@id\":\"https:\/\/www.sindiaboldt.de\/portraits\/#\/schema\/person\/13668cbe0f52c57a9402a6032226e58e\"},\"breadcrumb\":{\"@id\":\"https:\/\/www.sindiaboldt.de\/portraits\/40ue40-teil-7\/#breadcrumb\"},\"inLanguage\":\"de\",\"potentialAction\":[{\"@type\":\"ReadAction\",\"target\":[\"https:\/\/www.sindiaboldt.de\/portraits\/40ue40-teil-7\/\"]}]},{\"@type\":\"ImageObject\",\"inLanguage\":\"de\",\"@id\":\"https:\/\/www.sindiaboldt.de\/portraits\/40ue40-teil-7\/#primaryimage\",\"url\":\"https:\/\/www.sindiaboldt.de\/portraits\/wp-content\/uploads\/sites\/5\/2022\/05\/Alexandra103-1.jpg\",\"contentUrl\":\"https:\/\/www.sindiaboldt.de\/portraits\/wp-content\/uploads\/sites\/5\/2022\/05\/Alexandra103-1.jpg\",\"width\":581,\"height\":872,\"caption\":\"Alexandra103 1\"},{\"@type\":\"BreadcrumbList\",\"@id\":\"https:\/\/www.sindiaboldt.de\/portraits\/40ue40-teil-7\/#breadcrumb\",\"itemListElement\":[{\"@type\":\"ListItem\",\"position\":1,\"name\":\"Home\",\"item\":\"https:\/\/www.sindiaboldt.de\/portraits\/\"},{\"@type\":\"ListItem\",\"position\":2,\"name\":\"40\u00fc40-Teil 7\"}]},{\"@type\":\"WebSite\",\"@id\":\"https:\/\/www.sindiaboldt.de\/portraits\/#website\",\"url\":\"https:\/\/www.sindiaboldt.de\/portraits\/\",\"name\":\"Portraits\",\"description\":\"Eine weitere Sindia Boldt Photography Website\",\"potentialAction\":[{\"@type\":\"SearchAction\",\"target\":{\"@type\":\"EntryPoint\",\"urlTemplate\":\"https:\/\/www.sindiaboldt.de\/portraits\/?s={search_term_string}\"},\"query-input\":{\"@type\":\"PropertyValueSpecification\",\"valueRequired\":true,\"valueName\":\"search_term_string\"}}],\"inLanguage\":\"de\"},{\"@type\":\"Person\",\"@id\":\"https:\/\/www.sindiaboldt.de\/portraits\/#\/schema\/person\/13668cbe0f52c57a9402a6032226e58e\",\"name\":\"sindia\",\"image\":{\"@type\":\"ImageObject\",\"inLanguage\":\"de\",\"@id\":\"https:\/\/www.sindiaboldt.de\/portraits\/#\/schema\/person\/image\/\",\"url\":\"https:\/\/secure.gravatar.com\/avatar\/634be3b6facbe9cb0465d21b14b4dacd?s=96&d=mm&r=g\",\"contentUrl\":\"https:\/\/secure.gravatar.com\/avatar\/634be3b6facbe9cb0465d21b14b4dacd?s=96&d=mm&r=g\",\"caption\":\"sindia\"}}]}<\/script>\n<!-- \/ Yoast SEO plugin. -->","yoast_head_json":{"title":"40\u00fc40-Teil 7","robots":{"index":"index","follow":"follow","max-snippet":"max-snippet:-1","max-image-preview":"max-image-preview:large","max-video-preview":"max-video-preview:-1"},"canonical":"https:\/\/www.sindiaboldt.de\/portraits\/40ue40-teil-7\/","og_locale":"de_DE","og_type":"article","og_title":"40\u00fc40-Teil 7","og_description":"40 Frauen \u00fcber 40 &#8211; Das Fotoprojekt &#8211; Teil 7: Barbara \/\/ Sa\u0161a \/\/ Ruth Hier stellen wir Euch die Teilnehmerinnen unseres wundervollen Fotoprojekts 40 Frauen \u00fcber 40 etwas n\u00e4her vor. In diesem Teil: Barbara, 54, \u00c4rztin, verheiratet Sa\u0161a ,43, Krankenschwester, verheiratet Ruth, 56, Krankenschwester Barbara, 54, \u00c4rtzin, verheiratet BARBARA BETREIBT IHRE PRAXIS MIT SEHR [&hellip;]","og_url":"https:\/\/www.sindiaboldt.de\/portraits\/40ue40-teil-7\/","og_site_name":"Portraits","article_published_time":"2022-04-21T08:47:37+00:00","article_modified_time":"2022-05-17T10:51:46+00:00","og_image":[{"width":581,"height":872,"url":"https:\/\/www.sindiaboldt.de\/portraits\/wp-content\/uploads\/sites\/5\/2022\/05\/Alexandra103-1.jpg","type":"image\/jpeg"}],"author":"sindia","twitter_card":"summary_large_image","twitter_misc":{"Verfasst von":"sindia","Gesch\u00e4tzte Lesezeit":"4\u00a0Minuten"},"schema":{"@context":"https:\/\/schema.org","@graph":[{"@type":"Article","@id":"https:\/\/www.sindiaboldt.de\/portraits\/40ue40-teil-7\/#article","isPartOf":{"@id":"https:\/\/www.sindiaboldt.de\/portraits\/40ue40-teil-7\/"},"author":{"name":"sindia","@id":"https:\/\/www.sindiaboldt.de\/portraits\/#\/schema\/person\/13668cbe0f52c57a9402a6032226e58e"},"headline":"40\u00fc40-Teil 7","datePublished":"2022-04-21T08:47:37+00:00","dateModified":"2022-05-17T10:51:46+00:00","mainEntityOfPage":{"@id":"https:\/\/www.sindiaboldt.de\/portraits\/40ue40-teil-7\/"},"wordCount":574,"commentCount":0,"image":{"@id":"https:\/\/www.sindiaboldt.de\/portraits\/40ue40-teil-7\/#primaryimage"},"thumbnailUrl":"https:\/\/www.sindiaboldt.de\/portraits\/wp-content\/uploads\/sites\/5\/2022\/05\/Alexandra103-1.jpg","inLanguage":"de","potentialAction":[{"@type":"CommentAction","name":"Comment","target":["https:\/\/www.sindiaboldt.de\/portraits\/40ue40-teil-7\/#respond"]}]},{"@type":"WebPage","@id":"https:\/\/www.sindiaboldt.de\/portraits\/40ue40-teil-7\/","url":"https:\/\/www.sindiaboldt.de\/portraits\/40ue40-teil-7\/","name":"40\u00fc40-Teil 7","isPartOf":{"@id":"https:\/\/www.sindiaboldt.de\/portraits\/#website"},"primaryImageOfPage":{"@id":"https:\/\/www.sindiaboldt.de\/portraits\/40ue40-teil-7\/#primaryimage"},"image":{"@id":"https:\/\/www.sindiaboldt.de\/portraits\/40ue40-teil-7\/#primaryimage"},"thumbnailUrl":"https:\/\/www.sindiaboldt.de\/portraits\/wp-content\/uploads\/sites\/5\/2022\/05\/Alexandra103-1.jpg","datePublished":"2022-04-21T08:47:37+00:00","dateModified":"2022-05-17T10:51:46+00:00","author":{"@id":"https:\/\/www.sindiaboldt.de\/portraits\/#\/schema\/person\/13668cbe0f52c57a9402a6032226e58e"},"breadcrumb":{"@id":"https:\/\/www.sindiaboldt.de\/portraits\/40ue40-teil-7\/#breadcrumb"},"inLanguage":"de","potentialAction":[{"@type":"ReadAction","target":["https:\/\/www.sindiaboldt.de\/portraits\/40ue40-teil-7\/"]}]},{"@type":"ImageObject","inLanguage":"de","@id":"https:\/\/www.sindiaboldt.de\/portraits\/40ue40-teil-7\/#primaryimage","url":"https:\/\/www.sindiaboldt.de\/portraits\/wp-content\/uploads\/sites\/5\/2022\/05\/Alexandra103-1.jpg","contentUrl":"https:\/\/www.sindiaboldt.de\/portraits\/wp-content\/uploads\/sites\/5\/2022\/05\/Alexandra103-1.jpg","width":581,"height":872,"caption":"Alexandra103 1"},{"@type":"BreadcrumbList","@id":"https:\/\/www.sindiaboldt.de\/portraits\/40ue40-teil-7\/#breadcrumb","itemListElement":[{"@type":"ListItem","position":1,"name":"Home","item":"https:\/\/www.sindiaboldt.de\/portraits\/"},{"@type":"ListItem","position":2,"name":"40\u00fc40-Teil 7"}]},{"@type":"WebSite","@id":"https:\/\/www.sindiaboldt.de\/portraits\/#website","url":"https:\/\/www.sindiaboldt.de\/portraits\/","name":"Portraits","description":"Eine weitere Sindia Boldt Photography Website","potentialAction":[{"@type":"SearchAction","target":{"@type":"EntryPoint","urlTemplate":"https:\/\/www.sindiaboldt.de\/portraits\/?s={search_term_string}"},"query-input":{"@type":"PropertyValueSpecification","valueRequired":true,"valueName":"search_term_string"}}],"inLanguage":"de"},{"@type":"Person","@id":"https:\/\/www.sindiaboldt.de\/portraits\/#\/schema\/person\/13668cbe0f52c57a9402a6032226e58e","name":"sindia","image":{"@type":"ImageObject","inLanguage":"de","@id":"https:\/\/www.sindiaboldt.de\/portraits\/#\/schema\/person\/image\/","url":"https:\/\/secure.gravatar.com\/avatar\/634be3b6facbe9cb0465d21b14b4dacd?s=96&d=mm&r=g","contentUrl":"https:\/\/secure.gravatar.com\/avatar\/634be3b6facbe9cb0465d21b14b4dacd?s=96&d=mm&r=g","caption":"sindia"}}]}},"_links":{"self":[{"href":"https:\/\/www.sindiaboldt.de\/portraits\/wp-json\/wp\/v2\/posts\/1139","targetHints":{"allow":["GET"]}}],"collection":[{"href":"https:\/\/www.sindiaboldt.de\/portraits\/wp-json\/wp\/v2\/posts"}],"about":[{"href":"https:\/\/www.sindiaboldt.de\/portraits\/wp-json\/wp\/v2\/types\/post"}],"author":[{"embeddable":true,"href":"https:\/\/www.sindiaboldt.de\/portraits\/wp-json\/wp\/v2\/users\/1"}],"replies":[{"embeddable":true,"href":"https:\/\/www.sindiaboldt.de\/portraits\/wp-json\/wp\/v2\/comments?post=1139"}],"version-history":[{"count":0,"href":"https:\/\/www.sindiaboldt.de\/portraits\/wp-json\/wp\/v2\/posts\/1139\/revisions"}],"wp:featuredmedia":[{"embeddable":true,"href":"https:\/\/www.sindiaboldt.de\/portraits\/wp-json\/wp\/v2\/media\/1233"}],"wp:attachment":[{"href":"https:\/\/www.sindiaboldt.de\/portraits\/wp-json\/wp\/v2\/media?parent=1139"}],"wp:term":[{"taxonomy":"category","embeddable":true,"href":"https:\/\/www.sindiaboldt.de\/portraits\/wp-json\/wp\/v2\/categories?post=1139"},{"taxonomy":"post_tag","embeddable":true,"href":"https:\/\/www.sindiaboldt.de\/portraits\/wp-json\/wp\/v2\/tags?post=1139"}],"curies":[{"name":"wp","href":"https:\/\/api.w.org\/{rel}","templated":true}]}}