{"id":1147,"date":"2022-05-02T10:48:38","date_gmt":"2022-05-02T08:48:38","guid":{"rendered":"https:\/\/www.sindiaboldt.de\/portraits\/?p=1147"},"modified":"2022-05-18T08:58:01","modified_gmt":"2022-05-18T06:58:01","slug":"40ue40-teil-9","status":"publish","type":"post","link":"https:\/\/www.sindiaboldt.de\/portraits\/40ue40-teil-9\/","title":{"rendered":"40\u00fc40-Teil 9"},"content":{"rendered":"<h1 style=\"text-align: center;\">40 Frauen \u00fcber 40 &#8211; Das Fotoprojekt &#8211; Teil 9:<\/h1>\n<p><img loading=\"lazy\" decoding=\"async\" class=\"aligncenter size-full wp-image-627\" title=\"Portraits Studio Sindia Boldt Photography Mu\u0308nchen 44 750x500 1\" src=\"https:\/\/www.sindiaboldt.de\/portraits\/wp-content\/uploads\/sites\/5\/2021\/09\/Portraits-Studio-Sindia-Boldt-Photography-Mu\u0308nchen-44-750x500-1.jpg\" alt=\"Portraits Studio Sindia Boldt Photography Mu\u0308nchen 44 750x500 1\" width=\"750\" height=\"500\" srcset=\"https:\/\/www.sindiaboldt.de\/portraits\/wp-content\/uploads\/sites\/5\/2021\/09\/Portraits-Studio-Sindia-Boldt-Photography-Mu\u0308nchen-44-750x500-1.jpg 750w, https:\/\/www.sindiaboldt.de\/portraits\/wp-content\/uploads\/sites\/5\/2021\/09\/Portraits-Studio-Sindia-Boldt-Photography-Mu\u0308nchen-44-750x500-1-300x200.jpg 300w\" sizes=\"auto, (max-width: 750px) 100vw, 750px\" \/><\/p>\n<p>&nbsp;<\/p>\n<p style=\"text-align: center;\">Susanne \/\/ Maria \/\/ Mariana \/\/ Ursula \/\/ Brigitte<\/p>\n<p style=\"text-align: center;\">Hier stellen wir Euch die Teilnehmerinnen unseres wundervollen <a href=\"https:\/\/www.sindiaboldt.de\/portraits\/40-ueber-40\/\">Fotoprojekts 40 Frauen \u00fcber 40<\/a> etwas n\u00e4her vor. In diesem Teil:<\/p>\n<h3 style=\"text-align: center;\">Susanne, 51, Hausfrau<strong>, Sprachwissenschaftlerin, 2 Kinder, verheiratet<\/strong><\/h3>\n<h3 style=\"text-align: center;\">Maria, 55, Konzertpianistin, 1 Sohn, verheiratet<\/h3>\n<h3 style=\"text-align: center;\">Mariana, <strong>48, Projektleitung, Marketing, einen Sohn, verlobt<\/strong><\/h3>\n<h3 style=\"text-align: center;\">Alexandra, 47, Arzthelferin, verheiratet<\/h3>\n<h3 style=\"text-align: center;\">Brigitte, 54, Arzthelferin, verheiratet<\/h3>\n<hr \/>\n<p>&nbsp;<\/p>\n<h2 style=\"text-align: center;\">Susanne, 51, Dipl.-\u00dcbersetzerin, Angestellte in Teilzeit, <strong>2 Kinder, verheiratet<\/strong><\/h2>\n<p style=\"text-align: center;\">WOLLTE SICH SELBST ZEIGEN, DASS SIE\u00a0 VIELLEICHT DOCH SCH\u00d6N VOR DER KAMERA AUSSEHEN KANN, AUCH IN IHREM ALTER<\/p>\n<p style=\"text-align: center;\"><img loading=\"lazy\" decoding=\"async\" class=\"aligncenter wp-image-1192 size-full\" title=\"Gaby Troetschel vorher\" src=\"https:\/\/www.sindiaboldt.de\/portraits\/wp-content\/uploads\/sites\/5\/2022\/05\/Susanne-Arendvorher-rotated.jpg\" alt=\"Susanne Arendvorher\" width=\"581\" height=\"775\" \/><\/p>\n<p style=\"text-align: center;\"><strong> Hier mehr Infos \u00fcber Susanne 51, Dipl. \u00dcbersetzerin f\u00fcr Italienisch und Englisch, verheiratet, 2 Kinder):<\/strong><\/p>\n<p style=\"text-align: center;\">Susanne hat 2 Kinder und lebt in Ingolstadt, geb\u00fcrtig ist sie Saarl\u00e4nderin.<\/p>\n<p style=\"text-align: center;\">16 Jahre lang hat sie in der IT eines gro\u00dfen Ingolst\u00e4dter Unternehmens gearbeitet, zuletzt als Senior Consultant.<\/p>\n<p style=\"text-align: center;\">Das war sehr kr\u00e4ftezehrend, f\u00fcr die Familie\u00a0war wenig Zeit. Heute hat sie sich entschieden, den Fokus mehr auf sich und ihre Familie zu richten. Diese Entscheidung bereut sie nicht.<\/p>\n<p style=\"text-align: center;\"><strong>&#8220;Was m\u00f6gen andere besonders gerne an Dir?&#8221;<\/strong><\/p>\n<p style=\"text-align: center;\">&#8220;Was mich auszeichnet, ist Empathie. Ich habe sehr viel Einf\u00fchlungsverm\u00f6gen, stecke Menschen nicht in eine Schublade.<\/p>\n<p style=\"text-align: center;\">Das ist eine positive, herausragende Eigenschaft.&#8221;<\/p>\n<p style=\"text-align: center;\">&#8220;Meine Tochter sagt immer, ich bin sch\u00f6n.&#8221;<\/p>\n<p style=\"text-align: center;\">&#8220;Vor langer Zeit hat mir einmal eine Freundin gesagt, da\u00df ich ganz sch\u00f6ne Augen habe.&#8221;<\/p>\n<p style=\"text-align: center;\"><strong>&#8220;Was ist f\u00fcr Dich Sch\u00f6nheit?&#8221;<\/strong><\/p>\n<p style=\"text-align: center;\">&#8220;Nicht unbedingt nur Makellosigkeit, sondern eher\u00a0Charakter. Mittlerweile auch, wenn ich in einem Gesicht Erfahrung lesen kann. Wenn jemand von innen strahlt, dann ist das f\u00fcr mich Sch\u00f6nheit.&#8221;<\/p>\n<p style=\"text-align: center;\"><strong>&#8220;Findest Du Dich selber sch\u00f6n?&#8221;<\/strong><\/p>\n<p style=\"text-align: center;\">&#8220;Ich muss sagen, trotz aller Selbstkritik gibt es Seiten, die mir an mir selbst gefallen, zum Beispiel meine Augen. Seit 17 Jahren mache ich Yoga. Dort lernt man unter anderem, sich selbst mehr zu m\u00f6gen. Daran arbeite ich.&#8221;<\/p>\n<p style=\"text-align: center;\"><strong>&#8220;Gab es in Deinem Leben einmal einen Weichen Moment?&#8221;<\/strong><\/p>\n<p style=\"text-align: center;\">&#8220;Ich habe nach langem Ringen entschieden, meinen erfolgreichen Job an den Nagel zu h\u00e4ngen, um meiner Familie und meiner Gesundheit gerecht zu werden, die all die Jahre zu kurz gekommen sind. Ein Sprung ins Ungewisse, der uns allen gut getan hat.<\/p>\n<p style=\"text-align: center;\">Heute, mit dem Minijob in der Kanzlei meines Mannes, kann ich meine Kinder unterst\u00fctzen, wenn sie mich brauchen, und es haben sich auch f\u00fcr mich neue M\u00f6glichkeiten er\u00f6ffnet. Heute habe ich Zeit f\u00fcr Familie, lange Spazierg\u00e4nge mit meinem Golden Retriever und kann meine Kreativit\u00e4t ausleben.<\/p>\n<h3 style=\"text-align: center;\"><strong>Das Ergebnis von Susanne\u00b4s Fotoshooting im Fotoatelier Hohenkammer:<\/strong><\/h3>\n<div id='gallery-1' class='gallery galleryid-1147 gallery-columns-3 gallery-size-full'><figure class='gallery-item'>\n\t\t\t<div class='gallery-icon portrait'>\n\t\t\t\t<img loading=\"lazy\" decoding=\"async\" width=\"581\" height=\"872\" src=\"https:\/\/www.sindiaboldt.de\/portraits\/wp-content\/uploads\/sites\/5\/2022\/05\/SusanneA92.jpg\" class=\"attachment-full size-full\" alt=\"SusanneA92\" srcset=\"https:\/\/www.sindiaboldt.de\/portraits\/wp-content\/uploads\/sites\/5\/2022\/05\/SusanneA92.jpg 581w, https:\/\/www.sindiaboldt.de\/portraits\/wp-content\/uploads\/sites\/5\/2022\/05\/SusanneA92-200x300.jpg 200w\" sizes=\"auto, (max-width: 581px) 100vw, 581px\" \/>\n\t\t\t<\/div><\/figure><figure class='gallery-item'>\n\t\t\t<div class='gallery-icon landscape'>\n\t\t\t\t<img loading=\"lazy\" decoding=\"async\" width=\"581\" height=\"387\" src=\"https:\/\/www.sindiaboldt.de\/portraits\/wp-content\/uploads\/sites\/5\/2022\/05\/SusanneA70fertig.jpg\" class=\"attachment-full size-full\" alt=\"SusanneA70fertig\" srcset=\"https:\/\/www.sindiaboldt.de\/portraits\/wp-content\/uploads\/sites\/5\/2022\/05\/SusanneA70fertig.jpg 581w, https:\/\/www.sindiaboldt.de\/portraits\/wp-content\/uploads\/sites\/5\/2022\/05\/SusanneA70fertig-300x200.jpg 300w\" sizes=\"auto, (max-width: 581px) 100vw, 581px\" \/>\n\t\t\t<\/div><\/figure><figure class='gallery-item'>\n\t\t\t<div class='gallery-icon portrait'>\n\t\t\t\t<img loading=\"lazy\" decoding=\"async\" width=\"581\" height=\"872\" src=\"https:\/\/www.sindiaboldt.de\/portraits\/wp-content\/uploads\/sites\/5\/2022\/05\/SusanneA12fertig.jpg\" class=\"attachment-full size-full\" alt=\"SusanneA12fertig\" srcset=\"https:\/\/www.sindiaboldt.de\/portraits\/wp-content\/uploads\/sites\/5\/2022\/05\/SusanneA12fertig.jpg 581w, https:\/\/www.sindiaboldt.de\/portraits\/wp-content\/uploads\/sites\/5\/2022\/05\/SusanneA12fertig-200x300.jpg 200w\" sizes=\"auto, (max-width: 581px) 100vw, 581px\" \/>\n\t\t\t<\/div><\/figure>\n\t\t<\/div>\n\n<hr \/>\n<p>&nbsp;<\/p>\n<h2 style=\"text-align: center;\">Maria, 55, Konzertpianistin, 1 Sohn, verheiratet<\/h2>\n<p style=\"text-align: center;\">IHRE LETZTE FOTOSESSION IST SCHON LANGE HER. SIE WOLLTE ETWAS SCH\u00d6NES F\u00dcR SICH SELBST MACHEN UND FAND DAS PROJEKT SCH\u00d6N<\/p>\n<p style=\"text-align: center;\"><img loading=\"lazy\" decoding=\"async\" class=\"aligncenter wp-image-1196 size-full\" title=\"Gaby Troetschel vorher\" src=\"https:\/\/www.sindiaboldt.de\/portraits\/wp-content\/uploads\/sites\/5\/2022\/05\/Maria-Euringer_vorher-fitting-rotated.jpg\" alt=\"Maria Euringer vorher fitting\" width=\"581\" height=\"775\" srcset=\"https:\/\/www.sindiaboldt.de\/portraits\/wp-content\/uploads\/sites\/5\/2022\/05\/Maria-Euringer_vorher-fitting-rotated.jpg 581w, https:\/\/www.sindiaboldt.de\/portraits\/wp-content\/uploads\/sites\/5\/2022\/05\/Maria-Euringer_vorher-fitting-225x300.jpg 225w\" sizes=\"auto, (max-width: 581px) 100vw, 581px\" \/><\/p>\n<p style=\"text-align: center;\"><strong>Hier mehr Infos \u00fcber <\/strong>Maria, 55, Konzertpianistin, 1 Sohn, verheiratet<\/p>\n<p style=\"text-align: center;\"><strong>\u201eWas bedeutet Sch\u00f6nheit f\u00fcr dich?\u201c<\/strong><\/p>\n<p style=\"text-align: center;\">\u201eAls Musikerin denke ich Sch\u00f6nheit ist Musik aber nicht so profan. Sch\u00f6nheit liegt im Auge des Betrachters. Sch\u00f6nheit umfasst uns alle wir m\u00fcssen nur die Augen offen halten. Man sollte Morgens aufwachen und den Fokus auf die kleinen Dinge legen wie den blauen Himmel oder das Ger\u00e4usch von Regentropfen und die Sch\u00f6nheit im Alltag entdecken.\u201c<\/p>\n<p style=\"text-align: center;\"><strong>\u201eWas magst du an dir besonders gerne?\u201c<\/strong><\/p>\n<p style=\"text-align: center;\">\u201eMeine Geduld, ich bin wahnsinnig geduldig. Bin Perfektionistin und deswegen muss ich mich auch immer bremsen und mit Geduld an die Sache gehen.<\/p>\n<p style=\"text-align: center;\">\u201eMein inneres Leuchten. \u201e<\/p>\n<p style=\"text-align: center;\"><strong>\u201eF\u00fchlst du dich gew\u00e4rtsch\u00e4tzt?\u201c<\/strong><\/p>\n<p style=\"text-align: center;\">\u201eMan kann nicht in allen Bereichen gew\u00e4rtsch\u00e4tzt werden. Zu Hause werde ich gew\u00e4rtsch\u00e4tzt und auch vermisst wenn ich weg bin, und nicht nur weil ich gut kochen kann. \u201e<\/p>\n<p style=\"text-align: center;\">\u201eVon Kollegen sp\u00fcre ich Wertsch\u00e4tzung. Und im allgemeinen sollte man W\u00fcrde haben und auch die Person die einem gegen\u00fcber steht w\u00fcrdigen, egal ob du sie zum Ersten mal im Leben siehst oder ob es ein Freund ist.\u201c<\/p>\n<p style=\"text-align: center;\"><strong>\u201eWie empfindest du die Beziehung zwischen Frauen untereinander?\u201c<\/strong><\/p>\n<p style=\"text-align: center;\">\u201eJede Frau hat erlebt geliebt oder gesch\u00e4tzt zu werden oder auch hintergangen zu werden, das ist das normale Leben. Frauen sind oft neidisch, vor allem in meinem Bereich Kunst und Kultur, aber das geh\u00f6rt zum Leben. Ich kann nur f\u00fcr mich sprechen, ich selbst bin nie neidisch wegen dem Alter, Stellung oder&#8230; ich finde neidisch zu sein ist vertane zeit. Ich w\u00fcnsche mir dass die Frauen auch offener aufeinander zugehen.\u201c<\/p>\n<p style=\"text-align: center;\"><strong>\u201eGab es in deinem Leben eine Situation wo du gedacht hast, das passiert mir jetzt weil ich eine Frau bin?\u201c<\/strong><\/p>\n<p style=\"text-align: center;\">\u201eAuf Meiner allerersten CD 1994\/95 war ich auf dem Cover mit tollen Haaren und roten Lippen zu sehen und mir wurde gesagt von jemandem der mich pers\u00f6nlich kannte, dass wenn man so aussieht man keine gute Musik machen kann. Damals konnte man nicht h\u00fcsch und talentiert sein. Da war ich 10 Jahre zu fr\u00fch dran.\u201e<\/p>\n<div id='gallery-2' class='gallery galleryid-1147 gallery-columns-3 gallery-size-full'><figure class='gallery-item'>\n\t\t\t<div class='gallery-icon portrait'>\n\t\t\t\t<img loading=\"lazy\" decoding=\"async\" width=\"581\" height=\"872\" src=\"https:\/\/www.sindiaboldt.de\/portraits\/wp-content\/uploads\/sites\/5\/2022\/05\/MariaEu-47.jpg\" class=\"attachment-full size-full\" alt=\"MariaEu 47\" srcset=\"https:\/\/www.sindiaboldt.de\/portraits\/wp-content\/uploads\/sites\/5\/2022\/05\/MariaEu-47.jpg 581w, https:\/\/www.sindiaboldt.de\/portraits\/wp-content\/uploads\/sites\/5\/2022\/05\/MariaEu-47-200x300.jpg 200w\" sizes=\"auto, (max-width: 581px) 100vw, 581px\" \/>\n\t\t\t<\/div><\/figure><figure class='gallery-item'>\n\t\t\t<div class='gallery-icon landscape'>\n\t\t\t\t<img loading=\"lazy\" decoding=\"async\" width=\"581\" height=\"387\" src=\"https:\/\/www.sindiaboldt.de\/portraits\/wp-content\/uploads\/sites\/5\/2022\/05\/MariaEur112fertigg.jpg\" class=\"attachment-full size-full\" alt=\"MariaEur112fertigg\" srcset=\"https:\/\/www.sindiaboldt.de\/portraits\/wp-content\/uploads\/sites\/5\/2022\/05\/MariaEur112fertigg.jpg 581w, https:\/\/www.sindiaboldt.de\/portraits\/wp-content\/uploads\/sites\/5\/2022\/05\/MariaEur112fertigg-300x200.jpg 300w\" sizes=\"auto, (max-width: 581px) 100vw, 581px\" \/>\n\t\t\t<\/div><\/figure><figure class='gallery-item'>\n\t\t\t<div class='gallery-icon portrait'>\n\t\t\t\t<img loading=\"lazy\" decoding=\"async\" width=\"581\" height=\"872\" src=\"https:\/\/www.sindiaboldt.de\/portraits\/wp-content\/uploads\/sites\/5\/2022\/05\/MariaEuri74fertig.jpg\" class=\"attachment-full size-full\" alt=\"MariaEuri74fertig\" srcset=\"https:\/\/www.sindiaboldt.de\/portraits\/wp-content\/uploads\/sites\/5\/2022\/05\/MariaEuri74fertig.jpg 581w, https:\/\/www.sindiaboldt.de\/portraits\/wp-content\/uploads\/sites\/5\/2022\/05\/MariaEuri74fertig-200x300.jpg 200w\" sizes=\"auto, (max-width: 581px) 100vw, 581px\" \/>\n\t\t\t<\/div><\/figure>\n\t\t<\/div>\n\n<hr \/>\n<p>&nbsp;<\/p>\n<h2 style=\"text-align: center;\">Mariana, <strong>48, Projektleitung, Marketing, einen Sohn, verlobt<\/strong><\/h2>\n<p style=\"text-align: center;\">MARIANA IST IN PERU GEBOREN, HAT IN USA GELEBT UND SCH\u00c4TZT DEUTSCHLAND ALS LAND SEHR. ES GIBT KOSTENLOSE BILDUNG, EIN GUTES GESUNDHEITS- UND SOZIALSYSTEM. DAS LAND IST SICHER. SIE FINDET ES SCHADE, DASS GEB\u00dcRTIGE DEUTSCHE DIESE DINGE OFT ALS SELBSTVERST\u00c4NDLICH ANSEHEN UND ES NICHT SCH\u00c4TZEN IN EINEM SOLCH &#8220;LEBENSWERTEN&#8221; LAND ZU LEBEN.<\/p>\n<p style=\"text-align: center;\"><img loading=\"lazy\" decoding=\"async\" class=\"aligncenter wp-image-1201 size-full\" title=\"Gaby Troetschel vorher\" src=\"https:\/\/www.sindiaboldt.de\/portraits\/wp-content\/uploads\/sites\/5\/2022\/05\/Mariana-Moralesvorher-rotated.jpg\" alt=\"Mariana Moralesvorher\" width=\"581\" height=\"775\" srcset=\"https:\/\/www.sindiaboldt.de\/portraits\/wp-content\/uploads\/sites\/5\/2022\/05\/Mariana-Moralesvorher-rotated.jpg 581w, https:\/\/www.sindiaboldt.de\/portraits\/wp-content\/uploads\/sites\/5\/2022\/05\/Mariana-Moralesvorher-225x300.jpg 225w\" sizes=\"auto, (max-width: 581px) 100vw, 581px\" \/><\/p>\n<p style=\"text-align: center;\"><strong>Hier mehr Infos \u00fcber Mariana (48, Projektleitung, Marketing, einen Sohn, verlobt):<\/strong><\/p>\n<p style=\"text-align: center;\">Mariana, 48 kommt aus Peru, hat davor 8 Jahre lang in den USA in Virginia gelebt. Dort hat sie ihren Sohn zur Welt bekommen der heute 15 Jahre alt ist. Mariana war an einer technisschen Schule und hat Programmieren gelernt. Die meiste Zeit hat sie aber im Projektmanagement gearbeitet. Nach der Schwangerschaft hat sie einen Posten im Marketing der Firma bekommen, das hat ihr Spa\u00df gemacht. \u00a0In Deutschland ist es etwas schwieriger einen Job zu finden der ihr Spa\u00df macht. Sie liebt es zu organisieren und auch zu kreiren. Mariana mag es wenn etwas sch\u00f6n aussieht.<\/p>\n<p style=\"text-align: center;\">Sie kam als ihr Sohn drei Jahre alt war wieder zur\u00fcck nach Peru. Hatte 5 Jahre eine Fernbeziehung. Heute glaubt sie nicht mehr an Fernbeziehungen. 2014 kam sie wieder nach Deutschland. Hat versucht die Sprache zu lernen. Als sie her kam war ihr Mann in einer andere Beziehung. Mariana ist dann trotzdem in Deutschland geblieben um ihrem Sohn eine gute Ausbildung und Zukunft zu erm\u00f6glichen. All die M\u00f6glichkeiten die sie in Deutschland hat machen ihren Sohn auch gl\u00fccklich. Sie genie\u00dft die Freiheit, die Kinder und sie k\u00f6nnen sich frei bewegen. Das sei f\u00fcr sie nicht selbstverst\u00e4ndlich.<\/p>\n<p style=\"text-align: center;\"><strong>\u201eWas ist das sch\u00f6ne am \u00e4lter werden?\u201c<\/strong><\/p>\n<p style=\"text-align: center;\">\u201eWenn\u00a0 man j\u00fcnger ist hat man einen Stereotyp in seinem Kopf wie man sein muss, wenn man \u00e4lter wird f\u00fchlt man sich gut in seinem K\u00f6rper, akzeptiert ihn. Ich bin einfach gl\u00fccklich.\u201c<\/p>\n<p style=\"text-align: center;\"><strong>\u201eWas ist Sch\u00f6nheit f\u00fcr dich?\u201c<\/strong><\/p>\n<p style=\"text-align: center;\">\u201eIn den Filmen waren die perfekten Frauen immer blond, blau\u00e4ugig und d\u00fcnn. Jetzt sind mehr spanische Frauen in den Filmen zu sehen und es hat sich gedreht mit der Zeit. Jetzt ist mehr Diversity und Authentizit\u00e4t gefragt. Wenn sich eine Person mit sich selbst gut f\u00fchlt macht es diese Person sch\u00f6n. Beauty comes from inside. Selbstsicherheit macht sch\u00f6n.&#8221;<\/p>\n<p style=\"text-align: center;\">Sieht sich selbst als attraktiv, nicht unbedingt sch\u00f6n aber f\u00fchlt sich gut so wie sie aussieht. Manchmal wacht sich auf und denkt sich, wow ich sehe gut und frisch aus. Es kommt auch auf die Emotionen an wie man sich selbst sieht.<\/p>\n<p style=\"text-align: center;\"><strong>\u201eWas magst du an dir? Was nicht?\u201c<\/strong><\/p>\n<p style=\"text-align: center;\">\u201eIch mag mein Lachen und was ich nicht mag sind meine \u00fcberfl\u00fcssigen Kilos.\u201c<\/p>\n<p style=\"text-align: center;\"><strong>Das Ergebnis von Mariana\u00b4s Fotoshooting im Fotoatelier Hohenkammer:<\/strong><\/p>\n<div id='gallery-3' class='gallery galleryid-1147 gallery-columns-3 gallery-size-full'><figure class='gallery-item'>\n\t\t\t<div class='gallery-icon portrait'>\n\t\t\t\t<img loading=\"lazy\" decoding=\"async\" width=\"581\" height=\"872\" src=\"https:\/\/www.sindiaboldt.de\/portraits\/wp-content\/uploads\/sites\/5\/2022\/05\/Mariana84.jpg\" class=\"attachment-full size-full\" alt=\"Mariana84\" srcset=\"https:\/\/www.sindiaboldt.de\/portraits\/wp-content\/uploads\/sites\/5\/2022\/05\/Mariana84.jpg 581w, https:\/\/www.sindiaboldt.de\/portraits\/wp-content\/uploads\/sites\/5\/2022\/05\/Mariana84-200x300.jpg 200w\" sizes=\"auto, (max-width: 581px) 100vw, 581px\" \/>\n\t\t\t<\/div><\/figure><figure class='gallery-item'>\n\t\t\t<div class='gallery-icon landscape'>\n\t\t\t\t<img loading=\"lazy\" decoding=\"async\" width=\"581\" height=\"387\" src=\"https:\/\/www.sindiaboldt.de\/portraits\/wp-content\/uploads\/sites\/5\/2022\/05\/Mariana70fertig.jpg\" class=\"attachment-full size-full\" alt=\"Mariana70fertig\" srcset=\"https:\/\/www.sindiaboldt.de\/portraits\/wp-content\/uploads\/sites\/5\/2022\/05\/Mariana70fertig.jpg 581w, https:\/\/www.sindiaboldt.de\/portraits\/wp-content\/uploads\/sites\/5\/2022\/05\/Mariana70fertig-300x200.jpg 300w\" sizes=\"auto, (max-width: 581px) 100vw, 581px\" \/>\n\t\t\t<\/div><\/figure><figure class='gallery-item'>\n\t\t\t<div class='gallery-icon portrait'>\n\t\t\t\t<img loading=\"lazy\" decoding=\"async\" width=\"581\" height=\"871\" src=\"https:\/\/www.sindiaboldt.de\/portraits\/wp-content\/uploads\/sites\/5\/2022\/05\/Mariana99.jpg\" class=\"attachment-full size-full\" alt=\"Mariana99\" srcset=\"https:\/\/www.sindiaboldt.de\/portraits\/wp-content\/uploads\/sites\/5\/2022\/05\/Mariana99.jpg 581w, https:\/\/www.sindiaboldt.de\/portraits\/wp-content\/uploads\/sites\/5\/2022\/05\/Mariana99-200x300.jpg 200w\" sizes=\"auto, (max-width: 581px) 100vw, 581px\" \/>\n\t\t\t<\/div><\/figure>\n\t\t<\/div>\n\n<hr \/>\n<p>&nbsp;<\/p>\n<h2 style=\"text-align: center;\">Alexandra, 47, Artzhelferin, verheiratet<\/h2>\n<p style=\"text-align: center;\">ALEXANDRA MAG ES ETWAS AUSGEFALLENER, KR\u00c4FTIGE FARBEN UND IST DEFINITIV KEIN GRAUES M\u00c4USCHEN. EINE GANZ BESONDERE FRAU, DIE MIT GUTER LAUNE UND STRAHLENDEM LACHEN DIE WELT BEREICHERT.<\/p>\n<p>&nbsp;<\/p>\n<p style=\"text-align: center;\"><img loading=\"lazy\" decoding=\"async\" class=\"aligncenter wp-image-1206 size-full\" title=\"Gaby Troetschel vorher\" src=\"https:\/\/www.sindiaboldt.de\/portraits\/wp-content\/uploads\/sites\/5\/2022\/05\/Alexandra_vorher-rotated.jpg\" alt=\"Alexandra vorher\" width=\"581\" height=\"775\" srcset=\"https:\/\/www.sindiaboldt.de\/portraits\/wp-content\/uploads\/sites\/5\/2022\/05\/Alexandra_vorher-rotated.jpg 581w, https:\/\/www.sindiaboldt.de\/portraits\/wp-content\/uploads\/sites\/5\/2022\/05\/Alexandra_vorher-225x300.jpg 225w\" sizes=\"auto, (max-width: 581px) 100vw, 581px\" \/><\/p>\n<p style=\"text-align: center;\"><strong>Hier mehr Infos \u00fcber Alexandra (47, Arzthelferin, verheiratet):<\/strong><\/p>\n<p style=\"text-align: center;\">Alexandra hat ein wunderbar sonniges Gem\u00fct. Immer ein Lachen auf den Lippen und strahlt viel Herzlichkeit aus.<\/p>\n<p style=\"text-align: center;\">Beim Shooting ging sie super schnell aus sich heraus, auch wenn sie anfangs gar nicht recht wusste, ob das was f\u00fcr sie ist.<\/p>\n<p style=\"text-align: center;\">In unserem fuchsia-farbenen Abendkleid fand sie sich gleich ganz wundervoll und auch das schwarze Paillettenkleid traf Ihren Geschmack.<\/p>\n<p style=\"text-align: center;\">Sie mag es etwas ausgefallener, kr\u00e4ftige Farben und ist definitiv kein graues M\u00e4uschen.<\/p>\n<p style=\"text-align: center;\">Eine ganz besondere Frau, die mit guter Laune und strahlendem Lachen die Welt bereichert. In ihrer Freizeit geht sie Wandern und arbeite gerne in ihrem Garten. Sie ist passionierte Tante und liebt das Basteln mit ihrer Nichte (4 Jahre).<\/p>\n<p>&nbsp;<\/p>\n<p style=\"text-align: center;\"><strong>&#8220;Was ist f\u00fcr dich das Beste am \u00e4lter werden?&#8221;<\/strong><\/p>\n<p style=\"text-align: center;\">&#8220;Es gibt mir mehr Selbstbewusstsein&#8221;<\/p>\n<p style=\"text-align: center;\"><strong>&#8220;Findest du dich sch\u00f6n?<\/strong><strong>&#8220;<\/strong><\/p>\n<p style=\"text-align: center;\">&#8220;Ja, manchmal, nicht immer.&#8221;<\/p>\n<p style=\"text-align: center;\"><strong>Das Ergebnis von Alexandra&#8217;s Fotoshooting im Fotoatelier Hohenkammer:<\/strong><\/p>\n<div id='gallery-4' class='gallery galleryid-1147 gallery-columns-3 gallery-size-full'><figure class='gallery-item'>\n\t\t\t<div class='gallery-icon portrait'>\n\t\t\t\t<img loading=\"lazy\" decoding=\"async\" width=\"581\" height=\"872\" src=\"https:\/\/www.sindiaboldt.de\/portraits\/wp-content\/uploads\/sites\/5\/2022\/05\/100.jpg\" class=\"attachment-full size-full\" alt=\"100\" srcset=\"https:\/\/www.sindiaboldt.de\/portraits\/wp-content\/uploads\/sites\/5\/2022\/05\/100.jpg 581w, https:\/\/www.sindiaboldt.de\/portraits\/wp-content\/uploads\/sites\/5\/2022\/05\/100-200x300.jpg 200w\" sizes=\"auto, (max-width: 581px) 100vw, 581px\" \/>\n\t\t\t<\/div><\/figure><figure class='gallery-item'>\n\t\t\t<div class='gallery-icon portrait'>\n\t\t\t\t<img loading=\"lazy\" decoding=\"async\" width=\"581\" height=\"872\" src=\"https:\/\/www.sindiaboldt.de\/portraits\/wp-content\/uploads\/sites\/5\/2022\/05\/Alexandra129-1.jpg\" class=\"attachment-full size-full\" alt=\"Alexandra129 1\" srcset=\"https:\/\/www.sindiaboldt.de\/portraits\/wp-content\/uploads\/sites\/5\/2022\/05\/Alexandra129-1.jpg 581w, https:\/\/www.sindiaboldt.de\/portraits\/wp-content\/uploads\/sites\/5\/2022\/05\/Alexandra129-1-200x300.jpg 200w\" sizes=\"auto, (max-width: 581px) 100vw, 581px\" \/>\n\t\t\t<\/div><\/figure><figure class='gallery-item'>\n\t\t\t<div class='gallery-icon portrait'>\n\t\t\t\t<img loading=\"lazy\" decoding=\"async\" width=\"581\" height=\"872\" src=\"https:\/\/www.sindiaboldt.de\/portraits\/wp-content\/uploads\/sites\/5\/2022\/05\/Alexandra103-1.jpg\" class=\"attachment-full size-full\" alt=\"Alexandra103 1\" srcset=\"https:\/\/www.sindiaboldt.de\/portraits\/wp-content\/uploads\/sites\/5\/2022\/05\/Alexandra103-1.jpg 581w, https:\/\/www.sindiaboldt.de\/portraits\/wp-content\/uploads\/sites\/5\/2022\/05\/Alexandra103-1-200x300.jpg 200w\" sizes=\"auto, (max-width: 581px) 100vw, 581px\" \/>\n\t\t\t<\/div><\/figure>\n\t\t<\/div>\n\n<hr \/>\n<p>&nbsp;<\/p>\n<h2 style=\"text-align: center;\">Brigitte, 54, Arzthelferin, verheiratet<\/h2>\n<p style=\"text-align: center;\">HAT EINEN ARTIKEL \u00dcBER DAS PROJEKT GELESEN UND DIE FOTOS SIND IHR DIREKT INS AUGE GESTOCHEN.<\/p>\n<p style=\"text-align: center;\"><img loading=\"lazy\" decoding=\"async\" class=\"aligncenter wp-image-1247 size-full\" title=\"Gaby Troetschel vorher\" src=\"https:\/\/www.sindiaboldt.de\/portraits\/wp-content\/uploads\/sites\/5\/2022\/05\/Brigitte-vorher-rotated.jpg\" alt=\"Brigitte vorher\" width=\"581\" height=\"775\" srcset=\"https:\/\/www.sindiaboldt.de\/portraits\/wp-content\/uploads\/sites\/5\/2022\/05\/Brigitte-vorher-rotated.jpg 581w, https:\/\/www.sindiaboldt.de\/portraits\/wp-content\/uploads\/sites\/5\/2022\/05\/Brigitte-vorher-225x300.jpg 225w\" sizes=\"auto, (max-width: 581px) 100vw, 581px\" \/><\/p>\n<p style=\"text-align: center;\"><strong>Hier mehr Infos \u00fcber Brigitte (54, Arzthelferin, verheiratet):<\/strong><\/p>\n<p style=\"text-align: center;\">54 Jahre alt, lebt mit ihrem Mann, 2 Katzen und Hund in einem Haus in Ingolstadt. Brigitte ist Arzthelferin in einer kardiologischen Praxis. Ihre Hobbys sind ihre Tiere. 20 Jahre ist sie nun gl\u00fccklich verheiratet. Ihr Geheimrezept f\u00fcr eine gl\u00fcckliche Ehe ist: \u201eDas wichtigste ist, dass jeder machen kann was er gerne m\u00f6chte und einem der Partner nicht im Weg steht. Sie unternimmt viel mit ihren Freundinnen oder f\u00e4hrt mit ihnen in den Urlaub.<\/p>\n<p style=\"text-align: center;\"><strong>&#8220;Was ist f\u00fcr dich das Beste am \u00c4lterwerden beziehungsweise an deinem aktuellen Alter?&#8221;<\/strong><\/p>\n<p style=\"text-align: center;\">\u201eJa, man ist finde ich gelassener. Ich habe nat\u00fcrlich auch Phasen in meinem Leben gehabt die nicht so toll waren und wenn man sagt ich kann das jetzt hinter mir lassen, dann ist das einfach viel entspannter. Man lebt sich leichter. Es gibt viele Gr\u00fcnde die das Leben in meinem Alter jetzt leichter machen. Man hat ganz andere Ziele.\u201c<\/p>\n<p style=\"text-align: center;\"><strong>&#8220;Was bedeutet f\u00fcr dich Sch\u00f6nheit?&#8221;<\/strong><\/p>\n<p style=\"text-align: center;\">\u201eEs kommt von innen, ich bin nicht der Typ der auf \u00c4u\u00dferlichkeiten Wert legt, wobei ich es auch sch\u00f6n finde wenn jemand sch\u00f6n ist oder sch\u00f6ne Sachen hat. Wenn jemand w\u00e4rme ausstr\u00e4hlt das finde ich sch\u00f6n.\u201c<\/p>\n<p style=\"text-align: center;\"><strong>\u201eFindest du dich sch\u00f6n?\u201c<\/strong><\/p>\n<p style=\"text-align: center;\">\u201eManchmal, also da kommt jetzt kein ja oder nein. Es hat etwas mit dem k\u00f6rperlichen Zustand zu tun. Wenn es mir gesunheitlich nicht gut geht, dann f\u00fchl ich mich auch nicht so sch\u00f6n. Ich bin im Gro\u00dfen und Ganzen zufrieden mit mir.\u201c<\/p>\n<p style=\"text-align: center;\"><b>&#8220;Was war das Beste, was du jemals tun konntest, wo du froh bist, dass du es gemacht hast?&#8221;<\/b><\/p>\n<p style=\"text-align: center;\">\u201eMein Mann war nicht immer so begeistert von den Tieren und ich habe mich da durchgerungen und durchgesetzt das war das Beste was mir passieren konnte.\u201c<\/p>\n<p style=\"text-align: center;\"><strong>Das Ergebnis von Brigitte&#8217;s Fotoshooting im Fotoatelier Hohenkammer:<\/strong><\/p>\n<div id='gallery-5' class='gallery galleryid-1147 gallery-columns-3 gallery-size-full'><figure class='gallery-item'>\n\t\t\t<div class='gallery-icon portrait'>\n\t\t\t\t<img loading=\"lazy\" decoding=\"async\" width=\"581\" height=\"871\" src=\"https:\/\/www.sindiaboldt.de\/portraits\/wp-content\/uploads\/sites\/5\/2022\/05\/Brigitte82.jpg\" class=\"attachment-full size-full\" alt=\"Brigitte82\" srcset=\"https:\/\/www.sindiaboldt.de\/portraits\/wp-content\/uploads\/sites\/5\/2022\/05\/Brigitte82.jpg 581w, https:\/\/www.sindiaboldt.de\/portraits\/wp-content\/uploads\/sites\/5\/2022\/05\/Brigitte82-200x300.jpg 200w\" sizes=\"auto, (max-width: 581px) 100vw, 581px\" \/>\n\t\t\t<\/div><\/figure><figure class='gallery-item'>\n\t\t\t<div class='gallery-icon portrait'>\n\t\t\t\t<img loading=\"lazy\" decoding=\"async\" width=\"581\" height=\"872\" src=\"https:\/\/www.sindiaboldt.de\/portraits\/wp-content\/uploads\/sites\/5\/2022\/05\/Brigitte34wp.jpg\" class=\"attachment-full size-full\" alt=\"Brigitte34wp\" srcset=\"https:\/\/www.sindiaboldt.de\/portraits\/wp-content\/uploads\/sites\/5\/2022\/05\/Brigitte34wp.jpg 581w, https:\/\/www.sindiaboldt.de\/portraits\/wp-content\/uploads\/sites\/5\/2022\/05\/Brigitte34wp-200x300.jpg 200w\" sizes=\"auto, (max-width: 581px) 100vw, 581px\" \/>\n\t\t\t<\/div><\/figure><figure class='gallery-item'>\n\t\t\t<div class='gallery-icon portrait'>\n\t\t\t\t<img loading=\"lazy\" decoding=\"async\" width=\"581\" height=\"872\" src=\"https:\/\/www.sindiaboldt.de\/portraits\/wp-content\/uploads\/sites\/5\/2022\/05\/Brigitte91wp.jpg\" class=\"attachment-full size-full\" alt=\"Brigitte91wp\" srcset=\"https:\/\/www.sindiaboldt.de\/portraits\/wp-content\/uploads\/sites\/5\/2022\/05\/Brigitte91wp.jpg 581w, https:\/\/www.sindiaboldt.de\/portraits\/wp-content\/uploads\/sites\/5\/2022\/05\/Brigitte91wp-200x300.jpg 200w\" sizes=\"auto, (max-width: 581px) 100vw, 581px\" \/>\n\t\t\t<\/div><\/figure>\n\t\t<\/div>\n\n<hr \/>\n<p>&nbsp;<\/p>\n<h2 style=\"text-align: center;\"><\/h2>\n","protected":false},"excerpt":{"rendered":"<p>40 Frauen \u00fcber 40 &#8211; Das Fotoprojekt &#8211; Teil 9: &nbsp; Susanne \/\/ Maria \/\/ Mariana \/\/ Ursula \/\/ Brigitte Hier stellen wir Euch die Teilnehmerinnen unseres wundervollen Fotoprojekts 40 Frauen \u00fcber 40 etwas n\u00e4her vor. In diesem Teil: Susanne, 51, Hausfrau, Sprachwissenschaftlerin, 2 Kinder, verheiratet Maria, 55, Konzertpianistin, 1 Sohn, verheiratet Mariana, 48, Projektleitung, [&hellip;]<\/p>\n","protected":false},"author":1,"featured_media":1202,"comment_status":"open","ping_status":"open","sticky":false,"template":"","format":"standard","meta":{"footnotes":""},"categories":[1],"tags":[],"class_list":{"0":"post-1147","1":"post","2":"type-post","3":"status-publish","4":"format-standard","5":"has-post-thumbnail","7":"category-allgemein"},"yoast_head":"<!-- This site is optimized with the Yoast SEO plugin v26.8 - https:\/\/yoast.com\/product\/yoast-seo-wordpress\/ -->\n<title>40\u00fc40-Teil 9<\/title>\n<meta name=\"robots\" content=\"index, follow, max-snippet:-1, max-image-preview:large, max-video-preview:-1\" \/>\n<link rel=\"canonical\" href=\"https:\/\/www.sindiaboldt.de\/portraits\/40ue40-teil-9\/\" \/>\n<meta property=\"og:locale\" content=\"de_DE\" \/>\n<meta property=\"og:type\" content=\"article\" \/>\n<meta property=\"og:title\" content=\"40\u00fc40-Teil 9\" \/>\n<meta property=\"og:description\" content=\"40 Frauen \u00fcber 40 &#8211; Das Fotoprojekt &#8211; Teil 9: &nbsp; Susanne \/\/ Maria \/\/ Mariana \/\/ Ursula \/\/ Brigitte Hier stellen wir Euch die Teilnehmerinnen unseres wundervollen Fotoprojekts 40 Frauen \u00fcber 40 etwas n\u00e4her vor. In diesem Teil: Susanne, 51, Hausfrau, Sprachwissenschaftlerin, 2 Kinder, verheiratet Maria, 55, Konzertpianistin, 1 Sohn, verheiratet Mariana, 48, Projektleitung, [&hellip;]\" \/>\n<meta property=\"og:url\" content=\"https:\/\/www.sindiaboldt.de\/portraits\/40ue40-teil-9\/\" \/>\n<meta property=\"og:site_name\" content=\"Portraits\" \/>\n<meta property=\"article:published_time\" content=\"2022-05-02T08:48:38+00:00\" \/>\n<meta property=\"article:modified_time\" content=\"2022-05-18T06:58:01+00:00\" \/>\n<meta property=\"og:image\" content=\"https:\/\/www.sindiaboldt.de\/portraits\/wp-content\/uploads\/sites\/5\/2022\/05\/Mariana70.jpg\" \/>\n\t<meta property=\"og:image:width\" content=\"581\" \/>\n\t<meta property=\"og:image:height\" content=\"387\" \/>\n\t<meta property=\"og:image:type\" content=\"image\/jpeg\" \/>\n<meta name=\"author\" content=\"sindia\" \/>\n<meta name=\"twitter:card\" content=\"summary_large_image\" \/>\n<meta name=\"twitter:label1\" content=\"Verfasst von\" \/>\n\t<meta name=\"twitter:data1\" content=\"sindia\" \/>\n\t<meta name=\"twitter:label2\" content=\"Gesch\u00e4tzte Lesezeit\" \/>\n\t<meta name=\"twitter:data2\" content=\"11\u00a0Minuten\" \/>\n<script type=\"application\/ld+json\" class=\"yoast-schema-graph\">{\"@context\":\"https:\/\/schema.org\",\"@graph\":[{\"@type\":\"Article\",\"@id\":\"https:\/\/www.sindiaboldt.de\/portraits\/40ue40-teil-9\/#article\",\"isPartOf\":{\"@id\":\"https:\/\/www.sindiaboldt.de\/portraits\/40ue40-teil-9\/\"},\"author\":{\"name\":\"sindia\",\"@id\":\"https:\/\/www.sindiaboldt.de\/portraits\/#\/schema\/person\/13668cbe0f52c57a9402a6032226e58e\"},\"headline\":\"40\u00fc40-Teil 9\",\"datePublished\":\"2022-05-02T08:48:38+00:00\",\"dateModified\":\"2022-05-18T06:58:01+00:00\",\"mainEntityOfPage\":{\"@id\":\"https:\/\/www.sindiaboldt.de\/portraits\/40ue40-teil-9\/\"},\"wordCount\":1791,\"commentCount\":0,\"image\":{\"@id\":\"https:\/\/www.sindiaboldt.de\/portraits\/40ue40-teil-9\/#primaryimage\"},\"thumbnailUrl\":\"https:\/\/www.sindiaboldt.de\/portraits\/wp-content\/uploads\/sites\/5\/2022\/05\/Mariana70.jpg\",\"inLanguage\":\"de\",\"potentialAction\":[{\"@type\":\"CommentAction\",\"name\":\"Comment\",\"target\":[\"https:\/\/www.sindiaboldt.de\/portraits\/40ue40-teil-9\/#respond\"]}]},{\"@type\":\"WebPage\",\"@id\":\"https:\/\/www.sindiaboldt.de\/portraits\/40ue40-teil-9\/\",\"url\":\"https:\/\/www.sindiaboldt.de\/portraits\/40ue40-teil-9\/\",\"name\":\"40\u00fc40-Teil 9\",\"isPartOf\":{\"@id\":\"https:\/\/www.sindiaboldt.de\/portraits\/#website\"},\"primaryImageOfPage\":{\"@id\":\"https:\/\/www.sindiaboldt.de\/portraits\/40ue40-teil-9\/#primaryimage\"},\"image\":{\"@id\":\"https:\/\/www.sindiaboldt.de\/portraits\/40ue40-teil-9\/#primaryimage\"},\"thumbnailUrl\":\"https:\/\/www.sindiaboldt.de\/portraits\/wp-content\/uploads\/sites\/5\/2022\/05\/Mariana70.jpg\",\"datePublished\":\"2022-05-02T08:48:38+00:00\",\"dateModified\":\"2022-05-18T06:58:01+00:00\",\"author\":{\"@id\":\"https:\/\/www.sindiaboldt.de\/portraits\/#\/schema\/person\/13668cbe0f52c57a9402a6032226e58e\"},\"breadcrumb\":{\"@id\":\"https:\/\/www.sindiaboldt.de\/portraits\/40ue40-teil-9\/#breadcrumb\"},\"inLanguage\":\"de\",\"potentialAction\":[{\"@type\":\"ReadAction\",\"target\":[\"https:\/\/www.sindiaboldt.de\/portraits\/40ue40-teil-9\/\"]}]},{\"@type\":\"ImageObject\",\"inLanguage\":\"de\",\"@id\":\"https:\/\/www.sindiaboldt.de\/portraits\/40ue40-teil-9\/#primaryimage\",\"url\":\"https:\/\/www.sindiaboldt.de\/portraits\/wp-content\/uploads\/sites\/5\/2022\/05\/Mariana70.jpg\",\"contentUrl\":\"https:\/\/www.sindiaboldt.de\/portraits\/wp-content\/uploads\/sites\/5\/2022\/05\/Mariana70.jpg\",\"width\":581,\"height\":387,\"caption\":\"Mariana70\"},{\"@type\":\"BreadcrumbList\",\"@id\":\"https:\/\/www.sindiaboldt.de\/portraits\/40ue40-teil-9\/#breadcrumb\",\"itemListElement\":[{\"@type\":\"ListItem\",\"position\":1,\"name\":\"Home\",\"item\":\"https:\/\/www.sindiaboldt.de\/portraits\/\"},{\"@type\":\"ListItem\",\"position\":2,\"name\":\"40\u00fc40-Teil 9\"}]},{\"@type\":\"WebSite\",\"@id\":\"https:\/\/www.sindiaboldt.de\/portraits\/#website\",\"url\":\"https:\/\/www.sindiaboldt.de\/portraits\/\",\"name\":\"Portraits\",\"description\":\"Eine weitere Sindia Boldt Photography Website\",\"potentialAction\":[{\"@type\":\"SearchAction\",\"target\":{\"@type\":\"EntryPoint\",\"urlTemplate\":\"https:\/\/www.sindiaboldt.de\/portraits\/?s={search_term_string}\"},\"query-input\":{\"@type\":\"PropertyValueSpecification\",\"valueRequired\":true,\"valueName\":\"search_term_string\"}}],\"inLanguage\":\"de\"},{\"@type\":\"Person\",\"@id\":\"https:\/\/www.sindiaboldt.de\/portraits\/#\/schema\/person\/13668cbe0f52c57a9402a6032226e58e\",\"name\":\"sindia\",\"image\":{\"@type\":\"ImageObject\",\"inLanguage\":\"de\",\"@id\":\"https:\/\/www.sindiaboldt.de\/portraits\/#\/schema\/person\/image\/\",\"url\":\"https:\/\/secure.gravatar.com\/avatar\/634be3b6facbe9cb0465d21b14b4dacd?s=96&d=mm&r=g\",\"contentUrl\":\"https:\/\/secure.gravatar.com\/avatar\/634be3b6facbe9cb0465d21b14b4dacd?s=96&d=mm&r=g\",\"caption\":\"sindia\"}}]}<\/script>\n<!-- \/ Yoast SEO plugin. -->","yoast_head_json":{"title":"40\u00fc40-Teil 9","robots":{"index":"index","follow":"follow","max-snippet":"max-snippet:-1","max-image-preview":"max-image-preview:large","max-video-preview":"max-video-preview:-1"},"canonical":"https:\/\/www.sindiaboldt.de\/portraits\/40ue40-teil-9\/","og_locale":"de_DE","og_type":"article","og_title":"40\u00fc40-Teil 9","og_description":"40 Frauen \u00fcber 40 &#8211; Das Fotoprojekt &#8211; Teil 9: &nbsp; Susanne \/\/ Maria \/\/ Mariana \/\/ Ursula \/\/ Brigitte Hier stellen wir Euch die Teilnehmerinnen unseres wundervollen Fotoprojekts 40 Frauen \u00fcber 40 etwas n\u00e4her vor. In diesem Teil: Susanne, 51, Hausfrau, Sprachwissenschaftlerin, 2 Kinder, verheiratet Maria, 55, Konzertpianistin, 1 Sohn, verheiratet Mariana, 48, Projektleitung, [&hellip;]","og_url":"https:\/\/www.sindiaboldt.de\/portraits\/40ue40-teil-9\/","og_site_name":"Portraits","article_published_time":"2022-05-02T08:48:38+00:00","article_modified_time":"2022-05-18T06:58:01+00:00","og_image":[{"width":581,"height":387,"url":"https:\/\/www.sindiaboldt.de\/portraits\/wp-content\/uploads\/sites\/5\/2022\/05\/Mariana70.jpg","type":"image\/jpeg"}],"author":"sindia","twitter_card":"summary_large_image","twitter_misc":{"Verfasst von":"sindia","Gesch\u00e4tzte Lesezeit":"11\u00a0Minuten"},"schema":{"@context":"https:\/\/schema.org","@graph":[{"@type":"Article","@id":"https:\/\/www.sindiaboldt.de\/portraits\/40ue40-teil-9\/#article","isPartOf":{"@id":"https:\/\/www.sindiaboldt.de\/portraits\/40ue40-teil-9\/"},"author":{"name":"sindia","@id":"https:\/\/www.sindiaboldt.de\/portraits\/#\/schema\/person\/13668cbe0f52c57a9402a6032226e58e"},"headline":"40\u00fc40-Teil 9","datePublished":"2022-05-02T08:48:38+00:00","dateModified":"2022-05-18T06:58:01+00:00","mainEntityOfPage":{"@id":"https:\/\/www.sindiaboldt.de\/portraits\/40ue40-teil-9\/"},"wordCount":1791,"commentCount":0,"image":{"@id":"https:\/\/www.sindiaboldt.de\/portraits\/40ue40-teil-9\/#primaryimage"},"thumbnailUrl":"https:\/\/www.sindiaboldt.de\/portraits\/wp-content\/uploads\/sites\/5\/2022\/05\/Mariana70.jpg","inLanguage":"de","potentialAction":[{"@type":"CommentAction","name":"Comment","target":["https:\/\/www.sindiaboldt.de\/portraits\/40ue40-teil-9\/#respond"]}]},{"@type":"WebPage","@id":"https:\/\/www.sindiaboldt.de\/portraits\/40ue40-teil-9\/","url":"https:\/\/www.sindiaboldt.de\/portraits\/40ue40-teil-9\/","name":"40\u00fc40-Teil 9","isPartOf":{"@id":"https:\/\/www.sindiaboldt.de\/portraits\/#website"},"primaryImageOfPage":{"@id":"https:\/\/www.sindiaboldt.de\/portraits\/40ue40-teil-9\/#primaryimage"},"image":{"@id":"https:\/\/www.sindiaboldt.de\/portraits\/40ue40-teil-9\/#primaryimage"},"thumbnailUrl":"https:\/\/www.sindiaboldt.de\/portraits\/wp-content\/uploads\/sites\/5\/2022\/05\/Mariana70.jpg","datePublished":"2022-05-02T08:48:38+00:00","dateModified":"2022-05-18T06:58:01+00:00","author":{"@id":"https:\/\/www.sindiaboldt.de\/portraits\/#\/schema\/person\/13668cbe0f52c57a9402a6032226e58e"},"breadcrumb":{"@id":"https:\/\/www.sindiaboldt.de\/portraits\/40ue40-teil-9\/#breadcrumb"},"inLanguage":"de","potentialAction":[{"@type":"ReadAction","target":["https:\/\/www.sindiaboldt.de\/portraits\/40ue40-teil-9\/"]}]},{"@type":"ImageObject","inLanguage":"de","@id":"https:\/\/www.sindiaboldt.de\/portraits\/40ue40-teil-9\/#primaryimage","url":"https:\/\/www.sindiaboldt.de\/portraits\/wp-content\/uploads\/sites\/5\/2022\/05\/Mariana70.jpg","contentUrl":"https:\/\/www.sindiaboldt.de\/portraits\/wp-content\/uploads\/sites\/5\/2022\/05\/Mariana70.jpg","width":581,"height":387,"caption":"Mariana70"},{"@type":"BreadcrumbList","@id":"https:\/\/www.sindiaboldt.de\/portraits\/40ue40-teil-9\/#breadcrumb","itemListElement":[{"@type":"ListItem","position":1,"name":"Home","item":"https:\/\/www.sindiaboldt.de\/portraits\/"},{"@type":"ListItem","position":2,"name":"40\u00fc40-Teil 9"}]},{"@type":"WebSite","@id":"https:\/\/www.sindiaboldt.de\/portraits\/#website","url":"https:\/\/www.sindiaboldt.de\/portraits\/","name":"Portraits","description":"Eine weitere Sindia Boldt Photography Website","potentialAction":[{"@type":"SearchAction","target":{"@type":"EntryPoint","urlTemplate":"https:\/\/www.sindiaboldt.de\/portraits\/?s={search_term_string}"},"query-input":{"@type":"PropertyValueSpecification","valueRequired":true,"valueName":"search_term_string"}}],"inLanguage":"de"},{"@type":"Person","@id":"https:\/\/www.sindiaboldt.de\/portraits\/#\/schema\/person\/13668cbe0f52c57a9402a6032226e58e","name":"sindia","image":{"@type":"ImageObject","inLanguage":"de","@id":"https:\/\/www.sindiaboldt.de\/portraits\/#\/schema\/person\/image\/","url":"https:\/\/secure.gravatar.com\/avatar\/634be3b6facbe9cb0465d21b14b4dacd?s=96&d=mm&r=g","contentUrl":"https:\/\/secure.gravatar.com\/avatar\/634be3b6facbe9cb0465d21b14b4dacd?s=96&d=mm&r=g","caption":"sindia"}}]}},"_links":{"self":[{"href":"https:\/\/www.sindiaboldt.de\/portraits\/wp-json\/wp\/v2\/posts\/1147","targetHints":{"allow":["GET"]}}],"collection":[{"href":"https:\/\/www.sindiaboldt.de\/portraits\/wp-json\/wp\/v2\/posts"}],"about":[{"href":"https:\/\/www.sindiaboldt.de\/portraits\/wp-json\/wp\/v2\/types\/post"}],"author":[{"embeddable":true,"href":"https:\/\/www.sindiaboldt.de\/portraits\/wp-json\/wp\/v2\/users\/1"}],"replies":[{"embeddable":true,"href":"https:\/\/www.sindiaboldt.de\/portraits\/wp-json\/wp\/v2\/comments?post=1147"}],"version-history":[{"count":0,"href":"https:\/\/www.sindiaboldt.de\/portraits\/wp-json\/wp\/v2\/posts\/1147\/revisions"}],"wp:featuredmedia":[{"embeddable":true,"href":"https:\/\/www.sindiaboldt.de\/portraits\/wp-json\/wp\/v2\/media\/1202"}],"wp:attachment":[{"href":"https:\/\/www.sindiaboldt.de\/portraits\/wp-json\/wp\/v2\/media?parent=1147"}],"wp:term":[{"taxonomy":"category","embeddable":true,"href":"https:\/\/www.sindiaboldt.de\/portraits\/wp-json\/wp\/v2\/categories?post=1147"},{"taxonomy":"post_tag","embeddable":true,"href":"https:\/\/www.sindiaboldt.de\/portraits\/wp-json\/wp\/v2\/tags?post=1147"}],"curies":[{"name":"wp","href":"https:\/\/api.w.org\/{rel}","templated":true}]}}