{"id":1148,"date":"2022-05-01T10:46:35","date_gmt":"2022-05-01T08:46:35","guid":{"rendered":"https:\/\/www.sindiaboldt.de\/portraits\/?p=1148"},"modified":"2022-05-18T06:29:53","modified_gmt":"2022-05-18T04:29:53","slug":"40ue40-teil-8","status":"publish","type":"post","link":"https:\/\/www.sindiaboldt.de\/portraits\/40ue40-teil-8\/","title":{"rendered":"40\u00fc40-Teil 8"},"content":{"rendered":"<h1 style=\"text-align: center;\">40 Frauen \u00fcber 40 &#8211; Das Fotoprojekt &#8211; Teil 8:<\/h1>\n<p><img loading=\"lazy\" decoding=\"async\" class=\"aligncenter size-full wp-image-627\" title=\"Portraits Studio Sindia Boldt Photography Mu\u0308nchen 44 750x500 1\" src=\"https:\/\/www.sindiaboldt.de\/portraits\/wp-content\/uploads\/sites\/5\/2021\/09\/Portraits-Studio-Sindia-Boldt-Photography-Mu\u0308nchen-44-750x500-1.jpg\" alt=\"Portraits Studio Sindia Boldt Photography Mu\u0308nchen 44 750x500 1\" width=\"750\" height=\"500\" srcset=\"https:\/\/www.sindiaboldt.de\/portraits\/wp-content\/uploads\/sites\/5\/2021\/09\/Portraits-Studio-Sindia-Boldt-Photography-Mu\u0308nchen-44-750x500-1.jpg 750w, https:\/\/www.sindiaboldt.de\/portraits\/wp-content\/uploads\/sites\/5\/2021\/09\/Portraits-Studio-Sindia-Boldt-Photography-Mu\u0308nchen-44-750x500-1-300x200.jpg 300w\" sizes=\"auto, (max-width: 750px) 100vw, 750px\" \/><\/p>\n<p>&nbsp;<\/p>\n<p style=\"text-align: center;\">Stephanie \/\/ Anna \/\/ Andrea \/\/ Sirka \/\/ Ina<\/p>\n<p style=\"text-align: center;\">Hier stellen wir Euch die Teilnehmerinnen unseres wundervollen <a href=\"https:\/\/www.sindiaboldt.de\/portraits\/40-ueber-40\/\">Fotoprojekts 40 Frauen \u00fcber 40<\/a> etwas n\u00e4her vor. In diesem Teil:<\/p>\n<h3 style=\"text-align: center;\">Stephanie, 42, <strong>Stellvertretende Billing-Leitung, <\/strong><strong>1 Tochter, in Partnerschaft<\/strong><\/h3>\n<h3 style=\"text-align: center;\"><strong>Anna ,70, Kosmetikerin in Pension, <\/strong><strong>2 Kinder, Witwe<\/strong><\/h3>\n<h3 style=\"text-align: center;\">Andrea, 48, <strong>Manik\u00fcr-\/Pedik\u00fcristin, Depiladora, 1 Teenager-Tochter, in Partnerschaft<br \/>\n<\/strong><\/h3>\n<h3 style=\"text-align: center;\">Sirka, <strong>44,Bundespolizistin, in Partnerschaft<br \/>\n<\/strong><\/h3>\n<h3 style=\"text-align: center;\">Ina, 52 Illustratorin und Designerin, in Partnerschaft<\/h3>\n<hr \/>\n<p>&nbsp;<\/p>\n<h2 style=\"text-align: center;\">Stephanie, 42, <strong>Stellvertretende Billing-Leitung, 1 Tochter, in Partnerschaft<br \/>\n<\/strong><\/h2>\n<p style=\"text-align: center;\">STEPHANIE NIMMT SICH JEDES JAHR EINE CHALLENGE VOR, MAG GERNE SCH\u00d6NE FOTOS VON SICH, KENNT IHREN WERT UND L\u00c4SST SICH AUCH NICHTS ANDERES MEHR EINREDEN<\/p>\n<p style=\"text-align: center;\"><img loading=\"lazy\" decoding=\"async\" class=\"aligncenter wp-image-1181 \" title=\"Gaby Troetschel vorher\" src=\"https:\/\/www.sindiaboldt.de\/portraits\/wp-content\/uploads\/sites\/5\/2022\/05\/Stephanie-Mahl-7-709x1024.jpg\" alt=\"Stephanie Mahl 7\" width=\"578\" height=\"834\" srcset=\"https:\/\/www.sindiaboldt.de\/portraits\/wp-content\/uploads\/sites\/5\/2022\/05\/Stephanie-Mahl-7-709x1024.jpg 709w, https:\/\/www.sindiaboldt.de\/portraits\/wp-content\/uploads\/sites\/5\/2022\/05\/Stephanie-Mahl-7-208x300.jpg 208w, https:\/\/www.sindiaboldt.de\/portraits\/wp-content\/uploads\/sites\/5\/2022\/05\/Stephanie-Mahl-7-768x1110.jpg 768w, https:\/\/www.sindiaboldt.de\/portraits\/wp-content\/uploads\/sites\/5\/2022\/05\/Stephanie-Mahl-7-1063x1536.jpg 1063w, https:\/\/www.sindiaboldt.de\/portraits\/wp-content\/uploads\/sites\/5\/2022\/05\/Stephanie-Mahl-7.jpg 1157w\" sizes=\"auto, (max-width: 578px) 100vw, 578px\" \/><\/p>\n<p style=\"text-align: center;\"><strong>Hier mehr Infos \u00fcber Stephanie (42, alleinerziehend, 1 Tochter, Stellvertretende Billing-Leitung)<\/strong><\/p>\n<p style=\"text-align: center;\">Stephanie\u00b4s Lieblingsmensch ist ihre Tochter, lebt in einer Beziehung mit ihrem Partner der DJ und Meteorologe ist. Sie haben sich in Coronazeiten sehr intensiv kennengelernt. Stephanie arbeitet im Homeoffice in einer Wirtschaftspr\u00fcfungsgesellschaft. Zum Ausgleich zu ihrer kuschligen Welt im Homeoffice,\u00a0 liebt sie es zu kochen, zu reisen und ist gerne mit dem Stand Up Paddle auf Fl\u00fcssen unterwegs.<\/p>\n<p style=\"text-align: center;\">Stephanie hat eine wilde Lebensgeschichte, ist hochschwanger geschieden worden vom damaligen Mann, hat dann ihren Freund kennengelernt und sich nach 5 Jahren wieder getrennt. Stephanie hat viel an sich gearbeitet, die Trennung war nicht einfach. Heute kennt sie ihren Wert und l\u00e4sst sich auch nichts anderes einreden. &#8220;Mein Umfeld war noch nie gro\u00df, fr\u00fcher habe ich mich immer gewundert, heute wei\u00df ich das bin ich. Ich brauche nicht viele Menschen, nur Wahre. Man muss sich nicht verbiegen.&#8221;<\/p>\n<p style=\"text-align: center;\"><strong>&#8220;Was ist f\u00fcr\u00a0dich das Beste am \u00c4lterwerden?&#8221;<\/strong><\/p>\n<p style=\"text-align: center;\">&#8220;Die Erfahrung die man machen durfte. Gerade das vermeintlich schlimme bringt dich weiter und zu wissen es zu schaffen.\u00a0 Egal was im Au\u00dfen ist, es kommt immer auf mich an. Wieviel man schafft wenn man nur macht. Hab viel an mir gearbeitet und gelernt ich habe die Kraft und wei\u00df was richtig ist und was mir gut tut. Man\u00a0 muss gezwungen sein sich in dem Moment zu ver\u00e4ndern. Man muss sich entscheiden will ich leben oder will ich nicht leben. Tut mir jemand gut oder nicht. Was will ich, was will ich nicht.&#8221;<\/p>\n<p style=\"text-align: center;\">&#8220;Sadhguru sagte: Wir versuchen st\u00e4ndig die Welt im au\u00dfen zu reparieren anstatt bei uns im innen anzufangen.&#8221;<\/p>\n<p style=\"text-align: center;\"><strong>&#8220;Auf welche Entscheidung bist du denn besonders stolz?&#8221;<\/strong><\/p>\n<p style=\"text-align: center;\">&#8220;Die Trennung von meinem Ex-Freund, die eine Entscheidung hat mich zu dem gemacht der ich jetzt bin. Durch diese Entscheidung sind Dinge passiert die ich vorher nicht f\u00fcr m\u00f6glich gehalten h\u00e4tte. Das hole ich mir in schweren Momenten wieder hoch. Das leben ist ein Auf und Ab, sonst w\u00e4re es ja auch fad.&#8221;<\/p>\n<p style=\"text-align: center;\"><strong>&#8220;Was ist f\u00fcr dich Sch\u00f6nheit?<\/strong><\/p>\n<p style=\"text-align: center;\">&#8220;Hat sich so ein bisschen gedreht tats\u00e4chlich, es war mal ziemlich oberfl\u00e4chlich, nur das \u00c4u\u00dfere aber jetzt geh\u00f6rt f\u00fcr mich mehr dazu. Souver\u00e4nit\u00e4t, Ehrlichkeit, Attrakttivi\u00e4t, Anziehung. Wenn der Charakter sch\u00f6n ist sieht man das vor allem an den Augen. Die Augen sind der Blick in die Seele.&#8221;<\/p>\n<p style=\"text-align: center;\"><strong>&#8220;Findest du dich sch\u00f6n?&#8221;<\/strong><\/p>\n<p style=\"text-align: center;\">&#8220;Tats\u00e4chlich, JA, klar gibt es Tage da findet man sich nicht so toll aber, tats\u00e4chlich finde ich mich schon sch\u00f6n.&#8221; &#8220;Mein Ex-Freund hat mich oft kritisiert und irgendwann f\u00e4ngst du an das zu glauben und wenn mich heute einer so ansprechen w\u00fcrde, w\u00fcrde ich mir denken, rutsch mir den Buckel runter!&#8221;<\/p>\n<p style=\"text-align: center;\"><strong>Wenn du dich selber in der Vergangenheit anrufen k\u00f6nntest f\u00fcr 30 Sekunden, was w\u00fcrdest du dir sagen?<\/strong><\/p>\n<p style=\"text-align: center;\">&#8220;Zieh es durch, mach einfach, sei mutig und bleib dir treu.&#8221;<\/p>\n<p style=\"text-align: center;\"><strong>&#8220;Was war deine Motivation f\u00fcr das Shooting?&#8221;<\/strong><\/p>\n<p style=\"text-align: center;\">\u201eHabe den Flyer gesehen bei meiner Kosmetikerin und dachte, das muss jetzt so sein! ich nehm den jetzt mit. Ich mag es gerne sch\u00f6ne Fotos von mir zu haben. Ich stelle mir jedes Jahr eine Challenge. Letzes Jahr war meine Challange, ich mache Aktfotografie und hatte schon mal gute Erfahrung mit einem Shooting und habe es f\u00fcr mich entdeckt. Die Fotos sind so gut geworden und ich m\u00f6chte da dran bleiben. Ein Frauenk\u00f6rper ist halt einfach was Sch\u00f6nes!\u201c<\/p>\n<p style=\"text-align: center;\"><strong>Das Ergebnis von Stephanie&#8217;s Fotoshooting im Fotoatelier Hohenkammer:<\/strong><\/p>\n<h3 style=\"text-align: center;\"><\/h3>\n<div id='gallery-1' class='gallery galleryid-1148 gallery-columns-3 gallery-size-full'><figure class='gallery-item'>\n\t\t\t<div class='gallery-icon portrait'>\n\t\t\t\t<img loading=\"lazy\" decoding=\"async\" width=\"581\" height=\"872\" src=\"https:\/\/www.sindiaboldt.de\/portraits\/wp-content\/uploads\/sites\/5\/2022\/05\/StephanieM7wp.jpg\" class=\"attachment-full size-full\" alt=\"StephanieM7wp\" srcset=\"https:\/\/www.sindiaboldt.de\/portraits\/wp-content\/uploads\/sites\/5\/2022\/05\/StephanieM7wp.jpg 581w, https:\/\/www.sindiaboldt.de\/portraits\/wp-content\/uploads\/sites\/5\/2022\/05\/StephanieM7wp-200x300.jpg 200w\" sizes=\"auto, (max-width: 581px) 100vw, 581px\" \/>\n\t\t\t<\/div><\/figure><figure class='gallery-item'>\n\t\t\t<div class='gallery-icon landscape'>\n\t\t\t\t<img loading=\"lazy\" decoding=\"async\" width=\"871\" height=\"581\" src=\"https:\/\/www.sindiaboldt.de\/portraits\/wp-content\/uploads\/sites\/5\/2022\/05\/StephanieM65wp-1.jpg\" class=\"attachment-full size-full\" alt=\"StephanieM65wp 1\" srcset=\"https:\/\/www.sindiaboldt.de\/portraits\/wp-content\/uploads\/sites\/5\/2022\/05\/StephanieM65wp-1.jpg 871w, https:\/\/www.sindiaboldt.de\/portraits\/wp-content\/uploads\/sites\/5\/2022\/05\/StephanieM65wp-1-300x200.jpg 300w, https:\/\/www.sindiaboldt.de\/portraits\/wp-content\/uploads\/sites\/5\/2022\/05\/StephanieM65wp-1-768x512.jpg 768w\" sizes=\"auto, (max-width: 871px) 100vw, 871px\" \/>\n\t\t\t<\/div><\/figure><figure class='gallery-item'>\n\t\t\t<div class='gallery-icon portrait'>\n\t\t\t\t<img loading=\"lazy\" decoding=\"async\" width=\"581\" height=\"872\" src=\"https:\/\/www.sindiaboldt.de\/portraits\/wp-content\/uploads\/sites\/5\/2022\/05\/StephanieM43wp-1.jpg\" class=\"attachment-full size-full\" alt=\"StephanieM43wp 1\" srcset=\"https:\/\/www.sindiaboldt.de\/portraits\/wp-content\/uploads\/sites\/5\/2022\/05\/StephanieM43wp-1.jpg 581w, https:\/\/www.sindiaboldt.de\/portraits\/wp-content\/uploads\/sites\/5\/2022\/05\/StephanieM43wp-1-200x300.jpg 200w\" sizes=\"auto, (max-width: 581px) 100vw, 581px\" \/>\n\t\t\t<\/div><\/figure>\n\t\t<\/div>\n\n<hr \/>\n<p>&nbsp;<\/p>\n<h2 style=\"text-align: center;\">Anna, <strong>70, Kosmetikerin in Pension, 2 Kinder, Witwe<\/strong><\/h2>\n<p style=\"text-align: center;\">MUTTER VON ANDREA, M\u00d6CHTE SICH DEM SHOOTING ETWAS GUTES TUN NACHDEM SIE 2 SCHWIERIGE JAHRE MIT WENIG ZEIT F\u00dcR SICH SELBST GEMEISTERT HAT<\/p>\n<p style=\"text-align: center;\"><img loading=\"lazy\" decoding=\"async\" class=\"aligncenter wp-image-1183 size-full\" title=\"Anna vorher\" src=\"https:\/\/www.sindiaboldt.de\/portraits\/wp-content\/uploads\/sites\/5\/2022\/05\/Annavorher-rotated-e1652344690746.jpg\" alt=\"Anna vorher\" width=\"325\" height=\"404\" srcset=\"https:\/\/www.sindiaboldt.de\/portraits\/wp-content\/uploads\/sites\/5\/2022\/05\/Annavorher-rotated-e1652344690746.jpg 325w, https:\/\/www.sindiaboldt.de\/portraits\/wp-content\/uploads\/sites\/5\/2022\/05\/Annavorher-rotated-e1652344690746-241x300.jpg 241w\" sizes=\"auto, (max-width: 325px) 100vw, 325px\" \/><\/p>\n<p style=\"text-align: center;\"><strong>Hier mehr Infos \u00fcber Anna (70, Kosmetikerin in Pension, 2 Kinder, Witwe):<\/strong><\/p>\n<p style=\"text-align: center;\">Anna, verwitwet, 2 Kinder, 3 Enkelkinder. Gelernte Kosmetikerin. In jungen Jahren hat sie gerne getanzt und gefeiert. Hat mit 55 wegen gesundheitlicher Einschr\u00e4nkungen umgeschult und eine Biosence Ausbildung gemacht. Viel Umbruch die letzten Jahre, ihr Mann ist gestorben und sie hatte wenig Zeit f\u00fcr sich. Heute m\u00f6chte sie sich etwas Gutes mit dem Shooting.<\/p>\n<p style=\"text-align: center;\"><strong>&#8220;Was ist f\u00fcr\u00a0dich das Beste am \u00c4lterwerden?&#8221;<\/strong><\/p>\n<p style=\"text-align: center;\"><em>&#8220;Ich f\u00fchle mich nicht wie 70, der Vorteil ist man muss nicht jedem gefallen. Im Alter ist der Vorteil, was andere sagen interessiert einem nicht mehr so sehr wie fr\u00fcher.&#8221;<\/em><\/p>\n<p style=\"text-align: center;\"><strong>&#8220;Was ist f\u00fcr dich Sch\u00f6nheit?&#8221;<\/strong><\/p>\n<p style=\"text-align: center;\"><em>&#8220;Ausstrahlung. Sch\u00f6nheit in der Natur bedeutet mir sehr viel. Auch Ordnung, Symmetrie finde ich sch\u00f6n.&#8221;<\/em><\/p>\n<blockquote>\n<p style=\"text-align: center;\"><strong>&#8220;Gibt es etwas auf was du stolz bist?&#8221;:<\/strong><\/p>\n<\/blockquote>\n<p style=\"text-align: center;\"><em>Ist stolz auf sich dass sie jetzt die ganze B\u00fcroarbeit alleine macht und sich dieser Aufgabe gestellt hat. &#8220;Weil B\u00fcroarbeiten sind f\u00fcr mich eigentlich etwas ganz unsinniges. Ich habe gemerkt, organisieren kann ich ganz gut und mit Computer stand ich auf Kriegsfu\u00df und da kann ich jetzt fast auch schon alles was ich brauche.&#8221;<\/em><\/p>\n<blockquote>\n<p style=\"text-align: center;\"><strong>&#8220;Was bedeutet f\u00fcr dich Sch\u00f6nheit?&#8221;<\/strong><\/p>\n<\/blockquote>\n<p style=\"text-align: center;\"><em>\u201eNicht mal das \u00c4u\u00dferliche, sondern, wenn man das Gef\u00fchl hat wenn man einen Menschen anschaut der eine W\u00e4rme ausstrahlt.<\/em><\/p>\n<blockquote>\n<p style=\"text-align: center;\"><em><strong>&#8220;Wenn du dich heute in der Vergangenheit f\u00fcr 30 Sekunden anrufen k\u00f6nntest, was w\u00fcrdest du dir selber sagen?&#8221;<\/strong><\/em><\/p>\n<\/blockquote>\n<p style=\"text-align: center;\"><em>&#8220;Ich h\u00e4tte mich schon in jungen Jahren angerufen und gesagt: Lass mal deinen Perfektionismus.&#8221;<\/em><\/p>\n<blockquote>\n<p style=\"text-align: center;\"><strong>&#8220;Gab es mal eine Phase im Leben wo alles sch\u00f6n war?&#8221;:<\/strong><\/p>\n<\/blockquote>\n<p style=\"text-align: center;\"><em>\u201eJa als Kinder klein waren, wir haben viele Partys gefeiert, Faschingsfeiern, Musikveranstaltungen. Mein Mann hat in einer Band gespielt, das war eine sch\u00f6ne Zeit. Wir haben Fahradralley\u00b4s gemacht, eine Art Schnitzeljagd&#8221;. Anna denkt sehr gerne zur\u00fcck an diese Zeit.<\/em><\/p>\n<blockquote>\n<p style=\"text-align: center;\"><strong>Das Ergebnis von Anna\u00b4s Fotoshooting im Fotoatelier Hohenkammer:<\/strong><\/p>\n<\/blockquote>\n<p>&nbsp;<\/p>\n<div id='gallery-2' class='gallery galleryid-1148 gallery-columns-3 gallery-size-full'><figure class='gallery-item'>\n\t\t\t<div class='gallery-icon portrait'>\n\t\t\t\t<img loading=\"lazy\" decoding=\"async\" width=\"581\" height=\"872\" src=\"https:\/\/www.sindiaboldt.de\/portraits\/wp-content\/uploads\/sites\/5\/2022\/05\/Anna58wp.jpg\" class=\"attachment-full size-full\" alt=\"Anna58wp\" srcset=\"https:\/\/www.sindiaboldt.de\/portraits\/wp-content\/uploads\/sites\/5\/2022\/05\/Anna58wp.jpg 581w, https:\/\/www.sindiaboldt.de\/portraits\/wp-content\/uploads\/sites\/5\/2022\/05\/Anna58wp-200x300.jpg 200w\" sizes=\"auto, (max-width: 581px) 100vw, 581px\" \/>\n\t\t\t<\/div><\/figure><figure class='gallery-item'>\n\t\t\t<div class='gallery-icon landscape'>\n\t\t\t\t<img loading=\"lazy\" decoding=\"async\" width=\"581\" height=\"387\" src=\"https:\/\/www.sindiaboldt.de\/portraits\/wp-content\/uploads\/sites\/5\/2022\/05\/Anna19fertig.jpg\" class=\"attachment-full size-full\" alt=\"Anna19fertig\" srcset=\"https:\/\/www.sindiaboldt.de\/portraits\/wp-content\/uploads\/sites\/5\/2022\/05\/Anna19fertig.jpg 581w, https:\/\/www.sindiaboldt.de\/portraits\/wp-content\/uploads\/sites\/5\/2022\/05\/Anna19fertig-300x200.jpg 300w\" sizes=\"auto, (max-width: 581px) 100vw, 581px\" \/>\n\t\t\t<\/div><\/figure><figure class='gallery-item'>\n\t\t\t<div class='gallery-icon portrait'>\n\t\t\t\t<img loading=\"lazy\" decoding=\"async\" width=\"581\" height=\"872\" src=\"https:\/\/www.sindiaboldt.de\/portraits\/wp-content\/uploads\/sites\/5\/2022\/05\/Anna44wp.jpg\" class=\"attachment-full size-full\" alt=\"Anna44wp\" srcset=\"https:\/\/www.sindiaboldt.de\/portraits\/wp-content\/uploads\/sites\/5\/2022\/05\/Anna44wp.jpg 581w, https:\/\/www.sindiaboldt.de\/portraits\/wp-content\/uploads\/sites\/5\/2022\/05\/Anna44wp-200x300.jpg 200w\" sizes=\"auto, (max-width: 581px) 100vw, 581px\" \/>\n\t\t\t<\/div><\/figure>\n\t\t<\/div>\n\n<hr \/>\n<p>&nbsp;<\/p>\n<h2 style=\"text-align: center;\">Andrea, <strong>48, 1 Teenager-Tochter,Mani-Pedik\u00fcristin, und Depiladora, in Partnerschaft<\/strong><\/h2>\n<p style=\"text-align: center;\">HATTE ES IN DEN LETZEN 2-3 JAHREN NICHT LEICHT, IN NAHEZU ALLEN BEREICHEN IN IHREM LEBEN FAND EIN UMBRUCH STATT. HEUTE M\u00d6CHTE SIE SICH BELOHNEN<\/p>\n<p style=\"text-align: center;\"><img loading=\"lazy\" decoding=\"async\" class=\"aligncenter wp-image-1187 size-full\" title=\"Gaby Troetschel vorher\" src=\"https:\/\/www.sindiaboldt.de\/portraits\/wp-content\/uploads\/sites\/5\/2022\/05\/AndreaBvorher-rotated.jpg\" alt=\"AndreaBvorher\" width=\"581\" height=\"775\" srcset=\"https:\/\/www.sindiaboldt.de\/portraits\/wp-content\/uploads\/sites\/5\/2022\/05\/AndreaBvorher-rotated.jpg 581w, https:\/\/www.sindiaboldt.de\/portraits\/wp-content\/uploads\/sites\/5\/2022\/05\/AndreaBvorher-225x300.jpg 225w\" sizes=\"auto, (max-width: 581px) 100vw, 581px\" \/><\/p>\n<p style=\"text-align: center;\"><strong>Hier mehr Infos \u00fcber Andrea: (48, 1 Kind,Manik\u00fcristin, Pedik\u00fcristin, und Depiladora,in einer Partnerschaft)<\/strong><\/p>\n<p style=\"text-align: center;\">Andrea hat sich mit 19 Jahren in ihrem Traumjob selbstst\u00e4ndig gemacht und hat sich zu Hause ein kleines Gesch\u00e4ft aufgebaut. Macht ihren Job mit Liebe und Leidenschaft. H\u00e4tte sie studiert w\u00e4re sie gerne forensische Biologin geworden.\u00a0 Die letzten Jahre waren sehr herausfordernd. Sie ist umgezogen mit dem Haus, Gesch\u00e4ft und samt den Eltern. Der Vater konnte das nicht mehr richtig miterleben und ist dann verstorben. Ist abgezockt worden beim Hausbau, der Bauherr ist bei der Sendung &#8220;Achtung Abzocke&#8221; gelandet. Jetzt m\u00f6chte sie sich etwas g\u00f6nnen.<\/p>\n<p style=\"text-align: center;\"><strong>&#8220;Was ist f\u00fcr dich das Beste am \u00e4lterwerden?&#8221;<\/strong><\/p>\n<p style=\"text-align: center;\">&#8220;Ich darf jetzt endlich so sein wie ich schon immer bin, ohne dass es mir jemand krumm nimmt. Freut sich aufs \u00e4lter werden.<\/p>\n<p style=\"text-align: center;\">&#8220;Nur weil man Mutter wird wird man ja kein anderer Mensch, aber ich darf endlich mitreden.&#8221;<\/p>\n<p style=\"text-align: center;\"><strong>&#8220;Gibt es etwas das du heute an dir magst, wo du vor 20 Jahren noch gehadert hast?&#8221;<\/strong><\/p>\n<p style=\"text-align: center;\">&#8220;Dass ich eine gute Seele habe. Warum falle ich auf die Schnauze? Mittlerweile ist es mir egal, es sortiert sich dann schon aus alles was da nicht reingeh\u00f6rt.&#8221;<\/p>\n<p style=\"text-align: center;\">&#8220;Eine ganz tolle Person hat ihr mal gesagt: Bleiben Sie so wie sie sind denn sie selbst m\u00fcssen sich im Spiegel ansehen k\u00f6nnen und das ein Leben lang. Dieser Satz hat ihr selbst sehr geholfen.&#8221;<\/p>\n<p style=\"text-align: center;\">&#8220;Man muss nicht mit Ellenbogen durch die Welt gehen, wenn man was erreichen will.&#8221;<\/p>\n<p style=\"text-align: center;\"><strong>&#8220;Gibt es etwas worauf du besonders stolz bist?<\/strong><\/p>\n<p style=\"text-align: center;\">&#8220;JA: Mein Haus in Heidenheim! Meine Eltern haben mir geholfen es zu finazieren, es war nur 70 qm gro\u00df aber wie bei Alice im Wunderland. An der Stadtmauer alles aus Holz. Es war schlimm. Ich hab es in ein Schmuckst\u00fcck verwandelt so dass der Besitzer wieder gekommen ist und gefragt hat, &#8220;verkauftst du es mir jetzt wieder?&#8221; und ich dachte mir: &#8220;Du kannst mich gern haben, jetzt wo es gut ausssieht&#8230;&#8221; Habe jeden Stein ganz alleine in die Hand genommen, alles selber gestrichen, Familie war einmal da und wir haben in 10 Stunden gemeinsam den Garten entkernt, gebastelt und gemacht.&#8221;<\/p>\n<p style=\"text-align: center;\">Ihren Mann hat sie 2 Wochen nachdem sie das Haus gekauft hat in Ingolstadt auf einer Party kennengelernt und ist deswegen wieder nach Ingolstadt gezogen.<\/p>\n<p style=\"text-align: center;\">Hat so sein m\u00fcssen, ohne die vorherige gescheiterte Beziehung in Baden W\u00fcrtemberg w\u00e4re ich nie zu diesem Haus gekommen. Haus mittlerweile verkauft.&#8221;Leider oder Gott sei Dank&#8221;\u00a0 Ist sehr stolz auf das Haus und wenn sie im Lotto gewinnen w\u00fcrde, w\u00fcrde sie es jederzeit wieder kaufen.<\/p>\n<p style=\"text-align: center;\"><strong>&#8220;Was magst du an dir besonders?&#8221;:<\/strong><\/p>\n<p style=\"text-align: center;\">&#8220;Ich bringe Menschen zusammen und ich finde meine Augen und mittlerweile meine Haare ganz toll.&#8221;<\/p>\n<p style=\"text-align: center;\">&#8220;Das hat lange gedauert, ich musste erst 35 werden, ich war halt immer s\u00fc\u00df, das Goldl\u00f6ckchen.&#8221;<\/p>\n<p style=\"text-align: center;\">Mittlerweile &#8211; etwas dunkler &#8211; f\u00fchlt sie sich wohl damit.<\/p>\n<p style=\"text-align: center;\"><strong>Das Ergebnis von Andreas Fotoshooting im Fotoatelier Hohenkammer:<\/strong><\/p>\n<div id='gallery-3' class='gallery galleryid-1148 gallery-columns-3 gallery-size-full'><figure class='gallery-item'>\n\t\t\t<div class='gallery-icon portrait'>\n\t\t\t\t<img loading=\"lazy\" decoding=\"async\" width=\"581\" height=\"872\" src=\"https:\/\/www.sindiaboldt.de\/portraits\/wp-content\/uploads\/sites\/5\/2022\/05\/AndreaB147wp.jpg\" class=\"attachment-full size-full\" alt=\"AndreaB147wp\" srcset=\"https:\/\/www.sindiaboldt.de\/portraits\/wp-content\/uploads\/sites\/5\/2022\/05\/AndreaB147wp.jpg 581w, https:\/\/www.sindiaboldt.de\/portraits\/wp-content\/uploads\/sites\/5\/2022\/05\/AndreaB147wp-200x300.jpg 200w\" sizes=\"auto, (max-width: 581px) 100vw, 581px\" \/>\n\t\t\t<\/div><\/figure><figure class='gallery-item'>\n\t\t\t<div class='gallery-icon portrait'>\n\t\t\t\t<img loading=\"lazy\" decoding=\"async\" width=\"581\" height=\"872\" src=\"https:\/\/www.sindiaboldt.de\/portraits\/wp-content\/uploads\/sites\/5\/2022\/05\/AndreaB170.jpg\" class=\"attachment-full size-full\" alt=\"AndreaB170\" srcset=\"https:\/\/www.sindiaboldt.de\/portraits\/wp-content\/uploads\/sites\/5\/2022\/05\/AndreaB170.jpg 581w, https:\/\/www.sindiaboldt.de\/portraits\/wp-content\/uploads\/sites\/5\/2022\/05\/AndreaB170-200x300.jpg 200w\" sizes=\"auto, (max-width: 581px) 100vw, 581px\" \/>\n\t\t\t<\/div><\/figure><figure class='gallery-item'>\n\t\t\t<div class='gallery-icon portrait'>\n\t\t\t\t<img loading=\"lazy\" decoding=\"async\" width=\"581\" height=\"872\" src=\"https:\/\/www.sindiaboldt.de\/portraits\/wp-content\/uploads\/sites\/5\/2022\/05\/AndreaB121wp.jpg\" class=\"attachment-full size-full\" alt=\"AndreaB121wp\" srcset=\"https:\/\/www.sindiaboldt.de\/portraits\/wp-content\/uploads\/sites\/5\/2022\/05\/AndreaB121wp.jpg 581w, https:\/\/www.sindiaboldt.de\/portraits\/wp-content\/uploads\/sites\/5\/2022\/05\/AndreaB121wp-200x300.jpg 200w\" sizes=\"auto, (max-width: 581px) 100vw, 581px\" \/>\n\t\t\t<\/div><\/figure>\n\t\t<\/div>\n\n<hr \/>\n<p>&nbsp;<\/p>\n<h2 style=\"text-align: center;\">Sirka, <strong>44,Polizistin, keine Kinder, in Partnerschaft<\/strong><\/h2>\n<p style=\"text-align: center;\">&#8220;ICH HABE EINFACH GEDACHT, ICH VERSUCH\u00b4S MAL. HABE ES \u00dcBER FACEBOOK GESEHEN UND DACHTE, AH \u00dcBER 40, SHOOTING, OCH,BEWERBEN&#8221;<\/p>\n<p style=\"text-align: center;\"><img loading=\"lazy\" decoding=\"async\" class=\"aligncenter wp-image-1178 size-full\" title=\"Gaby Troetschel vorher\" src=\"https:\/\/www.sindiaboldt.de\/portraits\/wp-content\/uploads\/sites\/5\/2022\/05\/Sirkavorher-rotated.jpg\" alt=\"Sirkavorher\" width=\"581\" height=\"775\" srcset=\"https:\/\/www.sindiaboldt.de\/portraits\/wp-content\/uploads\/sites\/5\/2022\/05\/Sirkavorher-rotated.jpg 581w, https:\/\/www.sindiaboldt.de\/portraits\/wp-content\/uploads\/sites\/5\/2022\/05\/Sirkavorher-225x300.jpg 225w\" sizes=\"auto, (max-width: 581px) 100vw, 581px\" \/><\/p>\n<blockquote>\n<p style=\"text-align: center;\"><strong>Hier mehr Infos \u00fcber Sirka (44,Polizistin, keine Kinder, ledig):<\/strong><\/p>\n<\/blockquote>\n<p style=\"text-align: center;\"><em>Sirka wurde in den USA geboren und in den ersten 2 Lebensjahren dort aufgewachsen. Sie f\u00fchlt sich aber eher deutsch. Sirka war als Kind sehr fr\u00fch schon selbstst\u00e4ndig, konnte Rasenm\u00e4hen und Fahrr\u00e4der reparieren. Nach dem Abitur hat sie entschieden zur Polizei zu gehen, das hat ihrem Vater nicht so sehr gefallen. Er wollte gerne dass sie Journalistin wird. Sie hat \u00b498 bei der Polizei die Ausbildung gemacht, ist danach ein Jahr zur Bereitschaftspolizei in Hannover gewechselt, dann zur Autobahnpolizei, und anschlie\u00dfend in einem Fl\u00e4chenrevier t\u00e4tig gewesen. Sp\u00e4ter dann bei der Flugzeugstaffel in Niedersachsen gearbeitet und ist dann zur Bundespolizei gewechselt. Ganz oft hat sie Mitleid f\u00fcr die Menschen die sie anzeigen muss, wenn sie die tragischen Hintergr\u00fcnde der Straftat erf\u00e4hrt. Sie sei das &#8220;schwarze Schaf&#8221;, der fliegende Holl\u00e4nder, da sie viel umbezogen ist, der Rest der Familie sind eher &#8220;ortsverwurzelt&#8221;. Sie liebt die Ver\u00e4nderung, Herausforderung und Abwechslung. <\/em><em>Sirka wusste schon immer, dass sie selbst keine Kinder m\u00f6chte. Leider erntet sie daf\u00fcr \u00f6fters Kritik und Unverst\u00e4ndnis.\u00a0Sie ist jedoch trotzdem eine begeisterte Tante, die immer Kind geblieben ist und spielt auch gerne mal Streiche..<\/em><em>Die Frage zu heiraten braucht man ihr nicht zu stellen, daf\u00fcr sei sie zu sehr Freigeist.<\/em><\/p>\n<blockquote>\n<p style=\"text-align: center;\"><strong>&#8220;Was bedeutet f\u00fcr dich Sch\u00f6nheit?&#8221;<\/strong><\/p>\n<\/blockquote>\n<p style=\"text-align: center;\"><em>&#8220;Oh, das kann ich garnicht pauschal sagen, ich hab jetzt kein Sch\u00f6nheitsideal an sich. Es ist f\u00fcr mich das Gesamtpaket. Es ist der Moment, zusammen mit den Gesamtumst\u00e4nden, es ist ein Gef\u00fchl.&#8221; Ein Gef\u00fchl wo auf einmal alles zusammenpasst. Es ist die Aura eines Menschen, das Wesen. Man kann noch so sch\u00f6n sein, wenn das Innen schwarz ist, kann es nicht nach Au\u00dfen strahlen. &#8220;<\/em><\/p>\n<blockquote>\n<p style=\"text-align: center;\"><strong>&#8220;Findest du dich selbst sch\u00f6n?&#8221;<\/strong><\/p>\n<\/blockquote>\n<p style=\"text-align: center;\"><em>&#8220;Es gibt Momente da finde ich mich sch\u00f6n, es gibt aber auch Momente da finde ich mich super h\u00e4sslich. Es gibt auch Momente wo ich h\u00e4sslich bin, weil ich h\u00e4ssliche Gedanken hege. Wenn ich mir meine Jugendfotos ansehe, da denke ich manchmal: Hm warst\u00b4n ganz h\u00fcbsches M\u00e4del.&#8221;<\/em> Jetzt sei so ein bisschen das Alter wo man einige Dinge entdeckt die man nicht mehr ganz so sch\u00f6n findet. <em>&#8220;Ich werde deshalb auch nicht so gerne fotografiert&#8221;\u00a0<\/em><\/p>\n<blockquote>\n<p style=\"text-align: center;\"><strong>&#8220;Was magst du an dir besonders?&#8221;<\/strong><\/p>\n<\/blockquote>\n<p style=\"text-align: center;\"><em>&#8220;Ich bin hilfsbereit, ich w\u00fcrde jemanden dem ich mag mein letztes Hemd geben, bin tierlieb und zuverl\u00e4ssig. Wenn jemand umzieht bin ich die Erst die da ist. Wenn ich was sage dann halte ich das auch ein.&#8221;<\/em><\/p>\n<p style=\"text-align: center;\"><em>&#8220;Ich mag meine Tattoos, und meine Augen.&#8221;\u00a0<\/em><\/p>\n<p style=\"text-align: center;\"><em>&#8220;Ich mag auch meinen b\u00f6sen Blick, im Dienst oder beim Boxen kommt der h\u00e4ufig mal zum Vorschein.&#8221;<\/em><\/p>\n<blockquote>\n<p style=\"text-align: center;\"><strong><em>&#8220;Was ist das Beste am \u00e4lterwerden?&#8221;<\/em><\/strong><\/p>\n<\/blockquote>\n<p style=\"text-align: center;\"><em>\u00a0\u201eDas Wissen&#8230; Lebenerfahrung, Bauchgef\u00fchl auf das ich mich verlassen kann, inzwischen. Ich ruhe teilweise in mir selbst. Wenn ich mir so die jungen Kollegen anschaue, die machen sich um Sachen Gedanken&#8230; Ich war fr\u00fcher genau so. Oh Gott da hat sich ein Passagier \u00fcber mich beschwert oder mein Freund will sich von mir trennen, mein Leben ist zu Ende und dann denk ich: Oh das hab ich auch alles miterlebt, man \u00fcberlebt alles. Das ist einfach f\u00fcr mich das tolle im Alter. Ich habe eine Gro\u00dfmutter gehabt, die ist 96 geworden. Sie ist mein Vorbild. Sie hat so in sich geruht. Mein Vater sagt auch immer ich bin ihr sehr \u00e4hnlich.\u201c<\/em><\/p>\n<blockquote>\n<p style=\"text-align: center;\"><strong>Das Ergebnis von Sirka\u00b4s Fotoshooting im Fotoatelier Hohenkammer:<\/strong><\/p>\n<\/blockquote>\n<div id='gallery-4' class='gallery galleryid-1148 gallery-columns-3 gallery-size-full'><figure class='gallery-item'>\n\t\t\t<div class='gallery-icon portrait'>\n\t\t\t\t<img loading=\"lazy\" decoding=\"async\" width=\"581\" height=\"872\" src=\"https:\/\/www.sindiaboldt.de\/portraits\/wp-content\/uploads\/sites\/5\/2022\/05\/Sirka101wp.jpg\" class=\"attachment-full size-full\" alt=\"Sirka101wp\" srcset=\"https:\/\/www.sindiaboldt.de\/portraits\/wp-content\/uploads\/sites\/5\/2022\/05\/Sirka101wp.jpg 581w, https:\/\/www.sindiaboldt.de\/portraits\/wp-content\/uploads\/sites\/5\/2022\/05\/Sirka101wp-200x300.jpg 200w\" sizes=\"auto, (max-width: 581px) 100vw, 581px\" \/>\n\t\t\t<\/div><\/figure><figure class='gallery-item'>\n\t\t\t<div class='gallery-icon landscape'>\n\t\t\t\t<img loading=\"lazy\" decoding=\"async\" width=\"581\" height=\"387\" src=\"https:\/\/www.sindiaboldt.de\/portraits\/wp-content\/uploads\/sites\/5\/2022\/05\/Sirka58fertig-2.jpg\" class=\"attachment-full size-full\" alt=\"Sirka58fertig 2\" srcset=\"https:\/\/www.sindiaboldt.de\/portraits\/wp-content\/uploads\/sites\/5\/2022\/05\/Sirka58fertig-2.jpg 581w, https:\/\/www.sindiaboldt.de\/portraits\/wp-content\/uploads\/sites\/5\/2022\/05\/Sirka58fertig-2-300x200.jpg 300w\" sizes=\"auto, (max-width: 581px) 100vw, 581px\" \/>\n\t\t\t<\/div><\/figure><figure class='gallery-item'>\n\t\t\t<div class='gallery-icon portrait'>\n\t\t\t\t<img loading=\"lazy\" decoding=\"async\" width=\"581\" height=\"872\" src=\"https:\/\/www.sindiaboldt.de\/portraits\/wp-content\/uploads\/sites\/5\/2022\/05\/Sirka33wp-1.jpg\" class=\"attachment-full size-full\" alt=\"Sirka33wp 1\" srcset=\"https:\/\/www.sindiaboldt.de\/portraits\/wp-content\/uploads\/sites\/5\/2022\/05\/Sirka33wp-1.jpg 581w, https:\/\/www.sindiaboldt.de\/portraits\/wp-content\/uploads\/sites\/5\/2022\/05\/Sirka33wp-1-200x300.jpg 200w\" sizes=\"auto, (max-width: 581px) 100vw, 581px\" \/>\n\t\t\t<\/div><\/figure>\n\t\t<\/div>\n\n<hr \/>\n<p>&nbsp;<\/p>\n<h2 style=\"text-align: center;\">Ina, <strong>52, Illustratorin und Designerin, in Partnerschaft<\/strong><\/h2>\n<p style=\"text-align: center;\">STEHT SO IM BUSINESS, DASS PRIVATES OFT AN 2.STELLE STEHT. DAS PROJEKT WAR F\u00dcR SIE EINE GUTE GELEGENHEIT, ETWAS F\u00dcR SICH ZU TUN.<\/p>\n<p><img loading=\"lazy\" decoding=\"async\" class=\"aligncenter wp-image-1267 size-full\" title=\"Vorher\" src=\"https:\/\/www.sindiaboldt.de\/portraits\/wp-content\/uploads\/sites\/5\/2022\/05\/Vorher.jpg\" alt=\"Vorher\" width=\"455\" height=\"652\" srcset=\"https:\/\/www.sindiaboldt.de\/portraits\/wp-content\/uploads\/sites\/5\/2022\/05\/Vorher.jpg 455w, https:\/\/www.sindiaboldt.de\/portraits\/wp-content\/uploads\/sites\/5\/2022\/05\/Vorher-209x300.jpg 209w\" sizes=\"auto, (max-width: 455px) 100vw, 455px\" \/><\/p>\n<blockquote>\n<p style=\"text-align: center;\"><strong>Hier mehr Infos \u00fcber Ina (52, Illustratorin und Designerin, in Partnerschaft):<\/strong><\/p>\n<\/blockquote>\n<p style=\"text-align: center;\"><em>Mein Leben ist so verlaufen, dass ich den Fokus auf meinen Beruf gelegt habe.\u00a0<\/em><\/p>\n<p style=\"text-align: center;\"><em>Schon fr\u00fch war ihr klar, dass sie einen kreativen Beruf ergreifen m\u00f6chte, was sie ohne Umwege gemacht hat. <\/em><\/p>\n<p style=\"text-align: center;\"><em>Deshalb hat sie\u00a0nach dem Abitur eine private Kunstschule in M\u00fcnchen besucht.<\/em><\/p>\n<p style=\"text-align: center;\"><em>Anschlie\u00dfend hat Ina\u00a0eine Zusage bei der Deutschen Meisterschule f\u00fcr Mode bekommen. Das Studium mit Schwerpunkt Kommunikationsdesign\u00a0in M\u00fcnchen war f\u00fcr sie genau das Richtige. Die Ausbildung hat den Grundstein f\u00fcr alles Weitere gelegt. Mit dem Diplom in der Tasche hat sie zuerst\u00a0in einer Modefirma als Modegrafikerin gearbeitet und\u00a0viel Kontakt zu\u00a0Modesignern gehabt. Dort haben sich alle ihre besten Freundschaften gebildet, die bis heute bestehen. Nach einem Jahr hat sie gemerkt, die Modebranche ist zwar interessant, aber sie kommt dort nicht zum Zeichnen. Deshalb hat sie\u00a0beschlossen, in die Werbebranche zu gehen und hat dort fast 10 Jahre als festangestellte Grafikdesignerin und Art Directorin\u00a0gearbeitet. Neben dem Agenturalltag hat sie zusammen mit einer Freundin ein eigenes Atelier angemietet. Dort\u00a0konnte sie ihr\u00a0Bed\u00fcrfnis ausleben, gro\u00dfformatig zu malen und mit unterschiedlichen Techniken zu experimentieren.\u00a0\u00a0<\/em><\/p>\n<p style=\"text-align: center;\"><em>Im Jahr 2000 hat Ina sich\u00a0selbstst\u00e4ndig gemacht und sich ihre eigenen Kunden in der Verlagswelt aufgebaut. Es war ein langer, teilweise m\u00fchsamer, aber immer sch\u00f6ner Weg. Ein Verlag ist auf sie aufmerksam geworden und es entstand eine bis heute anhaltende Zusammenarbeit. Mittlerweile arbeitet sie fast nur noch f\u00fcr eine Kinderbuchreihe und ist sehr stolz darauf.<\/em><\/p>\n<blockquote>\n<p style=\"text-align: center;\"><strong>&#8220;Was ist das Beste am \u00e4lterwerden?&#8221;<\/strong><\/p>\n<\/blockquote>\n<p style=\"text-align: center;\"><em>\u201cIch merke, man lernt nie aus. Ich war immer schon eine Frau, die\u00a0auch sehr gern gelernt hat. Das \u00c4lterwerden l\u00e4sst mich mutiger werden, mehr\u00a0aus mir herauszugehen, und mich selber zu zeigen.\u00a0Es geht im Leben um\u00a0Ehrlichkeit und um Authentizit\u00e4t\u00a0&#8211; und nicht um die perfekte Performance.\u201d<\/em><\/p>\n<blockquote>\n<p style=\"text-align: center;\"><strong>&#8220;Gibt es etwas im Privaten worauf du stolz auf dich bist?&#8221;<\/strong><\/p>\n<\/blockquote>\n<p style=\"text-align: center;\"><em>\u201eIch merke, dass es in meiner jetzigen Lebensphase immer\u00a0mehr auf soziale Kompetenzen ankommt. Ich kann mich in Bereichen der Familie einbringen und engagieren.\u201d<\/em><\/p>\n<blockquote>\n<p style=\"text-align: center;\"><strong>Was bedeutet f\u00fcr dich Sch\u00f6nheit?<\/strong><\/p>\n<\/blockquote>\n<p style=\"text-align: center;\"><em>\u201eEs kommt nicht auf die Perfektion an, das Perfekte ist manchmal sogar ein bisschen langweilig. Viel wichtiger ist die Ausstrahlung, die von einem Mensch ausgeht.&#8221;<\/em><\/p>\n<blockquote>\n<p style=\"text-align: center;\"><strong>Findest du dich selber sch\u00f6n?<\/strong><\/p>\n<\/blockquote>\n<p style=\"text-align: center;\"><em>\u201eSch\u00f6nheit liegt ja immer im Auge des Betrachters. Aber ich bin mir schon dar\u00fcber bewusst, dass ich von meinen Eltern gute Gene mitbekommen habe.\u00a0Das ist ein Geschenk, daf\u00fcr bin ich dankbar. Nat\u00fcrlich fallen mir auch Stellen an meinem K\u00f6rper ein, die\u00a0nicht perfekt sind. Was wirklich z\u00e4hlt ist, dass ich mit mir im Reinen bin.\u201d<\/em><\/p>\n<blockquote>\n<p style=\"text-align: center;\"><strong>Das Ergebnis von Ina\u00b4s Fotoshooting im Fotoatelier Hohenkammer:<\/strong><\/p>\n<\/blockquote>\n<div id='gallery-5' class='gallery galleryid-1148 gallery-columns-3 gallery-size-full'><figure class='gallery-item'>\n\t\t\t<div class='gallery-icon portrait'>\n\t\t\t\t<img loading=\"lazy\" decoding=\"async\" width=\"581\" height=\"871\" src=\"https:\/\/www.sindiaboldt.de\/portraits\/wp-content\/uploads\/sites\/5\/2022\/05\/Ina20wp.jpg\" class=\"attachment-full size-full\" alt=\"Ina20wp\" srcset=\"https:\/\/www.sindiaboldt.de\/portraits\/wp-content\/uploads\/sites\/5\/2022\/05\/Ina20wp.jpg 581w, https:\/\/www.sindiaboldt.de\/portraits\/wp-content\/uploads\/sites\/5\/2022\/05\/Ina20wp-200x300.jpg 200w\" sizes=\"auto, (max-width: 581px) 100vw, 581px\" \/>\n\t\t\t<\/div><\/figure><figure class='gallery-item'>\n\t\t\t<div class='gallery-icon portrait'>\n\t\t\t\t<img loading=\"lazy\" decoding=\"async\" width=\"581\" height=\"872\" src=\"https:\/\/www.sindiaboldt.de\/portraits\/wp-content\/uploads\/sites\/5\/2022\/05\/Ina31wp.jpg\" class=\"attachment-full size-full\" alt=\"Ina31wp\" srcset=\"https:\/\/www.sindiaboldt.de\/portraits\/wp-content\/uploads\/sites\/5\/2022\/05\/Ina31wp.jpg 581w, https:\/\/www.sindiaboldt.de\/portraits\/wp-content\/uploads\/sites\/5\/2022\/05\/Ina31wp-200x300.jpg 200w\" sizes=\"auto, (max-width: 581px) 100vw, 581px\" \/>\n\t\t\t<\/div><\/figure><figure class='gallery-item'>\n\t\t\t<div class='gallery-icon portrait'>\n\t\t\t\t<img loading=\"lazy\" decoding=\"async\" width=\"581\" height=\"871\" src=\"https:\/\/www.sindiaboldt.de\/portraits\/wp-content\/uploads\/sites\/5\/2022\/05\/Ina88wp.jpg\" class=\"attachment-full size-full\" alt=\"Ina88wp\" srcset=\"https:\/\/www.sindiaboldt.de\/portraits\/wp-content\/uploads\/sites\/5\/2022\/05\/Ina88wp.jpg 581w, https:\/\/www.sindiaboldt.de\/portraits\/wp-content\/uploads\/sites\/5\/2022\/05\/Ina88wp-200x300.jpg 200w\" sizes=\"auto, (max-width: 581px) 100vw, 581px\" \/>\n\t\t\t<\/div><\/figure>\n\t\t<\/div>\n\n<hr \/>\n<p>&nbsp;<\/p>\n<h2 style=\"text-align: center;\"><\/h2>\n","protected":false},"excerpt":{"rendered":"<p>40 Frauen \u00fcber 40 &#8211; Das Fotoprojekt &#8211; Teil 8: &nbsp; Stephanie \/\/ Anna \/\/ Andrea \/\/ Sirka \/\/ Ina Hier stellen wir Euch die Teilnehmerinnen unseres wundervollen Fotoprojekts 40 Frauen \u00fcber 40 etwas n\u00e4her vor. In diesem Teil: Stephanie, 42, Stellvertretende Billing-Leitung, 1 Tochter, in Partnerschaft Anna ,70, Kosmetikerin in Pension, 2 Kinder, Witwe [&hellip;]<\/p>\n","protected":false},"author":1,"featured_media":1174,"comment_status":"open","ping_status":"open","sticky":false,"template":"","format":"standard","meta":{"footnotes":""},"categories":[1],"tags":[],"class_list":{"0":"post-1148","1":"post","2":"type-post","3":"status-publish","4":"format-standard","5":"has-post-thumbnail","7":"category-allgemein"},"yoast_head":"<!-- This site is optimized with the Yoast SEO plugin v26.8 - https:\/\/yoast.com\/product\/yoast-seo-wordpress\/ -->\n<title>40\u00fc40-Teil 8<\/title>\n<meta name=\"robots\" content=\"index, follow, max-snippet:-1, max-image-preview:large, max-video-preview:-1\" \/>\n<link rel=\"canonical\" href=\"https:\/\/www.sindiaboldt.de\/portraits\/40ue40-teil-8\/\" \/>\n<meta property=\"og:locale\" content=\"de_DE\" \/>\n<meta property=\"og:type\" content=\"article\" \/>\n<meta property=\"og:title\" content=\"40\u00fc40-Teil 8\" \/>\n<meta property=\"og:description\" content=\"40 Frauen \u00fcber 40 &#8211; Das Fotoprojekt &#8211; Teil 8: &nbsp; Stephanie \/\/ Anna \/\/ Andrea \/\/ Sirka \/\/ Ina Hier stellen wir Euch die Teilnehmerinnen unseres wundervollen Fotoprojekts 40 Frauen \u00fcber 40 etwas n\u00e4her vor. In diesem Teil: Stephanie, 42, Stellvertretende Billing-Leitung, 1 Tochter, in Partnerschaft Anna ,70, Kosmetikerin in Pension, 2 Kinder, Witwe [&hellip;]\" \/>\n<meta property=\"og:url\" content=\"https:\/\/www.sindiaboldt.de\/portraits\/40ue40-teil-8\/\" \/>\n<meta property=\"og:site_name\" content=\"Portraits\" \/>\n<meta property=\"article:published_time\" content=\"2022-05-01T08:46:35+00:00\" \/>\n<meta property=\"article:modified_time\" content=\"2022-05-18T04:29:53+00:00\" \/>\n<meta property=\"og:image\" content=\"https:\/\/www.sindiaboldt.de\/portraits\/wp-content\/uploads\/sites\/5\/2022\/05\/Sirka58wp.jpg\" \/>\n\t<meta property=\"og:image:width\" content=\"581\" \/>\n\t<meta property=\"og:image:height\" content=\"387\" \/>\n\t<meta property=\"og:image:type\" content=\"image\/jpeg\" \/>\n<meta name=\"author\" content=\"sindia\" \/>\n<meta name=\"twitter:card\" content=\"summary_large_image\" \/>\n<meta name=\"twitter:label1\" content=\"Verfasst von\" \/>\n\t<meta name=\"twitter:data1\" content=\"sindia\" \/>\n\t<meta name=\"twitter:label2\" content=\"Gesch\u00e4tzte Lesezeit\" \/>\n\t<meta name=\"twitter:data2\" content=\"16\u00a0Minuten\" \/>\n<script type=\"application\/ld+json\" class=\"yoast-schema-graph\">{\"@context\":\"https:\/\/schema.org\",\"@graph\":[{\"@type\":\"Article\",\"@id\":\"https:\/\/www.sindiaboldt.de\/portraits\/40ue40-teil-8\/#article\",\"isPartOf\":{\"@id\":\"https:\/\/www.sindiaboldt.de\/portraits\/40ue40-teil-8\/\"},\"author\":{\"name\":\"sindia\",\"@id\":\"https:\/\/www.sindiaboldt.de\/portraits\/#\/schema\/person\/13668cbe0f52c57a9402a6032226e58e\"},\"headline\":\"40\u00fc40-Teil 8\",\"datePublished\":\"2022-05-01T08:46:35+00:00\",\"dateModified\":\"2022-05-18T04:29:53+00:00\",\"mainEntityOfPage\":{\"@id\":\"https:\/\/www.sindiaboldt.de\/portraits\/40ue40-teil-8\/\"},\"wordCount\":2701,\"commentCount\":0,\"image\":{\"@id\":\"https:\/\/www.sindiaboldt.de\/portraits\/40ue40-teil-8\/#primaryimage\"},\"thumbnailUrl\":\"https:\/\/www.sindiaboldt.de\/portraits\/wp-content\/uploads\/sites\/5\/2022\/05\/Sirka58wp.jpg\",\"inLanguage\":\"de\",\"potentialAction\":[{\"@type\":\"CommentAction\",\"name\":\"Comment\",\"target\":[\"https:\/\/www.sindiaboldt.de\/portraits\/40ue40-teil-8\/#respond\"]}]},{\"@type\":\"WebPage\",\"@id\":\"https:\/\/www.sindiaboldt.de\/portraits\/40ue40-teil-8\/\",\"url\":\"https:\/\/www.sindiaboldt.de\/portraits\/40ue40-teil-8\/\",\"name\":\"40\u00fc40-Teil 8\",\"isPartOf\":{\"@id\":\"https:\/\/www.sindiaboldt.de\/portraits\/#website\"},\"primaryImageOfPage\":{\"@id\":\"https:\/\/www.sindiaboldt.de\/portraits\/40ue40-teil-8\/#primaryimage\"},\"image\":{\"@id\":\"https:\/\/www.sindiaboldt.de\/portraits\/40ue40-teil-8\/#primaryimage\"},\"thumbnailUrl\":\"https:\/\/www.sindiaboldt.de\/portraits\/wp-content\/uploads\/sites\/5\/2022\/05\/Sirka58wp.jpg\",\"datePublished\":\"2022-05-01T08:46:35+00:00\",\"dateModified\":\"2022-05-18T04:29:53+00:00\",\"author\":{\"@id\":\"https:\/\/www.sindiaboldt.de\/portraits\/#\/schema\/person\/13668cbe0f52c57a9402a6032226e58e\"},\"breadcrumb\":{\"@id\":\"https:\/\/www.sindiaboldt.de\/portraits\/40ue40-teil-8\/#breadcrumb\"},\"inLanguage\":\"de\",\"potentialAction\":[{\"@type\":\"ReadAction\",\"target\":[\"https:\/\/www.sindiaboldt.de\/portraits\/40ue40-teil-8\/\"]}]},{\"@type\":\"ImageObject\",\"inLanguage\":\"de\",\"@id\":\"https:\/\/www.sindiaboldt.de\/portraits\/40ue40-teil-8\/#primaryimage\",\"url\":\"https:\/\/www.sindiaboldt.de\/portraits\/wp-content\/uploads\/sites\/5\/2022\/05\/Sirka58wp.jpg\",\"contentUrl\":\"https:\/\/www.sindiaboldt.de\/portraits\/wp-content\/uploads\/sites\/5\/2022\/05\/Sirka58wp.jpg\",\"width\":581,\"height\":387,\"caption\":\"Sirka58wp\"},{\"@type\":\"BreadcrumbList\",\"@id\":\"https:\/\/www.sindiaboldt.de\/portraits\/40ue40-teil-8\/#breadcrumb\",\"itemListElement\":[{\"@type\":\"ListItem\",\"position\":1,\"name\":\"Home\",\"item\":\"https:\/\/www.sindiaboldt.de\/portraits\/\"},{\"@type\":\"ListItem\",\"position\":2,\"name\":\"40\u00fc40-Teil 8\"}]},{\"@type\":\"WebSite\",\"@id\":\"https:\/\/www.sindiaboldt.de\/portraits\/#website\",\"url\":\"https:\/\/www.sindiaboldt.de\/portraits\/\",\"name\":\"Portraits\",\"description\":\"Eine weitere Sindia Boldt Photography Website\",\"potentialAction\":[{\"@type\":\"SearchAction\",\"target\":{\"@type\":\"EntryPoint\",\"urlTemplate\":\"https:\/\/www.sindiaboldt.de\/portraits\/?s={search_term_string}\"},\"query-input\":{\"@type\":\"PropertyValueSpecification\",\"valueRequired\":true,\"valueName\":\"search_term_string\"}}],\"inLanguage\":\"de\"},{\"@type\":\"Person\",\"@id\":\"https:\/\/www.sindiaboldt.de\/portraits\/#\/schema\/person\/13668cbe0f52c57a9402a6032226e58e\",\"name\":\"sindia\",\"image\":{\"@type\":\"ImageObject\",\"inLanguage\":\"de\",\"@id\":\"https:\/\/www.sindiaboldt.de\/portraits\/#\/schema\/person\/image\/\",\"url\":\"https:\/\/secure.gravatar.com\/avatar\/634be3b6facbe9cb0465d21b14b4dacd?s=96&d=mm&r=g\",\"contentUrl\":\"https:\/\/secure.gravatar.com\/avatar\/634be3b6facbe9cb0465d21b14b4dacd?s=96&d=mm&r=g\",\"caption\":\"sindia\"}}]}<\/script>\n<!-- \/ Yoast SEO plugin. -->","yoast_head_json":{"title":"40\u00fc40-Teil 8","robots":{"index":"index","follow":"follow","max-snippet":"max-snippet:-1","max-image-preview":"max-image-preview:large","max-video-preview":"max-video-preview:-1"},"canonical":"https:\/\/www.sindiaboldt.de\/portraits\/40ue40-teil-8\/","og_locale":"de_DE","og_type":"article","og_title":"40\u00fc40-Teil 8","og_description":"40 Frauen \u00fcber 40 &#8211; Das Fotoprojekt &#8211; Teil 8: &nbsp; Stephanie \/\/ Anna \/\/ Andrea \/\/ Sirka \/\/ Ina Hier stellen wir Euch die Teilnehmerinnen unseres wundervollen Fotoprojekts 40 Frauen \u00fcber 40 etwas n\u00e4her vor. In diesem Teil: Stephanie, 42, Stellvertretende Billing-Leitung, 1 Tochter, in Partnerschaft Anna ,70, Kosmetikerin in Pension, 2 Kinder, Witwe [&hellip;]","og_url":"https:\/\/www.sindiaboldt.de\/portraits\/40ue40-teil-8\/","og_site_name":"Portraits","article_published_time":"2022-05-01T08:46:35+00:00","article_modified_time":"2022-05-18T04:29:53+00:00","og_image":[{"width":581,"height":387,"url":"https:\/\/www.sindiaboldt.de\/portraits\/wp-content\/uploads\/sites\/5\/2022\/05\/Sirka58wp.jpg","type":"image\/jpeg"}],"author":"sindia","twitter_card":"summary_large_image","twitter_misc":{"Verfasst von":"sindia","Gesch\u00e4tzte Lesezeit":"16\u00a0Minuten"},"schema":{"@context":"https:\/\/schema.org","@graph":[{"@type":"Article","@id":"https:\/\/www.sindiaboldt.de\/portraits\/40ue40-teil-8\/#article","isPartOf":{"@id":"https:\/\/www.sindiaboldt.de\/portraits\/40ue40-teil-8\/"},"author":{"name":"sindia","@id":"https:\/\/www.sindiaboldt.de\/portraits\/#\/schema\/person\/13668cbe0f52c57a9402a6032226e58e"},"headline":"40\u00fc40-Teil 8","datePublished":"2022-05-01T08:46:35+00:00","dateModified":"2022-05-18T04:29:53+00:00","mainEntityOfPage":{"@id":"https:\/\/www.sindiaboldt.de\/portraits\/40ue40-teil-8\/"},"wordCount":2701,"commentCount":0,"image":{"@id":"https:\/\/www.sindiaboldt.de\/portraits\/40ue40-teil-8\/#primaryimage"},"thumbnailUrl":"https:\/\/www.sindiaboldt.de\/portraits\/wp-content\/uploads\/sites\/5\/2022\/05\/Sirka58wp.jpg","inLanguage":"de","potentialAction":[{"@type":"CommentAction","name":"Comment","target":["https:\/\/www.sindiaboldt.de\/portraits\/40ue40-teil-8\/#respond"]}]},{"@type":"WebPage","@id":"https:\/\/www.sindiaboldt.de\/portraits\/40ue40-teil-8\/","url":"https:\/\/www.sindiaboldt.de\/portraits\/40ue40-teil-8\/","name":"40\u00fc40-Teil 8","isPartOf":{"@id":"https:\/\/www.sindiaboldt.de\/portraits\/#website"},"primaryImageOfPage":{"@id":"https:\/\/www.sindiaboldt.de\/portraits\/40ue40-teil-8\/#primaryimage"},"image":{"@id":"https:\/\/www.sindiaboldt.de\/portraits\/40ue40-teil-8\/#primaryimage"},"thumbnailUrl":"https:\/\/www.sindiaboldt.de\/portraits\/wp-content\/uploads\/sites\/5\/2022\/05\/Sirka58wp.jpg","datePublished":"2022-05-01T08:46:35+00:00","dateModified":"2022-05-18T04:29:53+00:00","author":{"@id":"https:\/\/www.sindiaboldt.de\/portraits\/#\/schema\/person\/13668cbe0f52c57a9402a6032226e58e"},"breadcrumb":{"@id":"https:\/\/www.sindiaboldt.de\/portraits\/40ue40-teil-8\/#breadcrumb"},"inLanguage":"de","potentialAction":[{"@type":"ReadAction","target":["https:\/\/www.sindiaboldt.de\/portraits\/40ue40-teil-8\/"]}]},{"@type":"ImageObject","inLanguage":"de","@id":"https:\/\/www.sindiaboldt.de\/portraits\/40ue40-teil-8\/#primaryimage","url":"https:\/\/www.sindiaboldt.de\/portraits\/wp-content\/uploads\/sites\/5\/2022\/05\/Sirka58wp.jpg","contentUrl":"https:\/\/www.sindiaboldt.de\/portraits\/wp-content\/uploads\/sites\/5\/2022\/05\/Sirka58wp.jpg","width":581,"height":387,"caption":"Sirka58wp"},{"@type":"BreadcrumbList","@id":"https:\/\/www.sindiaboldt.de\/portraits\/40ue40-teil-8\/#breadcrumb","itemListElement":[{"@type":"ListItem","position":1,"name":"Home","item":"https:\/\/www.sindiaboldt.de\/portraits\/"},{"@type":"ListItem","position":2,"name":"40\u00fc40-Teil 8"}]},{"@type":"WebSite","@id":"https:\/\/www.sindiaboldt.de\/portraits\/#website","url":"https:\/\/www.sindiaboldt.de\/portraits\/","name":"Portraits","description":"Eine weitere Sindia Boldt Photography Website","potentialAction":[{"@type":"SearchAction","target":{"@type":"EntryPoint","urlTemplate":"https:\/\/www.sindiaboldt.de\/portraits\/?s={search_term_string}"},"query-input":{"@type":"PropertyValueSpecification","valueRequired":true,"valueName":"search_term_string"}}],"inLanguage":"de"},{"@type":"Person","@id":"https:\/\/www.sindiaboldt.de\/portraits\/#\/schema\/person\/13668cbe0f52c57a9402a6032226e58e","name":"sindia","image":{"@type":"ImageObject","inLanguage":"de","@id":"https:\/\/www.sindiaboldt.de\/portraits\/#\/schema\/person\/image\/","url":"https:\/\/secure.gravatar.com\/avatar\/634be3b6facbe9cb0465d21b14b4dacd?s=96&d=mm&r=g","contentUrl":"https:\/\/secure.gravatar.com\/avatar\/634be3b6facbe9cb0465d21b14b4dacd?s=96&d=mm&r=g","caption":"sindia"}}]}},"_links":{"self":[{"href":"https:\/\/www.sindiaboldt.de\/portraits\/wp-json\/wp\/v2\/posts\/1148","targetHints":{"allow":["GET"]}}],"collection":[{"href":"https:\/\/www.sindiaboldt.de\/portraits\/wp-json\/wp\/v2\/posts"}],"about":[{"href":"https:\/\/www.sindiaboldt.de\/portraits\/wp-json\/wp\/v2\/types\/post"}],"author":[{"embeddable":true,"href":"https:\/\/www.sindiaboldt.de\/portraits\/wp-json\/wp\/v2\/users\/1"}],"replies":[{"embeddable":true,"href":"https:\/\/www.sindiaboldt.de\/portraits\/wp-json\/wp\/v2\/comments?post=1148"}],"version-history":[{"count":0,"href":"https:\/\/www.sindiaboldt.de\/portraits\/wp-json\/wp\/v2\/posts\/1148\/revisions"}],"wp:featuredmedia":[{"embeddable":true,"href":"https:\/\/www.sindiaboldt.de\/portraits\/wp-json\/wp\/v2\/media\/1174"}],"wp:attachment":[{"href":"https:\/\/www.sindiaboldt.de\/portraits\/wp-json\/wp\/v2\/media?parent=1148"}],"wp:term":[{"taxonomy":"category","embeddable":true,"href":"https:\/\/www.sindiaboldt.de\/portraits\/wp-json\/wp\/v2\/categories?post=1148"},{"taxonomy":"post_tag","embeddable":true,"href":"https:\/\/www.sindiaboldt.de\/portraits\/wp-json\/wp\/v2\/tags?post=1148"}],"curies":[{"name":"wp","href":"https:\/\/api.w.org\/{rel}","templated":true}]}}