{"id":1276,"date":"2022-04-19T18:31:50","date_gmt":"2022-04-19T16:31:50","guid":{"rendered":"https:\/\/www.sindiaboldt.de\/portraits\/?p=1276"},"modified":"2022-05-13T12:36:29","modified_gmt":"2022-05-13T10:36:29","slug":"40ue40-teil-5","status":"publish","type":"post","link":"https:\/\/www.sindiaboldt.de\/portraits\/40ue40-teil-5\/","title":{"rendered":"40\u00fc40-Teil 5"},"content":{"rendered":"<h1 style=\"text-align: center;\">40 Frauen \u00fcber 40 &#8211; Das Fotoprojekt &#8211; Teil 5:<\/h1>\n<p><img loading=\"lazy\" decoding=\"async\" class=\"aligncenter size-full wp-image-627\" title=\"Portraits Studio Sindia Boldt Photography Mu\u0308nchen 44 750x500 1\" src=\"https:\/\/www.sindiaboldt.de\/portraits\/wp-content\/uploads\/sites\/5\/2021\/09\/Portraits-Studio-Sindia-Boldt-Photography-Mu\u0308nchen-44-750x500-1.jpg\" alt=\"Portraits Studio Sindia Boldt Photography Mu\u0308nchen 44 750x500 1\" width=\"750\" height=\"500\" srcset=\"https:\/\/www.sindiaboldt.de\/portraits\/wp-content\/uploads\/sites\/5\/2021\/09\/Portraits-Studio-Sindia-Boldt-Photography-Mu\u0308nchen-44-750x500-1.jpg 750w, https:\/\/www.sindiaboldt.de\/portraits\/wp-content\/uploads\/sites\/5\/2021\/09\/Portraits-Studio-Sindia-Boldt-Photography-Mu\u0308nchen-44-750x500-1-300x200.jpg 300w\" sizes=\"auto, (max-width: 750px) 100vw, 750px\" \/><\/p>\n<p>&nbsp;<\/p>\n<p style=\"text-align: center;\">Charlotte \/\/ Christiane \/\/ Andrea \/\/ Ursula \/\/ Ilham<\/p>\n<p style=\"text-align: center;\">Hier stellen wir Euch die Teilnehmerinnen unseres wundervollen <a href=\"https:\/\/www.sindiaboldt.de\/portraits\/40-ueber-40\/\">Fotoprojekts 40 Frauen \u00fcber 40<\/a> etwas n\u00e4her vor. In diesem Teil:<\/p>\n<h3 style=\"text-align: center;\">Charlotte, 100, Rentnerin, 2 Kinder, Witwe, Oma von Christiane<\/h3>\n<h3 style=\"text-align: center;\">Christiane, <strong>40, <span data-sheets-value=\"{&quot;1&quot;:2,&quot;2&quot;:&quot;Psychologin mit eigener PRaxis&quot;}\" data-sheets-userformat=\"{&quot;2&quot;:771,&quot;3&quot;:{&quot;1&quot;:0},&quot;4&quot;:{&quot;1&quot;:3,&quot;3&quot;:2},&quot;11&quot;:4,&quot;12&quot;:0}\">Psychologin mit eigener Praxis<\/span>, 2 Kinder, verheiratet<\/strong><\/h3>\n<h3 style=\"text-align: center;\">Andrea, 57, <strong>Medizinisch techn. Angestellte in einer Praxis, verheiratet, 2 Kinder und 2 fache Oma<\/strong><\/h3>\n<h3 style=\"text-align: center;\">Ursula, 54, <span data-sheets-value=\"{&quot;1&quot;:2,&quot;2&quot;:&quot;Angestellte in der Kampfmittelbek\u00e4mpfung &amp; Kosmetikerin &quot;}\" data-sheets-userformat=\"{&quot;2&quot;:515,&quot;3&quot;:{&quot;1&quot;:0},&quot;4&quot;:{&quot;1&quot;:3,&quot;3&quot;:2},&quot;12&quot;:0}\">Angestellte in der Kampfmittelbek\u00e4mpfung &amp; Kosmetikerin, 1 Teenager-Tochter, ledig<\/span><\/h3>\n<h3 style=\"text-align: center;\">Ilham, 45, Betriebsr\u00e4tin, 2 Kinder, alleinerziehend<\/h3>\n<hr \/>\n<p>&nbsp;<\/p>\n<h2 style=\"text-align: center;\">Charlotte, 100, 2 Kinder, Jung Witwe geworden<\/h2>\n<p style=\"text-align: center;\">CHARLOTTE WAR MIT IHRER GRO\u00dfEN LIEBE VERHEIRATET, HAT 2 KINDER UND WURDE JUNG WITWE. SIE HAT NIE WIEDER GEHEIRATET UND SICH AUCH NIE WIEDER VERLIEBT. ALS ALLEINSTEHENDE FRAU HAT SIE IMMER ALLES MIT BRAVOUR GEMEISTERT, AUCH WENN DAS &#8211; VOR ALLEM ZUR DAMALIGEN ZEIT &#8211; NICHT EINFACH WAR. SIE LIEBT DAS LEBEN UND IST NOCH LANGE NICHT FERTIG, WIE SIE SELBST SAGT \ud83d\ude42<\/p>\n<p style=\"text-align: center;\"><img loading=\"lazy\" decoding=\"async\" class=\"aligncenter wp-image-1064 size-full\" title=\"Gaby Troetschel vorher\" src=\"https:\/\/www.sindiaboldt.de\/portraits\/wp-content\/uploads\/sites\/5\/2022\/03\/Charlotte100-Kopie.jpg\" alt=\"Charlotte100 Kopie\" width=\"349\" height=\"523\" srcset=\"https:\/\/www.sindiaboldt.de\/portraits\/wp-content\/uploads\/sites\/5\/2022\/03\/Charlotte100-Kopie.jpg 349w, https:\/\/www.sindiaboldt.de\/portraits\/wp-content\/uploads\/sites\/5\/2022\/03\/Charlotte100-Kopie-200x300.jpg 200w\" sizes=\"auto, (max-width: 349px) 100vw, 349px\" \/><\/p>\n<p style=\"text-align: center;\"><strong>Hier mehr Infos \u00fcber CHARLOTTE (100, Rentnerin):<\/strong><\/p>\n<p style=\"text-align: center;\">Charlotte beschreibt ihren Mann als\u00a0 sehr gut aussehend, sie hat ihn mit 28 Jahren geheiratet. Ihr Mann ist mit 33 gestorben. Sie hatten aber 8 Jahre Flitterwochen. \u201eIch hab einen Alltag mit einem Ehemann nicht erlebt und das war dann anschlie\u00dfend ganz leicht f\u00fcr mich, ich habe mir gedacht so einen Mann kriegst du nie mehr wieder. Er war dann fast ein Jahr lang krank, ich habe ihn gepflegt, er hat niemanden au\u00dfer mich an sein Bett gelassen. Er hat Tag und Nacht verwechselt, es waren anstrengende Monate und ganz gro\u00dfartige. Wir haben uns von einer ganz anderen Seite kennengelernt und haben gewusst, dass es auch nicht ewig dauern kann. Ich hab wirklich nur die Sonnenseiten erlebt. Ich war nie mehr wirklich verliebt oder habe neu geheiratet. Nachdem mein Mann gestorben ist habe ich mir die Frage gestellt: K\u00f6nntest du das f\u00fcr einen anderen Mann noch einmal machen? Nein! Dann w\u00e4re es eine Gemeinheit noch einmal zu heiraten. Bin keinem Flirt aus dem Weg gegangen und bin gerannt wenn mir einer zu nahe kommen wollte. Worauf ich mich spezialisiert habe, es waren die Windhunde, die haben genau so empfunden wie ich: Wenn die Liebe geht, gehe ich auch.\u201c<\/p>\n<p>&nbsp;<\/p>\n<p style=\"text-align: center;\"><strong>&#8220;Was ist dein Geheimnis f\u00fcr ein langes und gl\u00fcckliches Leben?&#8221;<\/strong><\/p>\n<p style=\"text-align: center;\">\u201eDankbarkeit und immer neugierig und in Bewegung bleiben!\u201c<\/p>\n<p>&nbsp;<\/p>\n<h3 style=\"text-align: center;\"><strong>Das Ergebnis von Charlottes Fotoshooting im Fotoatelier Hohenkammer:<\/strong><\/h3>\n<div id='gallery-1' class='gallery galleryid-1276 gallery-columns-3 gallery-size-full'><figure class='gallery-item'>\n\t\t\t<div class='gallery-icon portrait'>\n\t\t\t\t<img loading=\"lazy\" decoding=\"async\" width=\"430\" height=\"646\" src=\"https:\/\/www.sindiaboldt.de\/portraits\/wp-content\/uploads\/sites\/5\/2022\/03\/Portraitsfotograf-Muenchen-Portrait-Fotos-R.-Ingolstadt-Fotograf-Fotoatelier-Sindia-Boldt-13.jpg\" class=\"attachment-full size-full\" alt=\"Portraitsfotograf Muenchen Portrait Fotos R. Ingolstadt Fotograf Fotoatelier Sindia Boldt 13\" srcset=\"https:\/\/www.sindiaboldt.de\/portraits\/wp-content\/uploads\/sites\/5\/2022\/03\/Portraitsfotograf-Muenchen-Portrait-Fotos-R.-Ingolstadt-Fotograf-Fotoatelier-Sindia-Boldt-13.jpg 430w, https:\/\/www.sindiaboldt.de\/portraits\/wp-content\/uploads\/sites\/5\/2022\/03\/Portraitsfotograf-Muenchen-Portrait-Fotos-R.-Ingolstadt-Fotograf-Fotoatelier-Sindia-Boldt-13-200x300.jpg 200w\" sizes=\"auto, (max-width: 430px) 100vw, 430px\" \/>\n\t\t\t<\/div><\/figure><figure class='gallery-item'>\n\t\t\t<div class='gallery-icon portrait'>\n\t\t\t\t<img loading=\"lazy\" decoding=\"async\" width=\"465\" height=\"697\" src=\"https:\/\/www.sindiaboldt.de\/portraits\/wp-content\/uploads\/sites\/5\/2022\/03\/Portraitsfotograf-Muenchen-Portrait-Fotos-R.-Ingolstadt-Fotograf-Fotoatelier-Sindia-Boldt-51.jpg\" class=\"attachment-full size-full\" alt=\"Portraitsfotograf Muenchen Portrait Fotos R. Ingolstadt Fotograf Fotoatelier Sindia Boldt 51\" srcset=\"https:\/\/www.sindiaboldt.de\/portraits\/wp-content\/uploads\/sites\/5\/2022\/03\/Portraitsfotograf-Muenchen-Portrait-Fotos-R.-Ingolstadt-Fotograf-Fotoatelier-Sindia-Boldt-51.jpg 465w, https:\/\/www.sindiaboldt.de\/portraits\/wp-content\/uploads\/sites\/5\/2022\/03\/Portraitsfotograf-Muenchen-Portrait-Fotos-R.-Ingolstadt-Fotograf-Fotoatelier-Sindia-Boldt-51-200x300.jpg 200w\" sizes=\"auto, (max-width: 465px) 100vw, 465px\" \/>\n\t\t\t<\/div><\/figure><figure class='gallery-item'>\n\t\t\t<div class='gallery-icon landscape'>\n\t\t\t\t<img loading=\"lazy\" decoding=\"async\" width=\"871\" height=\"581\" src=\"https:\/\/www.sindiaboldt.de\/portraits\/wp-content\/uploads\/sites\/5\/2022\/03\/Portraitsfotograf-Muenchen-Portrait-Fotos-R.-Ingolstadt-Fotograf-Fotoatelier-Sindia-Boldt-79.jpg\" class=\"attachment-full size-full\" alt=\"Portraitsfotograf Muenchen Portrait Fotos R. Ingolstadt Fotograf Fotoatelier Sindia Boldt 79\" srcset=\"https:\/\/www.sindiaboldt.de\/portraits\/wp-content\/uploads\/sites\/5\/2022\/03\/Portraitsfotograf-Muenchen-Portrait-Fotos-R.-Ingolstadt-Fotograf-Fotoatelier-Sindia-Boldt-79.jpg 871w, https:\/\/www.sindiaboldt.de\/portraits\/wp-content\/uploads\/sites\/5\/2022\/03\/Portraitsfotograf-Muenchen-Portrait-Fotos-R.-Ingolstadt-Fotograf-Fotoatelier-Sindia-Boldt-79-300x200.jpg 300w, https:\/\/www.sindiaboldt.de\/portraits\/wp-content\/uploads\/sites\/5\/2022\/03\/Portraitsfotograf-Muenchen-Portrait-Fotos-R.-Ingolstadt-Fotograf-Fotoatelier-Sindia-Boldt-79-768x512.jpg 768w\" sizes=\"auto, (max-width: 871px) 100vw, 871px\" \/>\n\t\t\t<\/div><\/figure>\n\t\t<\/div>\n\n<hr \/>\n<p>&nbsp;<\/p>\n<h2 style=\"text-align: center;\">Christiane, <strong>40, <span data-sheets-value=\"{&quot;1&quot;:2,&quot;2&quot;:&quot;Psychologin mit eigener PRaxis&quot;}\" data-sheets-userformat=\"{&quot;2&quot;:771,&quot;3&quot;:{&quot;1&quot;:0},&quot;4&quot;:{&quot;1&quot;:3,&quot;3&quot;:2},&quot;11&quot;:4,&quot;12&quot;:0}\">Psychologin mit eigener Praxis<\/span>, 2 Kinder, verheiratet<\/strong><\/h2>\n<p style=\"text-align: center;\">CHRISTIANE BEWARB SICH WEIL IHRE KLEINE TOCHTER MIT BLICK AUF EIN JUGENDPORTRAIT MEINTE &#8220;MAMA, WARST DU ABER SCH\u00d6N&#8221; &#8211; SIE WOLLTE WIEDER SCH\u00d6NE PORTRAITS VON SICH HABEN UND IHRER TOCHTER ZEIGEN DASS SIE IMMER NOCH SCH\u00d6N IST &#8211; VIELLEICHT SOGAR SCH\u00d6NER!<\/p>\n<p style=\"text-align: center;\"><img loading=\"lazy\" decoding=\"async\" class=\"aligncenter wp-image-1069 size-full\" title=\"Gaby Troetschel vorher\" src=\"https:\/\/www.sindiaboldt.de\/portraits\/wp-content\/uploads\/sites\/5\/2022\/03\/ChristianeRegnath.jpg\" alt=\"ChristianeRegnath\" width=\"581\" height=\"871\" srcset=\"https:\/\/www.sindiaboldt.de\/portraits\/wp-content\/uploads\/sites\/5\/2022\/03\/ChristianeRegnath.jpg 581w, https:\/\/www.sindiaboldt.de\/portraits\/wp-content\/uploads\/sites\/5\/2022\/03\/ChristianeRegnath-200x300.jpg 200w\" sizes=\"auto, (max-width: 581px) 100vw, 581px\" \/><\/p>\n<p style=\"text-align: center;\"><strong>Hier mehr Infos \u00fcber Christiane (40, <span data-sheets-value=\"{&quot;1&quot;:2,&quot;2&quot;:&quot;Psychologin mit eigener PRaxis&quot;}\" data-sheets-userformat=\"{&quot;2&quot;:771,&quot;3&quot;:{&quot;1&quot;:0},&quot;4&quot;:{&quot;1&quot;:3,&quot;3&quot;:2},&quot;11&quot;:4,&quot;12&quot;:0}\">Psychologin mit eigener Praxis<\/span>, 2 Kinder, verheiratet):<\/strong><\/p>\n<p style=\"text-align: center;\">Christiane ist verheiratet und hat Zwillinge. Sie hat schon immer leidenschaftlich gerne Sport gemacht. Vor den Kinder ist Christiane Marathon gelaufen, heute macht sie auch noch viel Sport jeodoch nur noch f\u00fcr sich zum Ausgleich. Mit ihrem Ehemann hat sie die Abmachung, dass jeder 2\u00a0 Abende in der Woche f\u00fcr sich hat.<\/p>\n<p style=\"text-align: center;\"><strong>\u201eWas bedeutet f\u00fcr dich Sch\u00f6nheit?\u201c<\/strong><\/p>\n<p style=\"text-align: center;\">\u201eDas ist lustig, denn das hat sich n\u00e4mlich ge\u00e4ndert. So mit 18, blond blaue Augen, super Figur und das hat mich immer so ge\u00e4rgert, weil ich hab da meiner Meinung nach nicht so hingepasst. Das war f\u00fcr mich immer dieses klassische Bild. So wollte ich immer sein. Das hat sich jetzt ge\u00e4ndert, ich sehe manchmal Frauen die sehen klassisch sch\u00f6n aus aber da fehlt mir die Ausstrahlung und dann fehlt mir was. Mittlerweile ist f\u00fcr mich sch\u00f6n wenn ich das Gef\u00fchl habe wenn da ein Mensch ist der strahlt, der lebt, der sich ein St\u00fcck weit gefunden hat, der eine Zufriedenheit ausstrahlt.\u201c<\/p>\n<p style=\"text-align: center;\"><strong>\u201eFindest du dich sch\u00f6n?\u201c<\/strong><\/p>\n<p style=\"text-align: center;\">&#8220;Ich finde mich sch\u00f6n wenn ich komplett im Moment bin, im Hier und Jetzt bin. Der Moment wo ich sagen kann, da bin ich jetzt Ich und da bin ich jetzt total mit mir im Reinen und dann mag ich mich auch und finde mich sch\u00f6n.&#8221;<\/p>\n<p style=\"text-align: center;\"><strong>\u201eWas magst du an dir besonders?\u201c<\/strong><\/p>\n<p style=\"text-align: center;\">\u201eIch mag meine Arme, H\u00e4nde und Finger. Ich mag dass ich wei\u00df wie man sich bewegt. Ich bin jemand, wenn ich was erreichen will, ich gebe nicht auf.\u201c<\/p>\n<p style=\"text-align: center;\"><strong>\u201eGab es in deinem Leben eine Frau zu der du aufgeschaut hast?\u201c<\/strong><\/p>\n<p style=\"text-align: center;\">\u201eMeine Oma! Wenn ich es schaffen w\u00fcrde so zu leben wie sie, trotz all der Schicksalsschl\u00e4ge, immer das sch\u00f6ne im Leben gesehen zu haben. Ich hab durch sie das ganz ganz tiefe Wissen alles auch alleine zu schaffen, ich wei\u00df ich w\u00fcrde nicht untergehen.\u201c<\/p>\n<p style=\"text-align: center;\"><strong>Das Ergebnis von Christianes Fotoshooting im Fotoatelier Hohenkammer:<\/strong><\/p>\n<div id='gallery-2' class='gallery galleryid-1276 gallery-columns-3 gallery-size-full'><figure class='gallery-item'>\n\t\t\t<div class='gallery-icon portrait'>\n\t\t\t\t<img loading=\"lazy\" decoding=\"async\" width=\"581\" height=\"871\" src=\"https:\/\/www.sindiaboldt.de\/portraits\/wp-content\/uploads\/sites\/5\/2022\/03\/Portraitsfotograf-Muenchen-Portrait-Fotos-R.-Ingolstadt-Fotograf-Fotoatelier-Sindia-Boldt-119.jpg\" class=\"attachment-full size-full\" alt=\"Portraitsfotograf Muenchen Portrait Fotos R. Ingolstadt Fotograf Fotoatelier Sindia Boldt 119\" srcset=\"https:\/\/www.sindiaboldt.de\/portraits\/wp-content\/uploads\/sites\/5\/2022\/03\/Portraitsfotograf-Muenchen-Portrait-Fotos-R.-Ingolstadt-Fotograf-Fotoatelier-Sindia-Boldt-119.jpg 581w, https:\/\/www.sindiaboldt.de\/portraits\/wp-content\/uploads\/sites\/5\/2022\/03\/Portraitsfotograf-Muenchen-Portrait-Fotos-R.-Ingolstadt-Fotograf-Fotoatelier-Sindia-Boldt-119-200x300.jpg 200w\" sizes=\"auto, (max-width: 581px) 100vw, 581px\" \/>\n\t\t\t<\/div><\/figure><figure class='gallery-item'>\n\t\t\t<div class='gallery-icon portrait'>\n\t\t\t\t<img loading=\"lazy\" decoding=\"async\" width=\"465\" height=\"697\" src=\"https:\/\/www.sindiaboldt.de\/portraits\/wp-content\/uploads\/sites\/5\/2022\/03\/Portraitsfotograf-Muenchen-Portrait-Fotos-R.-Ingolstadt-Fotograf-Fotoatelier-Sindia-Boldt-185.jpg\" class=\"attachment-full size-full\" alt=\"Portraitsfotograf Muenchen Portrait Fotos R. Ingolstadt Fotograf Fotoatelier Sindia Boldt 185\" srcset=\"https:\/\/www.sindiaboldt.de\/portraits\/wp-content\/uploads\/sites\/5\/2022\/03\/Portraitsfotograf-Muenchen-Portrait-Fotos-R.-Ingolstadt-Fotograf-Fotoatelier-Sindia-Boldt-185.jpg 465w, https:\/\/www.sindiaboldt.de\/portraits\/wp-content\/uploads\/sites\/5\/2022\/03\/Portraitsfotograf-Muenchen-Portrait-Fotos-R.-Ingolstadt-Fotograf-Fotoatelier-Sindia-Boldt-185-200x300.jpg 200w\" sizes=\"auto, (max-width: 465px) 100vw, 465px\" \/>\n\t\t\t<\/div><\/figure><figure class='gallery-item'>\n\t\t\t<div class='gallery-icon portrait'>\n\t\t\t\t<img loading=\"lazy\" decoding=\"async\" width=\"349\" height=\"523\" src=\"https:\/\/www.sindiaboldt.de\/portraits\/wp-content\/uploads\/sites\/5\/2022\/03\/Portraitsfotograf-Muenchen-Portrait-Fotos-R.-Ingolstadt-Fotograf-Fotoatelier-Sindia-Boldt-208.jpg\" class=\"attachment-full size-full\" alt=\"Portraitsfotograf Muenchen Portrait Fotos R. Ingolstadt Fotograf Fotoatelier Sindia Boldt 208\" srcset=\"https:\/\/www.sindiaboldt.de\/portraits\/wp-content\/uploads\/sites\/5\/2022\/03\/Portraitsfotograf-Muenchen-Portrait-Fotos-R.-Ingolstadt-Fotograf-Fotoatelier-Sindia-Boldt-208.jpg 349w, https:\/\/www.sindiaboldt.de\/portraits\/wp-content\/uploads\/sites\/5\/2022\/03\/Portraitsfotograf-Muenchen-Portrait-Fotos-R.-Ingolstadt-Fotograf-Fotoatelier-Sindia-Boldt-208-200x300.jpg 200w\" sizes=\"auto, (max-width: 349px) 100vw, 349px\" \/>\n\t\t\t<\/div><\/figure>\n\t\t<\/div>\n\n<hr \/>\n<p>&nbsp;<\/p>\n<h2 style=\"text-align: center;\">Andrea,<\/h2>\n<p style=\"text-align: center;\">ANDREA HAT W\u00c4HREND UND NACH DEM SHOOTING EINE GANZ NEUE SEITE VON SICH KENNENLERNEN D\u00dcRFEN.<\/p>\n<p style=\"text-align: center;\"><img loading=\"lazy\" decoding=\"async\" class=\"aligncenter wp-image-1074 size-full\" title=\"Gaby Troetschel vorher\" src=\"https:\/\/www.sindiaboldt.de\/portraits\/wp-content\/uploads\/sites\/5\/2022\/03\/AndreaSchoenstetter.jpg\" alt=\"AndreaSchoenstetter\" width=\"349\" height=\"523\" srcset=\"https:\/\/www.sindiaboldt.de\/portraits\/wp-content\/uploads\/sites\/5\/2022\/03\/AndreaSchoenstetter.jpg 349w, https:\/\/www.sindiaboldt.de\/portraits\/wp-content\/uploads\/sites\/5\/2022\/03\/AndreaSchoenstetter-200x300.jpg 200w\" sizes=\"auto, (max-width: 349px) 100vw, 349px\" \/><\/p>\n<p style=\"text-align: center;\"><strong>Hier mehr Infos \u00fcber Andrea (57, Medizinisch techn. Angestellte in einer Praxis, verheiratet, 2 Kinder und 2 fache Oma):<\/strong><\/p>\n<p style=\"text-align: center;\">Wie sie zu dem Shooting kam beschreibt sie als langen Weg. &#8220;Ich wollte das immer schon mal machen. Als ich das Erste Mal geheiratet habe \u00b486 ist ein super sch\u00f6nes Foto entstanden wo der Fotograf gesagt hat das ist ein Modelfoto, das hab ich damals nicht so empfunden. Ich wollte immer mal wieder so ein Foto haben, hab mich aber nicht getraut. Ich habe deine sch\u00f6nen Portraits auf Facebook gesehen und hatte irgendwie Angst, habe mich unter ein falsches Licht gestellt. Aber irgendwann habe ich gedacht, das machst du jetzt einfach.\u201c<\/p>\n<p style=\"text-align: center;\"><strong>\u201eWas bedeutet f\u00fcr dich Sch\u00f6nheit?\u201c<\/strong><\/p>\n<p style=\"text-align: center;\">\u201eSch\u00f6nheit bedeutet f\u00fcr mich, das Strahlen von Innen nach Au\u00dfen. Man bewertet immer und dann steht auf einmal ein Mensch vor dir, der \u00fcberhaupt nicht dem Klischee entspricht, unserem heutigen Denken und der spricht mit dir und strahlt von Innen. Die Person nimmt einen Raum ein und gibt einem das Gef\u00fchl von \u201ezu Hause\u201c sein und von W\u00e4rme und von Liebe.\u201c<\/p>\n<p style=\"text-align: center;\"><strong>\u201eWas w\u00fcrdest du gerne deinem j\u00fcngeren Ich mit 20 mitgeben?\u201c<\/strong><\/p>\n<p style=\"text-align: center;\">\u201eTats\u00e4chlich selbstbewusster zu sein und sich nicht unter Wert zu verkaufen. Nicht immer auf andere schauen sondern auf sich selbst und auf sein Innerstes h\u00f6ren. Mein Bauch ist mittlerweile mein bester Ratgeber.\u201c<\/p>\n<p style=\"text-align: center;\"><strong>\u201eWas magst du an dir besonders gerne?\u201c<\/strong><\/p>\n<p style=\"text-align: center;\">\u201eDass ich immer meine Meinung klar aussdr\u00fccke. Ich stehe dazu was ich sage und das ist etwas was ich an mir sehr sch\u00e4tze. Ich mag auch meine Augen ganz gerne an mir. Sie sind das Erkennungsmerkmal unserer Famile.\u201c<\/p>\n<p style=\"text-align: center;\"><strong>\u201eF\u00fchlst du dich aktuell gesehen und wertgesch\u00e4tzt?\u201c<\/strong><\/p>\n<p style=\"text-align: center;\">\u201eIch f\u00fchle mich gesehen, ob das jetzt von meinem Mann ist oder von meinen Kindern oder meiner Chefin. Ich werde gesehen und das finde ich toll, das ist ein gutes Gef\u00fchl.\u201c<\/p>\n<p>&nbsp;<\/p>\n<p style=\"text-align: center;\"><strong>Das Ergebnis von Andreas Fotoshooting im Fotoatelier Hohenkammer:<\/strong><\/p>\n<div id='gallery-3' class='gallery galleryid-1276 gallery-columns-3 gallery-size-full'><figure class='gallery-item'>\n\t\t\t<div class='gallery-icon portrait'>\n\t\t\t\t<img loading=\"lazy\" decoding=\"async\" width=\"523\" height=\"784\" src=\"https:\/\/www.sindiaboldt.de\/portraits\/wp-content\/uploads\/sites\/5\/2022\/03\/Ausstellung_Portrait-Muenchen-Fotograf-Pfaffenhofen-Freising-Fotograf-Fotoatelier-Sindia-Boldt-61.jpg\" class=\"attachment-full size-full\" alt=\"Ausstellung Portrait Muenchen Fotograf Pfaffenhofen Freising Fotograf Fotoatelier Sindia Boldt 61\" srcset=\"https:\/\/www.sindiaboldt.de\/portraits\/wp-content\/uploads\/sites\/5\/2022\/03\/Ausstellung_Portrait-Muenchen-Fotograf-Pfaffenhofen-Freising-Fotograf-Fotoatelier-Sindia-Boldt-61.jpg 523w, https:\/\/www.sindiaboldt.de\/portraits\/wp-content\/uploads\/sites\/5\/2022\/03\/Ausstellung_Portrait-Muenchen-Fotograf-Pfaffenhofen-Freising-Fotograf-Fotoatelier-Sindia-Boldt-61-200x300.jpg 200w\" sizes=\"auto, (max-width: 523px) 100vw, 523px\" \/>\n\t\t\t<\/div><\/figure><figure class='gallery-item'>\n\t\t\t<div class='gallery-icon portrait'>\n\t\t\t\t<img loading=\"lazy\" decoding=\"async\" width=\"509\" height=\"765\" src=\"https:\/\/www.sindiaboldt.de\/portraits\/wp-content\/uploads\/sites\/5\/2022\/03\/Portrait-Muenchen-Fotograf-Pfaffenhofen-Freising-Fotograf-Fotoatelier-Sindia-Boldt-7.jpg\" class=\"attachment-full size-full\" alt=\"Portrait Muenchen Fotograf Pfaffenhofen Freising Fotograf Fotoatelier Sindia Boldt 7\" srcset=\"https:\/\/www.sindiaboldt.de\/portraits\/wp-content\/uploads\/sites\/5\/2022\/03\/Portrait-Muenchen-Fotograf-Pfaffenhofen-Freising-Fotograf-Fotoatelier-Sindia-Boldt-7.jpg 509w, https:\/\/www.sindiaboldt.de\/portraits\/wp-content\/uploads\/sites\/5\/2022\/03\/Portrait-Muenchen-Fotograf-Pfaffenhofen-Freising-Fotograf-Fotoatelier-Sindia-Boldt-7-200x300.jpg 200w\" sizes=\"auto, (max-width: 509px) 100vw, 509px\" \/>\n\t\t\t<\/div><\/figure><figure class='gallery-item'>\n\t\t\t<div class='gallery-icon portrait'>\n\t\t\t\t<img loading=\"lazy\" decoding=\"async\" width=\"465\" height=\"697\" src=\"https:\/\/www.sindiaboldt.de\/portraits\/wp-content\/uploads\/sites\/5\/2022\/03\/Portrait-Muenchen-Fotograf-Pfaffenhofen-Freising-Fotograf-Fotoatelier-Sindia-Boldt-27.jpg\" class=\"attachment-full size-full\" alt=\"Portrait Muenchen Fotograf Pfaffenhofen Freising Fotograf Fotoatelier Sindia Boldt 27\" srcset=\"https:\/\/www.sindiaboldt.de\/portraits\/wp-content\/uploads\/sites\/5\/2022\/03\/Portrait-Muenchen-Fotograf-Pfaffenhofen-Freising-Fotograf-Fotoatelier-Sindia-Boldt-27.jpg 465w, https:\/\/www.sindiaboldt.de\/portraits\/wp-content\/uploads\/sites\/5\/2022\/03\/Portrait-Muenchen-Fotograf-Pfaffenhofen-Freising-Fotograf-Fotoatelier-Sindia-Boldt-27-200x300.jpg 200w\" sizes=\"auto, (max-width: 465px) 100vw, 465px\" \/>\n\t\t\t<\/div><\/figure>\n\t\t<\/div>\n\n<hr \/>\n<p>&nbsp;<\/p>\n<h2>Ursula, 54, <span data-sheets-value=\"{&quot;1&quot;:2,&quot;2&quot;:&quot;Angestellte in der Kampfmittelbek\u00e4mpfung &amp; Kosmetikerin &quot;}\" data-sheets-userformat=\"{&quot;2&quot;:515,&quot;3&quot;:{&quot;1&quot;:0},&quot;4&quot;:{&quot;1&quot;:3,&quot;3&quot;:2},&quot;12&quot;:0}\">Angestellte in der Kampfmittelbek\u00e4mpfung &amp; Kosmetikerin, 1 Teenager-Tochter, ledig<\/span><\/h2>\n<p>URSULA IST DER ZUSAMMENHALT ZWISCHEN FRAUEN SEHR WICHTIG. MIT IHRER ARBEIT ALS KOSMETIKERIN WILL SIE NICHT NUR \u00c4U\u00dfERLICH, SONDERN AUCH IN DER SEELE IHRER KUNDINNEN ETWAS BEWIRKEN. SIE IST SPIRITUELL UND EINE UNGLAUBLICH WARMHERZIGE UND BESCHEIDENE FRAU.<\/p>\n<p>&nbsp;<\/p>\n<p style=\"text-align: center;\"><img loading=\"lazy\" decoding=\"async\" class=\"aligncenter wp-image-1078 size-full\" title=\"Gaby Troetschel vorher\" src=\"https:\/\/www.sindiaboldt.de\/portraits\/wp-content\/uploads\/sites\/5\/2022\/03\/UrsulaRieger.jpg\" alt=\"UrsulaRieger\" width=\"349\" height=\"523\" srcset=\"https:\/\/www.sindiaboldt.de\/portraits\/wp-content\/uploads\/sites\/5\/2022\/03\/UrsulaRieger.jpg 349w, https:\/\/www.sindiaboldt.de\/portraits\/wp-content\/uploads\/sites\/5\/2022\/03\/UrsulaRieger-200x300.jpg 200w\" sizes=\"auto, (max-width: 349px) 100vw, 349px\" \/><\/p>\n<p style=\"text-align: center;\"><strong>Hier mehr Infos \u00fcber Ursula (54, Angestellte in der Kampfmittelbek\u00e4mpfung &amp; Kosmetikerin, 1 Teenager-Tochter, ledig) :<\/strong><\/p>\n<p style=\"text-align: center;\">Ursula war eigentlich als Begleitperson beim Fotoshooting dabei und hat sich dann spontan dazu entschieden mit ins Projekt zu kommen. Sie wurde von Ihrer Freundin Romy eingeladen, weil die beiden sehr viel verbindet, Ursula Romy in schweren Zeiten oft eine St\u00fctze war und sie das Fotoshooting als gemeinsames Erlebnis feiern wollten.<\/p>\n<p style=\"text-align: center;\">Die Freundschft der beiden ist sehr innig. Ursula besitzt einen Sch\u00f6nheitssalon, der mehr ist als Hautpflege und Wellness:<\/p>\n<p style=\"text-align: center;\"><em>&#8220;Als leidenschaftliche Kosmetikerin, Wegbereiterin und Impulsgeberin liegt mir schon immer eines sehr am Herzen \u2013 das Erreichen innerer Ruhe, inneren Friedens f\u00fcr meine Kunden*innen, damit wahre Sch\u00f6nheit sichtbar wird, reines Bewusstsein m\u00f6glich ist, Leichtigkeit entsteht.&#8221;<\/em><\/p>\n<p style=\"text-align: center;\">Sie hat eine Tochter im Teenie Alter und ist nicht verheiratet, alleinerziehend.<\/p>\n<p style=\"text-align: center;\">Sie kommt eigentlich aus der Pfalz und hat sich bei Landshut ein neues Leben mit Ihrer Tochter aufgebaut. Sie ist \u00fcberzeugt dass Frauen alles schaffen k\u00f6nnen, betont aber auch, dass es wichtig ist ein gutes Netzwerk zu haben, sich gegenseitig zu unterst\u00fczten.<\/p>\n<p style=\"text-align: center;\">Ihre Sch\u00f6nheit hat sie von ihrer Mama (die eine sehr sch\u00f6ne Frau war) geerbt sagt sie. Wobei sie sich selbt nat\u00fcrlich gar nicht so au\u00dfergew\u00f6hnlich sch\u00f6n findet. Wir sind da ganz anderer Meinung!<\/p>\n<p style=\"text-align: center;\"><strong>Das Ergebnis von Ursulas Fotoshooting im Fotoatelier Hohenkammer:<\/strong><\/p>\n<div id='gallery-4' class='gallery galleryid-1276 gallery-columns-3 gallery-size-full'><figure class='gallery-item'>\n\t\t\t<div class='gallery-icon portrait'>\n\t\t\t\t<img loading=\"lazy\" decoding=\"async\" width=\"456\" height=\"685\" src=\"https:\/\/www.sindiaboldt.de\/portraits\/wp-content\/uploads\/sites\/5\/2022\/03\/Portrait-Fotograf-Beauty-Fotoshooting-Fotoatelier-Hohenkammer-Sindia-Boldt-90.jpg\" class=\"attachment-full size-full\" alt=\"Portrait Fotograf Beauty Fotoshooting Fotoatelier Hohenkammer Sindia Boldt 90\" srcset=\"https:\/\/www.sindiaboldt.de\/portraits\/wp-content\/uploads\/sites\/5\/2022\/03\/Portrait-Fotograf-Beauty-Fotoshooting-Fotoatelier-Hohenkammer-Sindia-Boldt-90.jpg 456w, https:\/\/www.sindiaboldt.de\/portraits\/wp-content\/uploads\/sites\/5\/2022\/03\/Portrait-Fotograf-Beauty-Fotoshooting-Fotoatelier-Hohenkammer-Sindia-Boldt-90-200x300.jpg 200w\" sizes=\"auto, (max-width: 456px) 100vw, 456px\" \/>\n\t\t\t<\/div><\/figure><figure class='gallery-item'>\n\t\t\t<div class='gallery-icon portrait'>\n\t\t\t\t<img loading=\"lazy\" decoding=\"async\" width=\"246\" height=\"370\" src=\"https:\/\/www.sindiaboldt.de\/portraits\/wp-content\/uploads\/sites\/5\/2022\/03\/Portrait-Fotograf-Beauty-Fotoshooting-Fotoatelier-Hohenkammer-Sindia-Boldt-128.jpg\" class=\"attachment-full size-full\" alt=\"Portrait Fotograf Beauty Fotoshooting Fotoatelier Hohenkammer Sindia Boldt 128\" srcset=\"https:\/\/www.sindiaboldt.de\/portraits\/wp-content\/uploads\/sites\/5\/2022\/03\/Portrait-Fotograf-Beauty-Fotoshooting-Fotoatelier-Hohenkammer-Sindia-Boldt-128.jpg 246w, https:\/\/www.sindiaboldt.de\/portraits\/wp-content\/uploads\/sites\/5\/2022\/03\/Portrait-Fotograf-Beauty-Fotoshooting-Fotoatelier-Hohenkammer-Sindia-Boldt-128-199x300.jpg 199w\" sizes=\"auto, (max-width: 246px) 100vw, 246px\" \/>\n\t\t\t<\/div><\/figure><figure class='gallery-item'>\n\t\t\t<div class='gallery-icon portrait'>\n\t\t\t\t<img loading=\"lazy\" decoding=\"async\" width=\"219\" height=\"329\" src=\"https:\/\/www.sindiaboldt.de\/portraits\/wp-content\/uploads\/sites\/5\/2022\/03\/Portrait-Fotograf-Beauty-Fotoshooting-Fotoatelier-Hohenkammer-Sindia-Boldt-165.jpg\" class=\"attachment-full size-full\" alt=\"Portrait Fotograf Beauty Fotoshooting Fotoatelier Hohenkammer Sindia Boldt 165\" srcset=\"https:\/\/www.sindiaboldt.de\/portraits\/wp-content\/uploads\/sites\/5\/2022\/03\/Portrait-Fotograf-Beauty-Fotoshooting-Fotoatelier-Hohenkammer-Sindia-Boldt-165.jpg 219w, https:\/\/www.sindiaboldt.de\/portraits\/wp-content\/uploads\/sites\/5\/2022\/03\/Portrait-Fotograf-Beauty-Fotoshooting-Fotoatelier-Hohenkammer-Sindia-Boldt-165-200x300.jpg 200w\" sizes=\"auto, (max-width: 219px) 100vw, 219px\" \/>\n\t\t\t<\/div><\/figure>\n\t\t<\/div>\n\n<hr \/>\n<p>&nbsp;<\/p>\n<h2 style=\"text-align: center;\">Ilham, 45, Betriebsr\u00e4tin,<strong> 2 Kinder, alleinerziehend<\/strong><\/h2>\n<p style=\"text-align: center;\">ILHAM HAT GEMERKT, DASS SIE MIT DEM ALTER ENTSPANNTER GEWORDEN IST. SIE IST FROH DAR\u00dcBER, DINGE NICHT MEHR SO ERNST ZU SEHEN, WIE SIE ES FR\u00dcHER MAL TAT UND SICH DAMIT SELBST UNN\u00d6TIGE ENERGIE ZU RAUBEN.<\/p>\n<p style=\"text-align: center;\"><img loading=\"lazy\" decoding=\"async\" class=\"aligncenter wp-image-1127 \" title=\"Gaby Troetschel vorher\" src=\"https:\/\/www.sindiaboldt.de\/portraits\/wp-content\/uploads\/sites\/5\/2022\/04\/WhatsApp-Image-2022-04-22-at-1.54.01-PM-768x1024.jpeg\" alt=\"WhatsApp Image 2022 04 22 at 1.54.01 PM\" width=\"532\" height=\"710\" srcset=\"https:\/\/www.sindiaboldt.de\/portraits\/wp-content\/uploads\/sites\/5\/2022\/04\/WhatsApp-Image-2022-04-22-at-1.54.01-PM-768x1024.jpeg 768w, https:\/\/www.sindiaboldt.de\/portraits\/wp-content\/uploads\/sites\/5\/2022\/04\/WhatsApp-Image-2022-04-22-at-1.54.01-PM-225x300.jpeg 225w, https:\/\/www.sindiaboldt.de\/portraits\/wp-content\/uploads\/sites\/5\/2022\/04\/WhatsApp-Image-2022-04-22-at-1.54.01-PM-1152x1536.jpeg 1152w, https:\/\/www.sindiaboldt.de\/portraits\/wp-content\/uploads\/sites\/5\/2022\/04\/WhatsApp-Image-2022-04-22-at-1.54.01-PM.jpeg 1536w\" sizes=\"auto, (max-width: 532px) 100vw, 532px\" \/><\/p>\n<p style=\"text-align: center;\"><strong>Hier mehr Infos \u00fcber Ilham (45, Betriebsr\u00e4tin, 2 Kinder, alleinerziehend):<\/strong><\/p>\n<p style=\"text-align: center;\">Ilham ist alleinerziehende Mutter zweier Kinder und beruflich Betriebsr\u00e4tin. Sie wei\u00df ganz genau, was sie an sich findet und sch\u00e4tzt und dass es keinen Sinn macht, gewisse Dinge so ernst zu nehmen, wie sie es fr\u00fcher einmal tat&#8230;<\/p>\n<p style=\"text-align: center;\"><strong>&#8220;Was ist f\u00fcr dich das Beste am \u00c4lterwerden beziehungsweise an deinem aktuellen Alter?&#8221;<\/strong><\/p>\n<p style=\"text-align: center;\"><i>&#8220;Das Beste ist, dass ich so entspannt bin, sodass ich \u00fcber vieles, wor\u00fcber ich mich in meinen jungen Jahren ge\u00e4rgert h\u00e4tte, heute lachen kann.&#8221;<\/i><\/p>\n<p style=\"text-align: center;\"><strong>&#8220;Was bedeutet f\u00fcr dich Sch\u00f6nheit?&#8221;<\/strong><\/p>\n<p style=\"text-align: center;\"><i>&#8220;Von Sch\u00f6nheit kann man meiner Einsicht nach nur sprechen, wenn es nat\u00fcrliche Sch\u00f6nheit ist. Dieser heutige Trend, sich Wimpern aufkleben<br \/>\nund Lippen aufspritzen zu lassen, hat f\u00fcr mich nichts mit Sch\u00f6nheit zu tun. Sch\u00f6nheit gibt es aber nicht nur \u00e4u\u00dferlich, sondern<br \/>\ndefinitiv auch innerlich.&#8221;<\/i><\/p>\n<p style=\"text-align: center;\"><strong>&#8220;Auf welche Errungenschaft oder welche Entscheidung in deinem Leben bist du besonders stolz?&#8221;<\/strong><\/p>\n<p style=\"text-align: center;\"><i>&#8220;Oh, ich sage immer: Die beste Entscheidung meines Lebens war meine Scheidung.\u00a0Den Weg alleine mit zwei kleinen Kindern gegangen zu sein und sie gut erzogen zu haben, macht mich stolz.\u00a0Ist zwar schon 14 Jahre her, aber immer noch die beste Entscheidung meines Lebens.&#8221;<\/i><\/p>\n<p style=\"text-align: center;\"><strong>&#8220;Und was w\u00fcrdest du deinem ICH mit 25 gerne sagen?&#8221;<\/strong><\/p>\n<p style=\"text-align: center;\"><i>&#8220;Lass los, was Dir nur Energie raubt &#8211; und zwar besser heute als morgen.&#8221;<\/i><\/p>\n<p style=\"text-align: center;\"><strong>&#8220;Was m\u00f6gen andere an dir besonders und warum? Wir reden sowohl von \u00c4u\u00dferem, als auch von Innerem.&#8221;<\/strong><\/p>\n<p style=\"text-align: center;\"><i>&#8220;Meine direkte, lockere und offene Art; \u00e4u\u00dferlich stehen alle auf meine Haare.&#8221;<\/i><\/p>\n<p style=\"text-align: center;\"><strong>&#8220;Findest du dich selbst sch\u00f6n?<\/strong><\/p>\n<p style=\"text-align: center;\"><i>&#8220;Sch\u00f6n ist ein so gro\u00dfes Wort. Ich finde mich h\u00fcbsch. Bin zufrieden mit mir, auch wenn es nat\u00fcrlich immer die ein oder\u00a0andere Stelle gibt, die man nicht so an sich mag. Aber letztlich z\u00e4hlt nur eins: Gesundheit!&#8221;<\/i><\/p>\n<p style=\"text-align: center;\"><strong>Das Ergebnis von Ilham&#8217;s Fotoshooting im Fotoatelier Hohenkammer:<\/strong><\/p>\n<div id='gallery-5' class='gallery galleryid-1276 gallery-columns-3 gallery-size-full'><figure class='gallery-item'>\n\t\t\t<div class='gallery-icon portrait'>\n\t\t\t\t<img loading=\"lazy\" decoding=\"async\" width=\"376\" height=\"563\" src=\"https:\/\/www.sindiaboldt.de\/portraits\/wp-content\/uploads\/sites\/5\/2022\/04\/GlamourPortraitMuenchenSindiaBoldtPhotography-79.jpg\" class=\"attachment-full size-full\" alt=\"GlamourPortraitMuenchenSindiaBoldtPhotography 79\" srcset=\"https:\/\/www.sindiaboldt.de\/portraits\/wp-content\/uploads\/sites\/5\/2022\/04\/GlamourPortraitMuenchenSindiaBoldtPhotography-79.jpg 376w, https:\/\/www.sindiaboldt.de\/portraits\/wp-content\/uploads\/sites\/5\/2022\/04\/GlamourPortraitMuenchenSindiaBoldtPhotography-79-200x300.jpg 200w\" sizes=\"auto, (max-width: 376px) 100vw, 376px\" \/>\n\t\t\t<\/div><\/figure><figure class='gallery-item'>\n\t\t\t<div class='gallery-icon portrait'>\n\t\t\t\t<img loading=\"lazy\" decoding=\"async\" width=\"493\" height=\"739\" src=\"https:\/\/www.sindiaboldt.de\/portraits\/wp-content\/uploads\/sites\/5\/2022\/04\/GlamourPortraitMuenchenSindiaBoldtPhotography-76.jpg\" class=\"attachment-full size-full\" alt=\"GlamourPortraitMuenchenSindiaBoldtPhotography 76\" srcset=\"https:\/\/www.sindiaboldt.de\/portraits\/wp-content\/uploads\/sites\/5\/2022\/04\/GlamourPortraitMuenchenSindiaBoldtPhotography-76.jpg 493w, https:\/\/www.sindiaboldt.de\/portraits\/wp-content\/uploads\/sites\/5\/2022\/04\/GlamourPortraitMuenchenSindiaBoldtPhotography-76-200x300.jpg 200w\" sizes=\"auto, (max-width: 493px) 100vw, 493px\" \/>\n\t\t\t<\/div><\/figure><figure class='gallery-item'>\n\t\t\t<div class='gallery-icon portrait'>\n\t\t\t\t<img loading=\"lazy\" decoding=\"async\" width=\"493\" height=\"739\" src=\"https:\/\/www.sindiaboldt.de\/portraits\/wp-content\/uploads\/sites\/5\/2022\/04\/GlamourPortraitMuenchenSindiaBoldtPhotography-63.jpg\" class=\"attachment-full size-full\" alt=\"GlamourPortraitMuenchenSindiaBoldtPhotography 63\" srcset=\"https:\/\/www.sindiaboldt.de\/portraits\/wp-content\/uploads\/sites\/5\/2022\/04\/GlamourPortraitMuenchenSindiaBoldtPhotography-63.jpg 493w, https:\/\/www.sindiaboldt.de\/portraits\/wp-content\/uploads\/sites\/5\/2022\/04\/GlamourPortraitMuenchenSindiaBoldtPhotography-63-200x300.jpg 200w\" sizes=\"auto, (max-width: 493px) 100vw, 493px\" \/>\n\t\t\t<\/div><\/figure>\n\t\t<\/div>\n\n<hr \/>\n<p>&nbsp;<\/p>\n<h2 style=\"text-align: center;\"><\/h2>\n","protected":false},"excerpt":{"rendered":"<p>40 Frauen \u00fcber 40 &#8211; Das Fotoprojekt &#8211; Teil 5: &nbsp; Charlotte \/\/ Christiane \/\/ Andrea \/\/ Ursula \/\/ Ilham Hier stellen wir Euch die Teilnehmerinnen unseres wundervollen Fotoprojekts 40 Frauen \u00fcber 40 etwas n\u00e4her vor. In diesem Teil: Charlotte, 100, Rentnerin, 2 Kinder, Witwe, Oma von Christiane Christiane, 40, Psychologin mit eigener Praxis, 2 [&hellip;]<\/p>\n","protected":false},"author":1,"featured_media":1067,"comment_status":"open","ping_status":"open","sticky":false,"template":"","format":"standard","meta":{"footnotes":""},"categories":[1],"tags":[],"class_list":{"0":"post-1276","1":"post","2":"type-post","3":"status-publish","4":"format-standard","5":"has-post-thumbnail","7":"category-allgemein"},"yoast_head":"<!-- This site is optimized with the Yoast SEO plugin v26.8 - https:\/\/yoast.com\/product\/yoast-seo-wordpress\/ -->\n<title>40\u00fc40-Teil 5<\/title>\n<meta name=\"robots\" content=\"index, follow, max-snippet:-1, max-image-preview:large, max-video-preview:-1\" \/>\n<link rel=\"canonical\" href=\"https:\/\/www.sindiaboldt.de\/portraits\/40ue40-teil-5\/\" \/>\n<meta property=\"og:locale\" content=\"de_DE\" \/>\n<meta property=\"og:type\" content=\"article\" \/>\n<meta property=\"og:title\" content=\"40\u00fc40-Teil 5\" \/>\n<meta property=\"og:description\" content=\"40 Frauen \u00fcber 40 &#8211; Das Fotoprojekt &#8211; Teil 5: &nbsp; Charlotte \/\/ Christiane \/\/ Andrea \/\/ Ursula \/\/ Ilham Hier stellen wir Euch die Teilnehmerinnen unseres wundervollen Fotoprojekts 40 Frauen \u00fcber 40 etwas n\u00e4her vor. In diesem Teil: Charlotte, 100, Rentnerin, 2 Kinder, Witwe, Oma von Christiane Christiane, 40, Psychologin mit eigener Praxis, 2 [&hellip;]\" \/>\n<meta property=\"og:url\" content=\"https:\/\/www.sindiaboldt.de\/portraits\/40ue40-teil-5\/\" \/>\n<meta property=\"og:site_name\" content=\"Portraits\" \/>\n<meta property=\"article:published_time\" content=\"2022-04-19T16:31:50+00:00\" \/>\n<meta property=\"article:modified_time\" content=\"2022-05-13T10:36:29+00:00\" \/>\n<meta property=\"og:image\" content=\"https:\/\/www.sindiaboldt.de\/portraits\/wp-content\/uploads\/sites\/5\/2022\/03\/Portraitsfotograf-Muenchen-Portrait-Fotos-R.-Ingolstadt-Fotograf-Fotoatelier-Sindia-Boldt-79.jpg\" \/>\n\t<meta property=\"og:image:width\" content=\"871\" \/>\n\t<meta property=\"og:image:height\" content=\"581\" \/>\n\t<meta property=\"og:image:type\" content=\"image\/jpeg\" \/>\n<meta name=\"author\" content=\"sindia\" \/>\n<meta name=\"twitter:card\" content=\"summary_large_image\" \/>\n<meta name=\"twitter:label1\" content=\"Verfasst von\" \/>\n\t<meta name=\"twitter:data1\" content=\"sindia\" \/>\n\t<meta name=\"twitter:label2\" content=\"Gesch\u00e4tzte Lesezeit\" \/>\n\t<meta name=\"twitter:data2\" content=\"14\u00a0Minuten\" \/>\n<script type=\"application\/ld+json\" class=\"yoast-schema-graph\">{\"@context\":\"https:\/\/schema.org\",\"@graph\":[{\"@type\":\"Article\",\"@id\":\"https:\/\/www.sindiaboldt.de\/portraits\/40ue40-teil-5\/#article\",\"isPartOf\":{\"@id\":\"https:\/\/www.sindiaboldt.de\/portraits\/40ue40-teil-5\/\"},\"author\":{\"name\":\"sindia\",\"@id\":\"https:\/\/www.sindiaboldt.de\/portraits\/#\/schema\/person\/13668cbe0f52c57a9402a6032226e58e\"},\"headline\":\"40\u00fc40-Teil 5\",\"datePublished\":\"2022-04-19T16:31:50+00:00\",\"dateModified\":\"2022-05-13T10:36:29+00:00\",\"mainEntityOfPage\":{\"@id\":\"https:\/\/www.sindiaboldt.de\/portraits\/40ue40-teil-5\/\"},\"wordCount\":1785,\"commentCount\":0,\"image\":{\"@id\":\"https:\/\/www.sindiaboldt.de\/portraits\/40ue40-teil-5\/#primaryimage\"},\"thumbnailUrl\":\"https:\/\/www.sindiaboldt.de\/portraits\/wp-content\/uploads\/sites\/5\/2022\/03\/Portraitsfotograf-Muenchen-Portrait-Fotos-R.-Ingolstadt-Fotograf-Fotoatelier-Sindia-Boldt-79.jpg\",\"inLanguage\":\"de\",\"potentialAction\":[{\"@type\":\"CommentAction\",\"name\":\"Comment\",\"target\":[\"https:\/\/www.sindiaboldt.de\/portraits\/40ue40-teil-5\/#respond\"]}]},{\"@type\":\"WebPage\",\"@id\":\"https:\/\/www.sindiaboldt.de\/portraits\/40ue40-teil-5\/\",\"url\":\"https:\/\/www.sindiaboldt.de\/portraits\/40ue40-teil-5\/\",\"name\":\"40\u00fc40-Teil 5\",\"isPartOf\":{\"@id\":\"https:\/\/www.sindiaboldt.de\/portraits\/#website\"},\"primaryImageOfPage\":{\"@id\":\"https:\/\/www.sindiaboldt.de\/portraits\/40ue40-teil-5\/#primaryimage\"},\"image\":{\"@id\":\"https:\/\/www.sindiaboldt.de\/portraits\/40ue40-teil-5\/#primaryimage\"},\"thumbnailUrl\":\"https:\/\/www.sindiaboldt.de\/portraits\/wp-content\/uploads\/sites\/5\/2022\/03\/Portraitsfotograf-Muenchen-Portrait-Fotos-R.-Ingolstadt-Fotograf-Fotoatelier-Sindia-Boldt-79.jpg\",\"datePublished\":\"2022-04-19T16:31:50+00:00\",\"dateModified\":\"2022-05-13T10:36:29+00:00\",\"author\":{\"@id\":\"https:\/\/www.sindiaboldt.de\/portraits\/#\/schema\/person\/13668cbe0f52c57a9402a6032226e58e\"},\"breadcrumb\":{\"@id\":\"https:\/\/www.sindiaboldt.de\/portraits\/40ue40-teil-5\/#breadcrumb\"},\"inLanguage\":\"de\",\"potentialAction\":[{\"@type\":\"ReadAction\",\"target\":[\"https:\/\/www.sindiaboldt.de\/portraits\/40ue40-teil-5\/\"]}]},{\"@type\":\"ImageObject\",\"inLanguage\":\"de\",\"@id\":\"https:\/\/www.sindiaboldt.de\/portraits\/40ue40-teil-5\/#primaryimage\",\"url\":\"https:\/\/www.sindiaboldt.de\/portraits\/wp-content\/uploads\/sites\/5\/2022\/03\/Portraitsfotograf-Muenchen-Portrait-Fotos-R.-Ingolstadt-Fotograf-Fotoatelier-Sindia-Boldt-79.jpg\",\"contentUrl\":\"https:\/\/www.sindiaboldt.de\/portraits\/wp-content\/uploads\/sites\/5\/2022\/03\/Portraitsfotograf-Muenchen-Portrait-Fotos-R.-Ingolstadt-Fotograf-Fotoatelier-Sindia-Boldt-79.jpg\",\"width\":871,\"height\":581,\"caption\":\"Portraitsfotograf Muenchen Portrait Fotos R. Ingolstadt Fotograf Fotoatelier Sindia Boldt 79\"},{\"@type\":\"BreadcrumbList\",\"@id\":\"https:\/\/www.sindiaboldt.de\/portraits\/40ue40-teil-5\/#breadcrumb\",\"itemListElement\":[{\"@type\":\"ListItem\",\"position\":1,\"name\":\"Home\",\"item\":\"https:\/\/www.sindiaboldt.de\/portraits\/\"},{\"@type\":\"ListItem\",\"position\":2,\"name\":\"40\u00fc40-Teil 5\"}]},{\"@type\":\"WebSite\",\"@id\":\"https:\/\/www.sindiaboldt.de\/portraits\/#website\",\"url\":\"https:\/\/www.sindiaboldt.de\/portraits\/\",\"name\":\"Portraits\",\"description\":\"Eine weitere Sindia Boldt Photography Website\",\"potentialAction\":[{\"@type\":\"SearchAction\",\"target\":{\"@type\":\"EntryPoint\",\"urlTemplate\":\"https:\/\/www.sindiaboldt.de\/portraits\/?s={search_term_string}\"},\"query-input\":{\"@type\":\"PropertyValueSpecification\",\"valueRequired\":true,\"valueName\":\"search_term_string\"}}],\"inLanguage\":\"de\"},{\"@type\":\"Person\",\"@id\":\"https:\/\/www.sindiaboldt.de\/portraits\/#\/schema\/person\/13668cbe0f52c57a9402a6032226e58e\",\"name\":\"sindia\",\"image\":{\"@type\":\"ImageObject\",\"inLanguage\":\"de\",\"@id\":\"https:\/\/www.sindiaboldt.de\/portraits\/#\/schema\/person\/image\/\",\"url\":\"https:\/\/secure.gravatar.com\/avatar\/634be3b6facbe9cb0465d21b14b4dacd?s=96&d=mm&r=g\",\"contentUrl\":\"https:\/\/secure.gravatar.com\/avatar\/634be3b6facbe9cb0465d21b14b4dacd?s=96&d=mm&r=g\",\"caption\":\"sindia\"}}]}<\/script>\n<!-- \/ Yoast SEO plugin. -->","yoast_head_json":{"title":"40\u00fc40-Teil 5","robots":{"index":"index","follow":"follow","max-snippet":"max-snippet:-1","max-image-preview":"max-image-preview:large","max-video-preview":"max-video-preview:-1"},"canonical":"https:\/\/www.sindiaboldt.de\/portraits\/40ue40-teil-5\/","og_locale":"de_DE","og_type":"article","og_title":"40\u00fc40-Teil 5","og_description":"40 Frauen \u00fcber 40 &#8211; Das Fotoprojekt &#8211; Teil 5: &nbsp; Charlotte \/\/ Christiane \/\/ Andrea \/\/ Ursula \/\/ Ilham Hier stellen wir Euch die Teilnehmerinnen unseres wundervollen Fotoprojekts 40 Frauen \u00fcber 40 etwas n\u00e4her vor. In diesem Teil: Charlotte, 100, Rentnerin, 2 Kinder, Witwe, Oma von Christiane Christiane, 40, Psychologin mit eigener Praxis, 2 [&hellip;]","og_url":"https:\/\/www.sindiaboldt.de\/portraits\/40ue40-teil-5\/","og_site_name":"Portraits","article_published_time":"2022-04-19T16:31:50+00:00","article_modified_time":"2022-05-13T10:36:29+00:00","og_image":[{"width":871,"height":581,"url":"https:\/\/www.sindiaboldt.de\/portraits\/wp-content\/uploads\/sites\/5\/2022\/03\/Portraitsfotograf-Muenchen-Portrait-Fotos-R.-Ingolstadt-Fotograf-Fotoatelier-Sindia-Boldt-79.jpg","type":"image\/jpeg"}],"author":"sindia","twitter_card":"summary_large_image","twitter_misc":{"Verfasst von":"sindia","Gesch\u00e4tzte Lesezeit":"14\u00a0Minuten"},"schema":{"@context":"https:\/\/schema.org","@graph":[{"@type":"Article","@id":"https:\/\/www.sindiaboldt.de\/portraits\/40ue40-teil-5\/#article","isPartOf":{"@id":"https:\/\/www.sindiaboldt.de\/portraits\/40ue40-teil-5\/"},"author":{"name":"sindia","@id":"https:\/\/www.sindiaboldt.de\/portraits\/#\/schema\/person\/13668cbe0f52c57a9402a6032226e58e"},"headline":"40\u00fc40-Teil 5","datePublished":"2022-04-19T16:31:50+00:00","dateModified":"2022-05-13T10:36:29+00:00","mainEntityOfPage":{"@id":"https:\/\/www.sindiaboldt.de\/portraits\/40ue40-teil-5\/"},"wordCount":1785,"commentCount":0,"image":{"@id":"https:\/\/www.sindiaboldt.de\/portraits\/40ue40-teil-5\/#primaryimage"},"thumbnailUrl":"https:\/\/www.sindiaboldt.de\/portraits\/wp-content\/uploads\/sites\/5\/2022\/03\/Portraitsfotograf-Muenchen-Portrait-Fotos-R.-Ingolstadt-Fotograf-Fotoatelier-Sindia-Boldt-79.jpg","inLanguage":"de","potentialAction":[{"@type":"CommentAction","name":"Comment","target":["https:\/\/www.sindiaboldt.de\/portraits\/40ue40-teil-5\/#respond"]}]},{"@type":"WebPage","@id":"https:\/\/www.sindiaboldt.de\/portraits\/40ue40-teil-5\/","url":"https:\/\/www.sindiaboldt.de\/portraits\/40ue40-teil-5\/","name":"40\u00fc40-Teil 5","isPartOf":{"@id":"https:\/\/www.sindiaboldt.de\/portraits\/#website"},"primaryImageOfPage":{"@id":"https:\/\/www.sindiaboldt.de\/portraits\/40ue40-teil-5\/#primaryimage"},"image":{"@id":"https:\/\/www.sindiaboldt.de\/portraits\/40ue40-teil-5\/#primaryimage"},"thumbnailUrl":"https:\/\/www.sindiaboldt.de\/portraits\/wp-content\/uploads\/sites\/5\/2022\/03\/Portraitsfotograf-Muenchen-Portrait-Fotos-R.-Ingolstadt-Fotograf-Fotoatelier-Sindia-Boldt-79.jpg","datePublished":"2022-04-19T16:31:50+00:00","dateModified":"2022-05-13T10:36:29+00:00","author":{"@id":"https:\/\/www.sindiaboldt.de\/portraits\/#\/schema\/person\/13668cbe0f52c57a9402a6032226e58e"},"breadcrumb":{"@id":"https:\/\/www.sindiaboldt.de\/portraits\/40ue40-teil-5\/#breadcrumb"},"inLanguage":"de","potentialAction":[{"@type":"ReadAction","target":["https:\/\/www.sindiaboldt.de\/portraits\/40ue40-teil-5\/"]}]},{"@type":"ImageObject","inLanguage":"de","@id":"https:\/\/www.sindiaboldt.de\/portraits\/40ue40-teil-5\/#primaryimage","url":"https:\/\/www.sindiaboldt.de\/portraits\/wp-content\/uploads\/sites\/5\/2022\/03\/Portraitsfotograf-Muenchen-Portrait-Fotos-R.-Ingolstadt-Fotograf-Fotoatelier-Sindia-Boldt-79.jpg","contentUrl":"https:\/\/www.sindiaboldt.de\/portraits\/wp-content\/uploads\/sites\/5\/2022\/03\/Portraitsfotograf-Muenchen-Portrait-Fotos-R.-Ingolstadt-Fotograf-Fotoatelier-Sindia-Boldt-79.jpg","width":871,"height":581,"caption":"Portraitsfotograf Muenchen Portrait Fotos R. Ingolstadt Fotograf Fotoatelier Sindia Boldt 79"},{"@type":"BreadcrumbList","@id":"https:\/\/www.sindiaboldt.de\/portraits\/40ue40-teil-5\/#breadcrumb","itemListElement":[{"@type":"ListItem","position":1,"name":"Home","item":"https:\/\/www.sindiaboldt.de\/portraits\/"},{"@type":"ListItem","position":2,"name":"40\u00fc40-Teil 5"}]},{"@type":"WebSite","@id":"https:\/\/www.sindiaboldt.de\/portraits\/#website","url":"https:\/\/www.sindiaboldt.de\/portraits\/","name":"Portraits","description":"Eine weitere Sindia Boldt Photography Website","potentialAction":[{"@type":"SearchAction","target":{"@type":"EntryPoint","urlTemplate":"https:\/\/www.sindiaboldt.de\/portraits\/?s={search_term_string}"},"query-input":{"@type":"PropertyValueSpecification","valueRequired":true,"valueName":"search_term_string"}}],"inLanguage":"de"},{"@type":"Person","@id":"https:\/\/www.sindiaboldt.de\/portraits\/#\/schema\/person\/13668cbe0f52c57a9402a6032226e58e","name":"sindia","image":{"@type":"ImageObject","inLanguage":"de","@id":"https:\/\/www.sindiaboldt.de\/portraits\/#\/schema\/person\/image\/","url":"https:\/\/secure.gravatar.com\/avatar\/634be3b6facbe9cb0465d21b14b4dacd?s=96&d=mm&r=g","contentUrl":"https:\/\/secure.gravatar.com\/avatar\/634be3b6facbe9cb0465d21b14b4dacd?s=96&d=mm&r=g","caption":"sindia"}}]}},"_links":{"self":[{"href":"https:\/\/www.sindiaboldt.de\/portraits\/wp-json\/wp\/v2\/posts\/1276","targetHints":{"allow":["GET"]}}],"collection":[{"href":"https:\/\/www.sindiaboldt.de\/portraits\/wp-json\/wp\/v2\/posts"}],"about":[{"href":"https:\/\/www.sindiaboldt.de\/portraits\/wp-json\/wp\/v2\/types\/post"}],"author":[{"embeddable":true,"href":"https:\/\/www.sindiaboldt.de\/portraits\/wp-json\/wp\/v2\/users\/1"}],"replies":[{"embeddable":true,"href":"https:\/\/www.sindiaboldt.de\/portraits\/wp-json\/wp\/v2\/comments?post=1276"}],"version-history":[{"count":0,"href":"https:\/\/www.sindiaboldt.de\/portraits\/wp-json\/wp\/v2\/posts\/1276\/revisions"}],"wp:featuredmedia":[{"embeddable":true,"href":"https:\/\/www.sindiaboldt.de\/portraits\/wp-json\/wp\/v2\/media\/1067"}],"wp:attachment":[{"href":"https:\/\/www.sindiaboldt.de\/portraits\/wp-json\/wp\/v2\/media?parent=1276"}],"wp:term":[{"taxonomy":"category","embeddable":true,"href":"https:\/\/www.sindiaboldt.de\/portraits\/wp-json\/wp\/v2\/categories?post=1276"},{"taxonomy":"post_tag","embeddable":true,"href":"https:\/\/www.sindiaboldt.de\/portraits\/wp-json\/wp\/v2\/tags?post=1276"}],"curies":[{"name":"wp","href":"https:\/\/api.w.org\/{rel}","templated":true}]}}