{"id":858,"date":"2022-04-19T17:17:56","date_gmt":"2022-04-19T15:17:56","guid":{"rendered":"https:\/\/www.sindiaboldt.de\/portraits\/?p=858"},"modified":"2022-05-21T12:11:30","modified_gmt":"2022-05-21T10:11:30","slug":"40ue40-teil1","status":"publish","type":"post","link":"https:\/\/www.sindiaboldt.de\/portraits\/40ue40-teil1\/","title":{"rendered":"40\u00fc40-Teil 1"},"content":{"rendered":"<h1 style=\"text-align: center;\">40 Frauen \u00fcber 40 &#8211; Das Fotoprojekt &#8211; Teil 1:<\/h1>\n<p><img loading=\"lazy\" decoding=\"async\" class=\"aligncenter size-full wp-image-627\" title=\"Portraits Studio Sindia Boldt Photography Mu\u0308nchen 44 750x500 1\" src=\"https:\/\/www.sindiaboldt.de\/portraits\/wp-content\/uploads\/sites\/5\/2021\/09\/Portraits-Studio-Sindia-Boldt-Photography-Mu\u0308nchen-44-750x500-1.jpg\" alt=\"Portraits Studio Sindia Boldt Photography Mu\u0308nchen 44 750x500 1\" width=\"750\" height=\"500\" srcset=\"https:\/\/www.sindiaboldt.de\/portraits\/wp-content\/uploads\/sites\/5\/2021\/09\/Portraits-Studio-Sindia-Boldt-Photography-Mu\u0308nchen-44-750x500-1.jpg 750w, https:\/\/www.sindiaboldt.de\/portraits\/wp-content\/uploads\/sites\/5\/2021\/09\/Portraits-Studio-Sindia-Boldt-Photography-Mu\u0308nchen-44-750x500-1-300x200.jpg 300w\" sizes=\"auto, (max-width: 750px) 100vw, 750px\" \/><\/p>\n<p>&nbsp;<\/p>\n<p style=\"text-align: center;\">Gaby \/\/ Renate \/\/ Susanne \/\/ Doris \/\/ Ines &#8211;<\/p>\n<p style=\"text-align: center;\">Hier stellen wir Euch die Teilnehmerinnen unseres wundervollen <a href=\"https:\/\/www.sindiaboldt.de\/portraits\/40-ueber-40\/\">Fotoprojekts 40 Frauen \u00fcber 40<\/a> etwas n\u00e4her vor. In diesem Teil:<\/p>\n<h3 style=\"text-align: center;\">Gaby, 70, Lehrerin in Pension<\/h3>\n<h3 style=\"text-align: center;\">Renate, 52, Raumgestalterin<\/h3>\n<h3 style=\"text-align: center;\">Susanne, 42, Teamassistentin<\/h3>\n<h3 style=\"text-align: center;\">Doris, 62, Krankenschwester<\/h3>\n<h3 style=\"text-align: center;\">Ines, 53, Fachbereichsleitung Kita<\/h3>\n<hr \/>\n<h3><\/h3>\n<h2 style=\"text-align: center;\">Gaby, 70, Lehrerin in Pension<\/h2>\n<p style=\"text-align: center;\">GABY GENIESST DERZEIT IHREN RUHESTAND NACH EINER ERFOLGREICHEN KARRIERE ALS LEHRERIN UND FEIERT BALD IHRE GOLDENE HOCHZEIT.<\/p>\n<p style=\"text-align: center;\"><img loading=\"lazy\" decoding=\"async\" class=\"aligncenter size-full wp-image-893\" title=\"Gaby Troetschel vorher\" src=\"https:\/\/www.sindiaboldt.de\/portraits\/wp-content\/uploads\/sites\/5\/2022\/01\/Gaby-Troetschel_vorher.jpg\" alt=\"Gaby Troetschel vorher\" width=\"499\" height=\"614\" srcset=\"https:\/\/www.sindiaboldt.de\/portraits\/wp-content\/uploads\/sites\/5\/2022\/01\/Gaby-Troetschel_vorher.jpg 499w, https:\/\/www.sindiaboldt.de\/portraits\/wp-content\/uploads\/sites\/5\/2022\/01\/Gaby-Troetschel_vorher-244x300.jpg 244w\" sizes=\"auto, (max-width: 499px) 100vw, 499px\" \/><\/p>\n<p style=\"text-align: center;\"><strong> Hier mehr Infos \u00fcber Gaby (70, pensionierte Lehrerin, 2 Kinder, verheiratet):<\/strong><\/p>\n<p style=\"text-align: center;\">Gaby hat ihr Leben beruflich als Lehrerin f\u00fcr Sport und dann Hauswirtschaft verbracht, bis sie vor 10 Jahren in ihren Ruhestand gegangen ist, den sie sehr genie\u00dft. Sie ist seit 48 Jahren verheiratet und hat mit ihrem Mann, den sie noch aus der Schulzeit kennt, zwei T\u00f6chter gro\u00dfgezogen, deren Hauptaugenmerk jeweils auf der Karriere liegt. Dass sie keine Enkelkinder hat, hat Gaby mittlerweile akzeptiert:<\/p>\n<p style=\"text-align: center;\"><em>&#8220;Es war eine Zeit lang ganz schlimm, als alle Freundinnen und Kolleginnen in das &#8216;Oma-Alter&#8217; kamen, das hat dann schon ein bisschen geziept &#8211; und als ich dann mal einen kleinen Seitenhieb loswurde, in Richtung meiner T\u00f6chter, wurde mir dann gesagt &#8216;Mutter, wir leben unser Leben und nicht deine Vorstellung von unserem Leben&#8217; und dann musste ich es akzeptieren und habe mich mittlerweile damit arrangiert.&#8221;<\/em><\/p>\n<p style=\"text-align: center;\">In ihrer Freizeit macht sie viel Sport, unter anderem Fitnessgymnastik, f\u00e4hrt mit ihrem Mann sehr viel Fahrrad, f\u00e4hrt Ski und geht einige Male die Woche mit ihrer sog. &#8220;Stockentengruppe&#8221; walken. Bis vor f\u00fcnf Jahren kamen noch Tennis und Volleyball hinzu.<\/p>\n<p style=\"text-align: center;\">Ihr 70. Geburtstag verlief etwas anders, als ihre bisherigen runden Geburtstage&#8230;:<\/p>\n<p style=\"text-align: center;\"><em>&#8220;Meine T\u00f6chter haben beschlossen, dass wir meinen 70. Geburtstag nicht so feiern, wie man sonst die runden Geburtstage feiert &#8211; mit 50, 60 Leuten, Freunden Verwandtschaft&#8230; &#8211; sondern wir waren zu viert auf einem Hausboot und haben auf engstem Raum sechs wundersch\u00f6ne Tage und N\u00e4chte verbracht und das war ein Erlebnis f\u00fcr alle.&#8221;<\/em><\/p>\n<p style=\"text-align: center;\"><strong>&#8220;Wie macht man das: 50 Jahre gl\u00fccklich verheiratet zu sein?&#8221;<\/strong><\/p>\n<p style=\"text-align: center;\"><em>&#8220;Das Grundfundament ist nat\u00fcrlich die Zuneigung, die Liebe. Dann braucht man sehr viel Diplomatie, Toleranz und man muss den anderen so akzeptieren, wie er sich entwickelt. Wir haben uns ja in unserer Jugend kennengelernt und haben uns gewisserma\u00dfen in eine Richtung entwickelt und trotzdem hat sich jeder auch in eine andere Richtung entwickelt. Also es ist eine gute Sache, sich gemeinsam in eine Richtung zu entwickeln und trotzdem seine Eigenst\u00e4ndigkeit, seine Pers\u00f6nlichkeit, zu behalten.&#8221;<\/em><\/p>\n<p style=\"text-align: center;\"><strong>&#8220;Was ist f\u00fcr dich das Beste am \u00c4lterwerden?&#8221;<\/strong><\/p>\n<p style=\"text-align: center;\"><em>&#8220;Ich finde, die letzten zehn Jahre hat sich mein Leben sehr entschleunigt. Der berufliche Stress ist weg und da bin ich vor allem in Corona-Zeiten jeden Morgen dankbar, dass ich nicht in die Schule muss. Dass man mehr Zeit hat, sich freier bewegen kann, weil keine Zw\u00e4nge mehr da sind&#8230; Ich habe an meinem letzten Arbeitstag in der Schule mit dem letzten Pausengong meine Armbanduhr abgenommen und sie seitdem nicht mehr angezogen.&#8221;<\/em><\/p>\n<p style=\"text-align: center;\"><strong>&#8220;Was bedeutet denn f\u00fcr dich, liebe Gaby, Sch\u00f6nheit?&#8221;<\/strong><\/p>\n<p style=\"text-align: center;\"><em>&#8220;Dass das Gesamtbild von K\u00f6rper und Seele stimmig und authentisch ist. Viele achten viel zu viel auf ihr \u00c4u\u00dferes, dabei passt das Innere nicht. Ich mache aber auch oft die Beobachtung, dass das Innere total sch\u00f6n ist, aber das \u00c4u\u00dfere vernachl\u00e4ssigt wird. Also es sollte einfach stimmig sein.&#8221;<\/em><\/p>\n<p style=\"text-align: center;\"><strong>&#8220;Findest du dich sch\u00f6n?&#8221;<\/strong><\/p>\n<p style=\"text-align: center;\"><em>&#8220;Es ist mir nicht mehr so wichtig, sagen wir es so. Mir wurde zwar immer gesagt, ich w\u00e4re es, aber das habe ich wohl nicht immer so empfunden. Es gab schon hin und wieder etwas zu meckern und auszusetzen. Gleichzeitig habe ich aber die Erfahrung gemacht, dass es gutaussehende Menschen immer etwas leichter haben im Leben, was mir aber zu oberfl\u00e4chlich ist. Von dem her ist es mir nicht so wichtig.&#8221;<\/em><\/p>\n<h3 style=\"text-align: center;\"><strong>Das Ergebnis von Gaby&#8217;s Fotoshooting im Fotoatelier Hohenkammer:<\/strong><\/h3>\n<div id='gallery-1' class='gallery galleryid-858 gallery-columns-3 gallery-size-full'><figure class='gallery-item'>\n\t\t\t<div class='gallery-icon portrait'>\n\t\t\t\t<img loading=\"lazy\" decoding=\"async\" width=\"349\" height=\"523\" src=\"https:\/\/www.sindiaboldt.de\/portraits\/wp-content\/uploads\/sites\/5\/2022\/01\/Portrait-Fotoshooting-Portraitfotograf-Fotoatelier-Sindia-Boldt-1.jpg\" class=\"attachment-full size-full\" alt=\"Portrait Fotoshooting Portraitfotograf Fotoatelier Sindia Boldt 1\" srcset=\"https:\/\/www.sindiaboldt.de\/portraits\/wp-content\/uploads\/sites\/5\/2022\/01\/Portrait-Fotoshooting-Portraitfotograf-Fotoatelier-Sindia-Boldt-1.jpg 349w, https:\/\/www.sindiaboldt.de\/portraits\/wp-content\/uploads\/sites\/5\/2022\/01\/Portrait-Fotoshooting-Portraitfotograf-Fotoatelier-Sindia-Boldt-1-200x300.jpg 200w\" sizes=\"auto, (max-width: 349px) 100vw, 349px\" \/>\n\t\t\t<\/div><\/figure><figure class='gallery-item'>\n\t\t\t<div class='gallery-icon portrait'>\n\t\t\t\t<img loading=\"lazy\" decoding=\"async\" width=\"349\" height=\"523\" src=\"https:\/\/www.sindiaboldt.de\/portraits\/wp-content\/uploads\/sites\/5\/2022\/01\/Portrait-Fotoshooting-Portraitfotograf-Fotoatelier-Sindia-Boldt-3.jpg\" class=\"attachment-full size-full\" alt=\"Portrait Fotoshooting Portraitfotograf Fotoatelier Sindia Boldt 3\" srcset=\"https:\/\/www.sindiaboldt.de\/portraits\/wp-content\/uploads\/sites\/5\/2022\/01\/Portrait-Fotoshooting-Portraitfotograf-Fotoatelier-Sindia-Boldt-3.jpg 349w, https:\/\/www.sindiaboldt.de\/portraits\/wp-content\/uploads\/sites\/5\/2022\/01\/Portrait-Fotoshooting-Portraitfotograf-Fotoatelier-Sindia-Boldt-3-200x300.jpg 200w\" sizes=\"auto, (max-width: 349px) 100vw, 349px\" \/>\n\t\t\t<\/div><\/figure><figure class='gallery-item'>\n\t\t\t<div class='gallery-icon portrait'>\n\t\t\t\t<img loading=\"lazy\" decoding=\"async\" width=\"581\" height=\"871\" src=\"https:\/\/www.sindiaboldt.de\/portraits\/wp-content\/uploads\/sites\/5\/2022\/01\/Portrait-Fotoshooting-Portraitfotograf-Fotoatelier-Sindia-Boldt-16.jpg\" class=\"attachment-full size-full\" alt=\"Portrait Fotoshooting Portraitfotograf Fotoatelier Sindia Boldt 16\" srcset=\"https:\/\/www.sindiaboldt.de\/portraits\/wp-content\/uploads\/sites\/5\/2022\/01\/Portrait-Fotoshooting-Portraitfotograf-Fotoatelier-Sindia-Boldt-16.jpg 581w, https:\/\/www.sindiaboldt.de\/portraits\/wp-content\/uploads\/sites\/5\/2022\/01\/Portrait-Fotoshooting-Portraitfotograf-Fotoatelier-Sindia-Boldt-16-200x300.jpg 200w\" sizes=\"auto, (max-width: 581px) 100vw, 581px\" \/>\n\t\t\t<\/div><\/figure>\n\t\t<\/div>\n\n<hr \/>\n<h3><\/h3>\n<h2 style=\"text-align: center;\">Renate, 52, Raumgestalterin<\/h2>\n<p style=\"text-align: center;\">RENATE NAHM AUS EINEM INNEREN, SPONTANEN IMPULS AM SHOOTING TEIL, UM SICH EINER NEUEN CHALLENGE ZU STELLEN UND SICH IN EINEM NEUEN LICHT SEHEN ZU K\u00d6NNEN.<\/p>\n<p style=\"text-align: center;\"><img loading=\"lazy\" decoding=\"async\" class=\"aligncenter size-full wp-image-899\" title=\"RenateRegler\" src=\"https:\/\/www.sindiaboldt.de\/portraits\/wp-content\/uploads\/sites\/5\/2022\/01\/RenateRegler.jpeg\" alt=\"RenateRegler\" width=\"331\" height=\"481\" srcset=\"https:\/\/www.sindiaboldt.de\/portraits\/wp-content\/uploads\/sites\/5\/2022\/01\/RenateRegler.jpeg 331w, https:\/\/www.sindiaboldt.de\/portraits\/wp-content\/uploads\/sites\/5\/2022\/01\/RenateRegler-206x300.jpeg 206w\" sizes=\"auto, (max-width: 331px) 100vw, 331px\" \/><\/p>\n<p style=\"text-align: center;\"><strong>Hier mehr Infos \u00fcber Renate (52, Raumgestalterin, in Partnerschaft):<\/strong><\/p>\n<p style=\"text-align: center;\">Renate hilft als Raumgestalterin Menschen, die ihr Umfeld gerne versch\u00f6nern wollen w\u00fcrden. Ihre Freizeit verbringt sie gern mit Rad- oder Mountainbikefahren oder Tanzen. Dazu liegen ihr Ern\u00e4hrung und Gesundheit sehr am Herzen.<\/p>\n<p style=\"text-align: center;\">Das Shooting stellte f\u00fcr sie eine M\u00f6glichkeit dar, zu sehen, welche Facetten sie noch zu zeigen hat. Zudem hatte es f\u00fcr sie einen gewissen Kick, da es \u00f6ffentlicher war, als ein normales Fotoshooting.<\/p>\n<p style=\"text-align: center;\"><span class=\"Apple-converted-space\">&#8220;<em>Ich wollte mich trauen, auch aus mir rauszugehen und keinen falschen Scham oder dieses zur\u00fcckhaltende &#8216;Bin ja doch kein Star&#8217; zu versp\u00fcren.&#8221;<\/em><\/span><\/p>\n<p style=\"text-align: center;\"><strong>\u201cGab es in deinem Leben eine Situation, in der du gemerkt hast: \u2018Das passiert mir jetzt, weil ich eine Frau bin.\u2019?\u201d<\/strong><\/p>\n<p style=\"text-align: center;\">\u201eJa klar, 2x war ich in der Situation stark von M\u00e4nnern bedr\u00e4ngt zu werden. Es war heftig zu sp\u00fcren wie machtlos ich gegen diese Kraft war und wie wenig Chancen ich wirklich gehabt h\u00e4tte.<\/p>\n<p style=\"text-align: center;\">Gottseidank liegt das weit in der Vergangenheit!<\/p>\n<p style=\"text-align: center;\">Mittlerweile f\u00fchle ich mich viel pr\u00e4senter, stabiler und selbstbewusster. Ich lebe in einem sehr positiven, unterst\u00fctzenden Umfeld woher ich viel Wertsch\u00e4tzung erfahre. Besonders von meinem Partner bekomme ich viele Impulse und Anerkennung, das gibt mir Kraft und Lebensfreude!<\/p>\n<p style=\"text-align: center;\">Je \u00e4lter ich werde, desto lebendiger f\u00fchle ich mich und desto vielseitiger werden meine Interessen!<\/p>\n<p style=\"text-align: center;\">Und so hat es Spa\u00df gemacht, mal unbeschwert sinnliche Weiblichkeit auszuleben!<\/p>\n<p style=\"text-align: center;\">Das Projekt 40\u00dc40 hat mich sofort angesprochen, weil ich es toll finde, dass sich Frauen in Ihrer individuellen Sch\u00f6nheit zeigen k\u00f6nnen und wollen! Sch\u00f6nheit ist f\u00fcr mich eine Haltung und der Ausdruck in den Augen verbunden mit Selbstachtung f\u00fcr seine Einzigartigkeit! Die stolzen S\u00fcdl\u00e4nderinnen sind uns da oft einen Schritt voraus; da kommt es nicht auf ein paar Kilos an um sich sch\u00f6n und weiblich zu f\u00fchlen!<br \/>\nDanke, dass ich Teil des Projekts sein darf!\u201c<\/p>\n<h3 style=\"text-align: center;\"><strong>Das Ergebnis von Renate&#8217;s Fotoshooting im Fotoatelier Hohenkammer:<\/strong><\/h3>\n<div id='gallery-2' class='gallery galleryid-858 gallery-columns-3 gallery-size-full'><figure class='gallery-item'>\n\t\t\t<div class='gallery-icon portrait'>\n\t\t\t\t<img loading=\"lazy\" decoding=\"async\" width=\"349\" height=\"523\" src=\"https:\/\/www.sindiaboldt.de\/portraits\/wp-content\/uploads\/sites\/5\/2022\/01\/Portraitsfotograf-Muenchen-Portrait-R.-Freising-Fotos-Fotograf-Fotoatelier-Sindia-Boldt-37-1.jpg\" class=\"attachment-full size-full\" alt=\"Portraitsfotograf Muenchen Portrait R. Freising Fotos Fotograf Fotoatelier Sindia Boldt 37 1\" srcset=\"https:\/\/www.sindiaboldt.de\/portraits\/wp-content\/uploads\/sites\/5\/2022\/01\/Portraitsfotograf-Muenchen-Portrait-R.-Freising-Fotos-Fotograf-Fotoatelier-Sindia-Boldt-37-1.jpg 349w, https:\/\/www.sindiaboldt.de\/portraits\/wp-content\/uploads\/sites\/5\/2022\/01\/Portraitsfotograf-Muenchen-Portrait-R.-Freising-Fotos-Fotograf-Fotoatelier-Sindia-Boldt-37-1-200x300.jpg 200w\" sizes=\"auto, (max-width: 349px) 100vw, 349px\" \/>\n\t\t\t<\/div><\/figure><figure class='gallery-item'>\n\t\t\t<div class='gallery-icon landscape'>\n\t\t\t\t<img loading=\"lazy\" decoding=\"async\" width=\"760\" height=\"506\" src=\"https:\/\/www.sindiaboldt.de\/portraits\/wp-content\/uploads\/sites\/5\/2022\/01\/Portraitsfotograf-Muenchen-Portrait-R.-Freising-Fotos-Fotograf-Fotoatelier-Sindia-Boldt-4.jpg\" class=\"attachment-full size-full\" alt=\"Portraitsfotograf Muenchen Portrait R. Freising Fotos Fotograf Fotoatelier Sindia Boldt 4\" srcset=\"https:\/\/www.sindiaboldt.de\/portraits\/wp-content\/uploads\/sites\/5\/2022\/01\/Portraitsfotograf-Muenchen-Portrait-R.-Freising-Fotos-Fotograf-Fotoatelier-Sindia-Boldt-4.jpg 760w, https:\/\/www.sindiaboldt.de\/portraits\/wp-content\/uploads\/sites\/5\/2022\/01\/Portraitsfotograf-Muenchen-Portrait-R.-Freising-Fotos-Fotograf-Fotoatelier-Sindia-Boldt-4-300x200.jpg 300w\" sizes=\"auto, (max-width: 760px) 100vw, 760px\" \/>\n\t\t\t<\/div><\/figure><figure class='gallery-item'>\n\t\t\t<div class='gallery-icon portrait'>\n\t\t\t\t<img loading=\"lazy\" decoding=\"async\" width=\"349\" height=\"523\" src=\"https:\/\/www.sindiaboldt.de\/portraits\/wp-content\/uploads\/sites\/5\/2022\/01\/Portraitsfotograf-Muenchen-Portrait-R.-Freising-Fotos-Fotograf-Fotoatelier-Sindia-Boldt-99.jpg\" class=\"attachment-full size-full\" alt=\"Portraitsfotograf Muenchen Portrait R. Freising Fotos Fotograf Fotoatelier Sindia Boldt 99\" srcset=\"https:\/\/www.sindiaboldt.de\/portraits\/wp-content\/uploads\/sites\/5\/2022\/01\/Portraitsfotograf-Muenchen-Portrait-R.-Freising-Fotos-Fotograf-Fotoatelier-Sindia-Boldt-99.jpg 349w, https:\/\/www.sindiaboldt.de\/portraits\/wp-content\/uploads\/sites\/5\/2022\/01\/Portraitsfotograf-Muenchen-Portrait-R.-Freising-Fotos-Fotograf-Fotoatelier-Sindia-Boldt-99-200x300.jpg 200w\" sizes=\"auto, (max-width: 349px) 100vw, 349px\" \/>\n\t\t\t<\/div><\/figure>\n\t\t<\/div>\n\n<hr \/>\n<h3><\/h3>\n<h2 style=\"text-align: center;\">Susanne, 42, Teamassistentin<\/h2>\n<p style=\"text-align: center;\">SUSANNE WURDE VON IHRER SCHWESTER ZUM SHOOTING EINGELADEN, UM IHR NACH EINIGEN SCHWIERIGEN ZEITEN, IN DENEN SIE IMMER STARK WAR, ETWAS GUTES TUN ZU K\u00d6NNEN.<\/p>\n<p style=\"text-align: center;\"><img loading=\"lazy\" decoding=\"async\" class=\"aligncenter size-full wp-image-905\" title=\"Susanne Frank Rapp vorher fitting\" src=\"https:\/\/www.sindiaboldt.de\/portraits\/wp-content\/uploads\/sites\/5\/2022\/01\/Susanne-Frank-Rapp_vorher-fitting.jpg\" alt=\"Susanne Frank Rapp vorher fitting\" width=\"392\" height=\"523\" srcset=\"https:\/\/www.sindiaboldt.de\/portraits\/wp-content\/uploads\/sites\/5\/2022\/01\/Susanne-Frank-Rapp_vorher-fitting.jpg 392w, https:\/\/www.sindiaboldt.de\/portraits\/wp-content\/uploads\/sites\/5\/2022\/01\/Susanne-Frank-Rapp_vorher-fitting-225x300.jpg 225w\" sizes=\"auto, (max-width: 392px) 100vw, 392px\" \/><\/p>\n<p style=\"text-align: center;\"><strong>Hier mehr Infos \u00fcber Susanne (42,Managerin Steuerung und Koordination, 1 Kind, in Partnerschaft):<\/strong><\/p>\n<p style=\"text-align: center;\">Susanne hatte diverse Jobs in ihrem Leben unter anderem hat sie selbstst\u00e4ndig einen Second-Hand-Laden betrieben. Zudem f\u00fchrt sie ein Ehrenamt beim Moosacher Senioren-Computerclub aus.<\/p>\n<p style=\"text-align: center;\">Susanne hat eine kleine Tochter, um die sie sich nach ihrer Scheidung eine Zeit lang alleinerziehend gek\u00fcmmert hat. Mit ihrem jetzigen Partner ist sie sehr gl\u00fccklich, f\u00fchlt sich verstanden und akzeptiert. Ihr Eindruck ist, dass sie jetzt um einiges ruhiger und gelassener ist &#8211; auch in der Beziehung:<\/p>\n<p style=\"text-align: center;\"><em>&#8220;Wenn man jung ist, geht man doch mal wegen einer Kleinigkeit an die Decke, wobei man jetzt eher sagt &#8216;Es ist halt so.&#8217; und auf die Dinge schaut, die wirklich wichtig sind. Das ist die Lebenserfahrung. Jetzt ist da auch die Dankbarkeit, einen Menschen zu haben, der einen so nimmt, wie man ist.&#8221;<\/em><\/p>\n<p style=\"text-align: center;\"><strong>&#8220;Was ist f\u00fcr dich, Susanne, das beste am \u00c4lterwerden bzw. an deinem aktuellen Alter?&#8221;<\/strong><\/p>\n<p style=\"text-align: center;\"><em>&#8220;Fr\u00fcher ist so viel passiert und jetzt konnte ich &#8216;ankommen&#8217;. Jetzt kann ich so sein, wie ich bin und wie ich m\u00f6chte. Ich kann meine Hobbys ausleben und wenn es mal nichts f\u00fcr meinen Partner ist, dann st\u00f6rt es ihn nicht. Fr\u00fcher war da auch eine gewisse Ungeduld, wann man denn wiederkomme oder fertig mit dem Hobby ist.&#8221;<\/em><\/p>\n<p style=\"text-align: center;\"><strong>&#8220;Auf welche Errungenschaft oder welche Entscheidung in deinem Leben bist du denn besonders stolz?&#8221;<\/strong><\/p>\n<p style=\"text-align: center;\"><em>&#8220;Auf meine Tochter. Mutter zu werden ist wahnsinnig sch\u00f6n. Auch wenn es sehr anstrengend ist, vor allem als Alleinerziehende, m\u00f6chte ich es nicht mehr missen. Man wird auch st\u00e4rker, allein schon \u00a0f\u00fcr das Kind.&#8221;<\/em><\/p>\n<p style=\"text-align: center;\"><strong>&#8220;Was bedeutet f\u00fcr dich Sch\u00f6nheit?&#8221;<\/strong><\/p>\n<p style=\"text-align: center;\"><em>&#8220;Das ist Ansichtssache. Sch\u00f6nheit ist f\u00fcr mich schwierig zu definieren. Wenn ich an Sch\u00f6nheit denke, ist es f\u00fcr mich Berge, Sonnenuntergang, Wald &#8211; das ist das, was dann in meinem Kopf ist. \u00c4u\u00dfere Sch\u00f6nheit ist mir eigentlich nicht so wichtig. Innere Sch\u00f6nheit hei\u00dft sich wohlf\u00fchlen, mit sich im Reinen sein&#8230;&#8221;<\/em><\/p>\n<p style=\"text-align: center;\"><strong>&#8220;Was magst du an dir besonders?&#8221;<\/strong><\/p>\n<p style=\"text-align: center;\"><em>&#8220;\u00c4u\u00dferlich schon meine Haare und meine zwei verschiedenfarbigen Augen. Innerlich einfach auch die St\u00e4rke, aus Problemen eine L\u00f6sung zu finden. Neugierig zu sein, wie ich aus einem Tief wieder rauskomme.&#8221;<\/em><\/p>\n<h3 style=\"text-align: center;\"><strong>Das Ergebnis von Susanne&#8217;s Fotoshooting im Fotoatelier Hohenkammer:<\/strong><\/h3>\n<div id='gallery-3' class='gallery galleryid-858 gallery-columns-3 gallery-size-full'><figure class='gallery-item'>\n\t\t\t<div class='gallery-icon portrait'>\n\t\t\t\t<img loading=\"lazy\" decoding=\"async\" width=\"349\" height=\"523\" src=\"https:\/\/www.sindiaboldt.de\/portraits\/wp-content\/uploads\/sites\/5\/2022\/01\/Portrait-Fotoshooting-Portraitfotograf-IS-Fotoatelier-Sindia-Boldt-23.jpg\" class=\"attachment-full size-full\" alt=\"Portrait Fotoshooting Portraitfotograf IS Fotoatelier Sindia Boldt 23\" srcset=\"https:\/\/www.sindiaboldt.de\/portraits\/wp-content\/uploads\/sites\/5\/2022\/01\/Portrait-Fotoshooting-Portraitfotograf-IS-Fotoatelier-Sindia-Boldt-23.jpg 349w, https:\/\/www.sindiaboldt.de\/portraits\/wp-content\/uploads\/sites\/5\/2022\/01\/Portrait-Fotoshooting-Portraitfotograf-IS-Fotoatelier-Sindia-Boldt-23-200x300.jpg 200w\" sizes=\"auto, (max-width: 349px) 100vw, 349px\" \/>\n\t\t\t<\/div><\/figure><figure class='gallery-item'>\n\t\t\t<div class='gallery-icon portrait'>\n\t\t\t\t<img loading=\"lazy\" decoding=\"async\" width=\"546\" height=\"820\" src=\"https:\/\/www.sindiaboldt.de\/portraits\/wp-content\/uploads\/sites\/5\/2022\/01\/Portrait-Fotoshooting-Portraitfotograf-IS-Fotoatelier-Sindia-Boldt-100.jpg\" class=\"attachment-full size-full\" alt=\"Portrait Fotoshooting Portraitfotograf IS Fotoatelier Sindia Boldt 100\" srcset=\"https:\/\/www.sindiaboldt.de\/portraits\/wp-content\/uploads\/sites\/5\/2022\/01\/Portrait-Fotoshooting-Portraitfotograf-IS-Fotoatelier-Sindia-Boldt-100.jpg 546w, https:\/\/www.sindiaboldt.de\/portraits\/wp-content\/uploads\/sites\/5\/2022\/01\/Portrait-Fotoshooting-Portraitfotograf-IS-Fotoatelier-Sindia-Boldt-100-200x300.jpg 200w\" sizes=\"auto, (max-width: 546px) 100vw, 546px\" \/>\n\t\t\t<\/div><\/figure><figure class='gallery-item'>\n\t\t\t<div class='gallery-icon portrait'>\n\t\t\t\t<img loading=\"lazy\" decoding=\"async\" width=\"349\" height=\"523\" src=\"https:\/\/www.sindiaboldt.de\/portraits\/wp-content\/uploads\/sites\/5\/2022\/01\/Portrait-Fotoshooting-Portraitfotograf-IS-Fotoatelier-Sindia-Boldt-104.jpg\" class=\"attachment-full size-full\" alt=\"Portrait Fotoshooting Portraitfotograf IS Fotoatelier Sindia Boldt 104\" srcset=\"https:\/\/www.sindiaboldt.de\/portraits\/wp-content\/uploads\/sites\/5\/2022\/01\/Portrait-Fotoshooting-Portraitfotograf-IS-Fotoatelier-Sindia-Boldt-104.jpg 349w, https:\/\/www.sindiaboldt.de\/portraits\/wp-content\/uploads\/sites\/5\/2022\/01\/Portrait-Fotoshooting-Portraitfotograf-IS-Fotoatelier-Sindia-Boldt-104-200x300.jpg 200w\" sizes=\"auto, (max-width: 349px) 100vw, 349px\" \/>\n\t\t\t<\/div><\/figure>\n\t\t<\/div>\n\n<hr \/>\n<h3><\/h3>\n<h2 style=\"text-align: center;\">Doris, 62, Krankenschwester, 2 Kinder, verheiratet<\/h2>\n<p style=\"text-align: center;\">DORIS W\u00dcNSCHTE SICH SINNLICHE FOTOS, DIE ZWAR IHR ALTER NICHT VERSTECKEN, ABER DOCH IHRE ALTERSLOSE SCH\u00d6NHEIT UND SINNLICHKEIT IN DEN FOKUS STELLEN.<\/p>\n<p><img loading=\"lazy\" decoding=\"async\" class=\"aligncenter wp-image-527 size-medium\" title=\"Fotoshooting Boudoir Fotos Muenchen Fotograf Fotoatelier Hohenkammer Sindia Boldt 147\" src=\"https:\/\/www.sindiaboldt.de\/portraits\/wp-content\/uploads\/sites\/5\/2021\/03\/Fotoshooting-Boudoir-Fotos-Muenchen-Fotograf-Fotoatelier-Hohenkammer-Sindia-Boldt-147-e1652346930236-195x300.jpg\" alt=\"Fotoshooting Boudoir Fotos Muenchen Fotograf Fotoatelier Hohenkammer Sindia Boldt 147\" width=\"195\" height=\"300\" srcset=\"https:\/\/www.sindiaboldt.de\/portraits\/wp-content\/uploads\/sites\/5\/2021\/03\/Fotoshooting-Boudoir-Fotos-Muenchen-Fotograf-Fotoatelier-Hohenkammer-Sindia-Boldt-147-e1652346930236-195x300.jpg 195w, https:\/\/www.sindiaboldt.de\/portraits\/wp-content\/uploads\/sites\/5\/2021\/03\/Fotoshooting-Boudoir-Fotos-Muenchen-Fotograf-Fotoatelier-Hohenkammer-Sindia-Boldt-147-e1652346930236-666x1024.jpg 666w, https:\/\/www.sindiaboldt.de\/portraits\/wp-content\/uploads\/sites\/5\/2021\/03\/Fotoshooting-Boudoir-Fotos-Muenchen-Fotograf-Fotoatelier-Hohenkammer-Sindia-Boldt-147-e1652346930236-768x1181.jpg 768w, https:\/\/www.sindiaboldt.de\/portraits\/wp-content\/uploads\/sites\/5\/2021\/03\/Fotoshooting-Boudoir-Fotos-Muenchen-Fotograf-Fotoatelier-Hohenkammer-Sindia-Boldt-147-e1652346930236.jpg 872w\" sizes=\"auto, (max-width: 195px) 100vw, 195px\" \/><\/p>\n<p style=\"text-align: center;\"><strong>Hier mehr Infos \u00fcber Doris (62, Krankenschwester, 2 Kinder, verheiratet):<\/strong><\/p>\n<p style=\"text-align: center;\">&#8220;Von der ersten Minute an war die Atmosph\u00e4re sehr entspannt. Ganz so, als w\u00e4re man bei einer guten Freundin zu Besuch. Das Hair&amp; Make-up Styling war sehr entspannend und angenehm und ich war gleich begeistert, wie sch\u00f6n mich die Stylistin herausgeputzt hatte.<\/p>\n<p style=\"text-align: center;\">Ebenso gut beraten habe ich mich bei der Wahl der Outfits gef\u00fchlt. Sindia hat ein perfektes Auge, welche Farben, Stoffe, Formen f\u00fcr den gew\u00fcnschten Look, Figur und das fertige Bild ideal sind. Und die Auswahl an Schmuck und Accessoires! Ich habe mich gleich in ein paar tolle Ohrringe verliebt!<\/p>\n<p style=\"text-align: center;\">So war das Fotoshooting mehr ein entspannter, lustiger M\u00e4dels-Tag als eine Situation, bei der man aufgeregt, verspannt oder \u00e4ngstlich sein m\u00fcsste.<\/p>\n<p style=\"text-align: center;\">Egal wie viel oder wenig ich anhatte \u2013 zu keiner Zeit habe ich mich unwohl gef\u00fchlt! Im Gegenteil! Die Musik, das sch\u00f6ne Feedback, die gem\u00fctlichen Settings. All das war wie ein Verw\u00f6hnprogramm f\u00fcr mich!<\/p>\n<p style=\"text-align: center;\">Sindia hat eine wundervolle Art und wei\u00df genau, wie sie die Vorz\u00fcge einer Frau ins beste Licht r\u00fccken kann. Sie zeigt genau, wie man sich vorteilhaft bewegt, achtet auf jedes noch so kleine Detail.<\/p>\n<p style=\"text-align: center;\">2 Wochen nach meinem Shooting durfte ich die Bilder dann in H\u00e4nden halten. Und was soll ich sagen? Mir gef\u00e4llt jedes Einzelne!!!<\/p>\n<p style=\"text-align: center;\">Ich kann nur jeder Frau empfehlen, so ein wundervolles Fotoshooting bei Sindia und Ihrem Team zu buchen!&#8221;<\/p>\n<h3 style=\"text-align: center;\"><strong>Das Ergebnis von Doris&#8217; Fotoshooting im Fotoatelier Hohenkammer:<\/strong><\/h3>\n<div id='gallery-4' class='gallery galleryid-858 gallery-columns-3 gallery-size-full'><figure class='gallery-item'>\n\t\t\t<div class='gallery-icon portrait'>\n\t\t\t\t<img loading=\"lazy\" decoding=\"async\" width=\"574\" height=\"860\" src=\"https:\/\/www.sindiaboldt.de\/portraits\/wp-content\/uploads\/sites\/5\/2021\/03\/Fotoshooting-Boudoir-Fotos-Muenchen-Fotograf-Fotoatelier-Hohenkammer-Sindia-Boldt-206.jpg\" class=\"attachment-full size-full\" alt=\"Fotoshooting Boudoir Fotos Muenchen Fotograf Fotoatelier Hohenkammer Sindia Boldt 206\" srcset=\"https:\/\/www.sindiaboldt.de\/portraits\/wp-content\/uploads\/sites\/5\/2021\/03\/Fotoshooting-Boudoir-Fotos-Muenchen-Fotograf-Fotoatelier-Hohenkammer-Sindia-Boldt-206.jpg 574w, https:\/\/www.sindiaboldt.de\/portraits\/wp-content\/uploads\/sites\/5\/2021\/03\/Fotoshooting-Boudoir-Fotos-Muenchen-Fotograf-Fotoatelier-Hohenkammer-Sindia-Boldt-206-200x300.jpg 200w\" sizes=\"auto, (max-width: 574px) 100vw, 574px\" \/>\n\t\t\t<\/div><\/figure><figure class='gallery-item'>\n\t\t\t<div class='gallery-icon portrait'>\n\t\t\t\t<img loading=\"lazy\" decoding=\"async\" width=\"574\" height=\"860\" src=\"https:\/\/www.sindiaboldt.de\/portraits\/wp-content\/uploads\/sites\/5\/2021\/03\/Fotoshooting-Boudoir-Fotos-Muenchen-Fotograf-Fotoatelier-Hohenkammer-Sindia-Boldt-210.jpg\" class=\"attachment-full size-full\" alt=\"Fotoshooting Boudoir Fotos Muenchen Fotograf Fotoatelier Hohenkammer Sindia Boldt 210\" srcset=\"https:\/\/www.sindiaboldt.de\/portraits\/wp-content\/uploads\/sites\/5\/2021\/03\/Fotoshooting-Boudoir-Fotos-Muenchen-Fotograf-Fotoatelier-Hohenkammer-Sindia-Boldt-210.jpg 574w, https:\/\/www.sindiaboldt.de\/portraits\/wp-content\/uploads\/sites\/5\/2021\/03\/Fotoshooting-Boudoir-Fotos-Muenchen-Fotograf-Fotoatelier-Hohenkammer-Sindia-Boldt-210-200x300.jpg 200w\" sizes=\"auto, (max-width: 574px) 100vw, 574px\" \/>\n\t\t\t<\/div><\/figure><figure class='gallery-item'>\n\t\t\t<div class='gallery-icon portrait'>\n\t\t\t\t<img loading=\"lazy\" decoding=\"async\" width=\"574\" height=\"860\" src=\"https:\/\/www.sindiaboldt.de\/portraits\/wp-content\/uploads\/sites\/5\/2021\/03\/Fotoshooting-Boudoir-Fotos-Muenchen-Fotograf-Fotoatelier-Hohenkammer-Sindia-Boldt-152.jpg\" class=\"attachment-full size-full\" alt=\"Fotoshooting Boudoir Fotos Muenchen Fotograf Fotoatelier Hohenkammer Sindia Boldt 152\" srcset=\"https:\/\/www.sindiaboldt.de\/portraits\/wp-content\/uploads\/sites\/5\/2021\/03\/Fotoshooting-Boudoir-Fotos-Muenchen-Fotograf-Fotoatelier-Hohenkammer-Sindia-Boldt-152.jpg 574w, https:\/\/www.sindiaboldt.de\/portraits\/wp-content\/uploads\/sites\/5\/2021\/03\/Fotoshooting-Boudoir-Fotos-Muenchen-Fotograf-Fotoatelier-Hohenkammer-Sindia-Boldt-152-200x300.jpg 200w\" sizes=\"auto, (max-width: 574px) 100vw, 574px\" \/>\n\t\t\t<\/div><\/figure>\n\t\t<\/div>\n\n<hr \/>\n<h2 style=\"text-align: center;\"><\/h2>\n<h2 style=\"text-align: center;\">Ines, 52, Fachbereichsleitung Kita<\/h2>\n<p>&nbsp;<\/p>\n<p style=\"text-align: center;\">INES HAT IN IHREM LEBEN ALS ALLEINERZIEHENDE MUTTER EINIGE H\u00dcRDEN \u00dcBERWINDEN M\u00dcSSEN &#8211; TROTZDEM HAT SIE EINEN GRO\u00dfEN TATENDRANG UND NOCH VIEL VOR.<\/p>\n<p style=\"text-align: center;\"><img loading=\"lazy\" decoding=\"async\" class=\"aligncenter size-full wp-image-919\" style=\"text-align: center;\" title=\"Ines Wodrich vorher\" src=\"https:\/\/www.sindiaboldt.de\/portraits\/wp-content\/uploads\/sites\/5\/2022\/01\/Ines-Wodrich_vorher.jpg\" alt=\"Ines Wodrich vorher\" width=\"392\" height=\"523\" srcset=\"https:\/\/www.sindiaboldt.de\/portraits\/wp-content\/uploads\/sites\/5\/2022\/01\/Ines-Wodrich_vorher.jpg 392w, https:\/\/www.sindiaboldt.de\/portraits\/wp-content\/uploads\/sites\/5\/2022\/01\/Ines-Wodrich_vorher-225x300.jpg 225w\" sizes=\"auto, (max-width: 392px) 100vw, 392px\" \/><\/p>\n<p style=\"text-align: center;\"><strong>Hier mehr Infos \u00fcber Ines (52, Fachbereichsleitung Kita , 1 Kind):<\/strong><\/p>\n<p style=\"text-align: center;\">Ines kommt urspr\u00fcnglich aus Mecklenburg-Vorpommern und hat sich vor \u00fcber 30 Jahren als Einzige ihrer Familie nach Ingolstadt aufgemacht, wo sie sich sehr wohl f\u00fchlt.<\/p>\n<p style=\"text-align: center;\">Ihren Sohn, der durch eine Stelle als Krankenpfleger in der Bundeswehr schon fr\u00fch ausgezogen ist, hat sie alleine aufgezogen.<\/p>\n<p style=\"text-align: center;\">Ihr Berufsleben hat sie schon immer in Kindertagesst\u00e4tten verbracht &#8211; erst als Kinderpflegerin, dann als Erzieherin, bis sie erst stellvertretende Leitung war. In dieser Zeit hat sie auch interimsweise die Leitung \u00fcber die KiTa \u00fcbernommen. Seit 2019 ist sie nun Leitungskraft in einer KiTa.<\/p>\n<p style=\"text-align: center;\">Ihre Freizeit verbringt Ines gerne auf Flohm\u00e4rkten, wo sie sich besonders f\u00fcr Gegenst\u00e4nde aus den 50ern und 60ern interessiert. Dazu findet sie skandinavische und minimalistische Designs sehr sch\u00f6n. Sie ist begeisterte Fotografin und liest abends gerne Krimis, um abzuschalten.<\/p>\n<p style=\"text-align: center;\">Ihre Motivation zur Teilnahme lag darin, dass es so viele Frauen \u00fcber 40 mit einer tollen Geschichte gibt. Zudem wurde sie neugierig, was es betrifft, vor einem professionellen Fotografenauge zu stehen&#8230;<\/p>\n<p style=\"text-align: center;\"><em>&#8220;Was mich allgemein freut, ist dass sich das Bild der Menschen ein bisschen gewandelt hat. Was Gender betrifft, passiert viel. Mittlerweile sind auch Menschen mit Handicaps auf Laufstegen, Models, die auch ein bisschen f\u00fclliger sind. Das finde ich alles sehr spannend.&#8221;<\/em><\/p>\n<p style=\"text-align: center;\"><strong>&#8220;Was bedeutet denn Sch\u00f6nheit f\u00fcr dich?&#8221;<\/strong><\/p>\n<p style=\"text-align: center;\">&#8220;Sch\u00f6nheit liegt ganz oft im Auge des Betrachters. Sie ist auch total stimmungsabh\u00e4ngig &#8211; es gibt Tage, da bin ich ganz zufrieden und ruhig und ausgewogen. Es gibt auch andere Tage, da kippt es mal. Ich denke schon, das jeder Mensch ein St\u00fcck Sch\u00f6nheit hat.&#8221;<\/p>\n<p style=\"text-align: center;\"><strong>&#8220;Was gef\u00e4llt dir denn an dir selbst besonders?&#8221;<\/strong><\/p>\n<p style=\"text-align: center;\"><em>&#8220;Ich mag meine Augen und mein Lachen total gerne. Komischerweise auch meine H\u00e4nde und F\u00fc\u00dfe. Weil viele Frauen doch mit gro\u00dfen F\u00fc\u00dfen zu k\u00e4mpfen haben &#8211; ich habe eher das Problem, dass ich keine Schuhe finde, weil ich so kleine F\u00fc\u00dfe habe.&#8221;<\/em><\/p>\n<p style=\"text-align: center;\"><strong>&#8220;Was w\u00fcrdest du in deinem Leben gerne noch machen? Hast du noch Ziele, Tr\u00e4ume,&#8230;?&#8221;<\/strong><\/p>\n<p style=\"text-align: center;\"><em>&#8220;Berufsm\u00e4\u00dfig habe ich, denke ich, das Ziel erreicht. Das Reisen ist nat\u00fcrlich ein Thema. Ich war ja alleinerziehend und damit hatte ich nicht so viele M\u00f6glichkeiten. Ich bin damals oft mit meinem Sohn zu meiner Mama. Interessieren w\u00fcrden mich aber noch St\u00e4dte wie Venedig, Amsterdam, Stockholm oder Madrid. Ich w\u00fcrde auch mal gerne Fallschirmspringen. Obwohl ich nicht so mutig und waghalsig bin, ist das wahrscheinlich so mein Traum vom Fliegen. Und im Alter vielleicht eine Alters-WG mit Hof, wo man ein wenig Gesellschaft haben kann, wenn man will, aber jeder noch seinen eigenen Raum hat.&#8221;<\/em><\/p>\n<p style=\"text-align: center;\"><strong>&#8220;Gab es schonmal eine Situation, in der du dich besonders mutig gef\u00fchlt hast?&#8221;<\/strong><\/p>\n<p style=\"text-align: center;\"><em>&#8220;Ich war mal bei einer Motorsport-Stuntshow und der Stuntman hat mich gefragt, ob ich mitfahren m\u00f6chte und da bin ich dann mitgefahren. Ich hatte einfach vollstes Vertrauen und dachte mir &#8216;Der Profi wird das schon k\u00f6nnen.&#8217;!&#8221;<\/em><\/p>\n<p style=\"text-align: center;\"><strong>&#8220;Gab es in deinem Leben auch schon mal einen negativen H\u00f6hepunkt? Irgendwelche Schwierigkeiten, die du zu meistern hattest? Wie bist du damit umgegangen?&#8221;<\/strong><\/p>\n<p style=\"text-align: center;\"><i>&#8220;Schwierig war sicherlich die Situation, dass ich meinen Sohn alleine gro\u00dfgezogen habe. Da st\u00f6\u00dft man dann an viele, gerade beh\u00f6rdliche Schranken. Es hei\u00dft zwar immer, dass f\u00fcr die Frauen gesorgt wird, aber man muss den Weg im Endeffekt ganz oft alleine gehen und auch einige Einbu\u00dfungen und Entbehrungen machen. Lange Zeit hatte ich auch ein wenig Gedanken wie &#8216;Geht das gut diesen Monat und n\u00e4chsten Monat?&#8217;. Gleichzeitig war das auch eine Zeit von Solidarit\u00e4t, in der ich mir immer\u00a0einen Plan B \u00fcberlegt habe und ein\u00a0Netz von Freundinnen hatte, in dem wir uns gegenseitig\u00a0gest\u00fctzt haben.&#8221;<\/i><\/p>\n<h3 style=\"text-align: center;\"><strong>Das Ergebnis von Ines&#8217; Fotoshooting im Fotoatelier Hohenkammer:<\/strong><\/h3>\n<div id='gallery-5' class='gallery galleryid-858 gallery-columns-3 gallery-size-full'><figure class='gallery-item'>\n\t\t\t<div class='gallery-icon portrait'>\n\t\t\t\t<img loading=\"lazy\" decoding=\"async\" width=\"349\" height=\"523\" src=\"https:\/\/www.sindiaboldt.de\/portraits\/wp-content\/uploads\/sites\/5\/2022\/01\/Portrait-Fotos-Muenchen-Fotograf-Fotoatelier-Sindia-Boldt-108.jpg\" class=\"attachment-full size-full\" alt=\"Portrait Fotos Muenchen Fotograf Fotoatelier Sindia Boldt 108\" srcset=\"https:\/\/www.sindiaboldt.de\/portraits\/wp-content\/uploads\/sites\/5\/2022\/01\/Portrait-Fotos-Muenchen-Fotograf-Fotoatelier-Sindia-Boldt-108.jpg 349w, https:\/\/www.sindiaboldt.de\/portraits\/wp-content\/uploads\/sites\/5\/2022\/01\/Portrait-Fotos-Muenchen-Fotograf-Fotoatelier-Sindia-Boldt-108-200x300.jpg 200w\" sizes=\"auto, (max-width: 349px) 100vw, 349px\" \/>\n\t\t\t<\/div><\/figure><figure class='gallery-item'>\n\t\t\t<div class='gallery-icon portrait'>\n\t\t\t\t<img loading=\"lazy\" decoding=\"async\" width=\"349\" height=\"523\" src=\"https:\/\/www.sindiaboldt.de\/portraits\/wp-content\/uploads\/sites\/5\/2022\/01\/Portrait-Fotos-Muenchen-Fotograf-Fotoatelier-Sindia-Boldt-6.jpg\" class=\"attachment-full size-full\" alt=\"Portrait Fotos Muenchen Fotograf Fotoatelier Sindia Boldt 6\" srcset=\"https:\/\/www.sindiaboldt.de\/portraits\/wp-content\/uploads\/sites\/5\/2022\/01\/Portrait-Fotos-Muenchen-Fotograf-Fotoatelier-Sindia-Boldt-6.jpg 349w, https:\/\/www.sindiaboldt.de\/portraits\/wp-content\/uploads\/sites\/5\/2022\/01\/Portrait-Fotos-Muenchen-Fotograf-Fotoatelier-Sindia-Boldt-6-200x300.jpg 200w\" sizes=\"auto, (max-width: 349px) 100vw, 349px\" \/>\n\t\t\t<\/div><\/figure><figure class='gallery-item'>\n\t\t\t<div class='gallery-icon portrait'>\n\t\t\t\t<img loading=\"lazy\" decoding=\"async\" width=\"349\" height=\"523\" src=\"https:\/\/www.sindiaboldt.de\/portraits\/wp-content\/uploads\/sites\/5\/2022\/01\/Portrait-Fotos-Muenchen-Fotograf-Fotoatelier-Sindia-Boldt-118.jpg\" class=\"attachment-full size-full\" alt=\"Portrait Fotos Muenchen Fotograf Fotoatelier Sindia Boldt 118\" srcset=\"https:\/\/www.sindiaboldt.de\/portraits\/wp-content\/uploads\/sites\/5\/2022\/01\/Portrait-Fotos-Muenchen-Fotograf-Fotoatelier-Sindia-Boldt-118.jpg 349w, https:\/\/www.sindiaboldt.de\/portraits\/wp-content\/uploads\/sites\/5\/2022\/01\/Portrait-Fotos-Muenchen-Fotograf-Fotoatelier-Sindia-Boldt-118-200x300.jpg 200w\" sizes=\"auto, (max-width: 349px) 100vw, 349px\" \/>\n\t\t\t<\/div><\/figure>\n\t\t<\/div>\n\n<h2 style=\"text-align: center;\"><\/h2>\n","protected":false},"excerpt":{"rendered":"<p>40 Frauen \u00fcber 40 &#8211; Das Fotoprojekt &#8211; Teil 1: &nbsp; Gaby \/\/ Renate \/\/ Susanne \/\/ Doris \/\/ Ines &#8211; Hier stellen wir Euch die Teilnehmerinnen unseres wundervollen Fotoprojekts 40 Frauen \u00fcber 40 etwas n\u00e4her vor. In diesem Teil: Gaby, 70, Lehrerin in Pension Renate, 52, Raumgestalterin Susanne, 42, Teamassistentin Doris, 62, Krankenschwester Ines, [&hellip;]<\/p>\n","protected":false},"author":1,"featured_media":912,"comment_status":"open","ping_status":"open","sticky":false,"template":"","format":"standard","meta":{"footnotes":""},"categories":[1],"tags":[],"class_list":{"0":"post-858","1":"post","2":"type-post","3":"status-publish","4":"format-standard","5":"has-post-thumbnail","7":"category-allgemein"},"yoast_head":"<!-- This site is optimized with the Yoast SEO plugin v26.8 - https:\/\/yoast.com\/product\/yoast-seo-wordpress\/ -->\n<title>40\u00fc40-Teil 1<\/title>\n<meta name=\"robots\" content=\"index, follow, max-snippet:-1, max-image-preview:large, max-video-preview:-1\" \/>\n<link rel=\"canonical\" href=\"https:\/\/www.sindiaboldt.de\/portraits\/40ue40-teil1\/\" \/>\n<meta property=\"og:locale\" content=\"de_DE\" \/>\n<meta property=\"og:type\" content=\"article\" \/>\n<meta property=\"og:title\" content=\"40\u00fc40-Teil 1\" \/>\n<meta property=\"og:description\" content=\"40 Frauen \u00fcber 40 &#8211; Das Fotoprojekt &#8211; Teil 1: &nbsp; Gaby \/\/ Renate \/\/ Susanne \/\/ Doris \/\/ Ines &#8211; Hier stellen wir Euch die Teilnehmerinnen unseres wundervollen Fotoprojekts 40 Frauen \u00fcber 40 etwas n\u00e4her vor. In diesem Teil: Gaby, 70, Lehrerin in Pension Renate, 52, Raumgestalterin Susanne, 42, Teamassistentin Doris, 62, Krankenschwester Ines, [&hellip;]\" \/>\n<meta property=\"og:url\" content=\"https:\/\/www.sindiaboldt.de\/portraits\/40ue40-teil1\/\" \/>\n<meta property=\"og:site_name\" content=\"Portraits\" \/>\n<meta property=\"article:published_time\" content=\"2022-04-19T15:17:56+00:00\" \/>\n<meta property=\"article:modified_time\" content=\"2022-05-21T10:11:30+00:00\" \/>\n<meta property=\"og:image\" content=\"https:\/\/www.sindiaboldt.de\/portraits\/wp-content\/uploads\/sites\/5\/2022\/01\/Portraitsfotograf-Muenchen-Portrait-R.-Freising-Fotos-Fotograf-Fotoatelier-Sindia-Boldt-98.jpg\" \/>\n\t<meta property=\"og:image:width\" content=\"523\" \/>\n\t<meta property=\"og:image:height\" content=\"349\" \/>\n\t<meta property=\"og:image:type\" content=\"image\/jpeg\" \/>\n<meta name=\"author\" content=\"sindia\" \/>\n<meta name=\"twitter:card\" content=\"summary_large_image\" \/>\n<meta name=\"twitter:label1\" content=\"Verfasst von\" \/>\n\t<meta name=\"twitter:data1\" content=\"sindia\" \/>\n\t<meta name=\"twitter:label2\" content=\"Gesch\u00e4tzte Lesezeit\" \/>\n\t<meta name=\"twitter:data2\" content=\"14\u00a0Minuten\" \/>\n<script type=\"application\/ld+json\" class=\"yoast-schema-graph\">{\"@context\":\"https:\/\/schema.org\",\"@graph\":[{\"@type\":\"Article\",\"@id\":\"https:\/\/www.sindiaboldt.de\/portraits\/40ue40-teil1\/#article\",\"isPartOf\":{\"@id\":\"https:\/\/www.sindiaboldt.de\/portraits\/40ue40-teil1\/\"},\"author\":{\"name\":\"sindia\",\"@id\":\"https:\/\/www.sindiaboldt.de\/portraits\/#\/schema\/person\/13668cbe0f52c57a9402a6032226e58e\"},\"headline\":\"40\u00fc40-Teil 1\",\"datePublished\":\"2022-04-19T15:17:56+00:00\",\"dateModified\":\"2022-05-21T10:11:30+00:00\",\"mainEntityOfPage\":{\"@id\":\"https:\/\/www.sindiaboldt.de\/portraits\/40ue40-teil1\/\"},\"wordCount\":2381,\"commentCount\":0,\"image\":{\"@id\":\"https:\/\/www.sindiaboldt.de\/portraits\/40ue40-teil1\/#primaryimage\"},\"thumbnailUrl\":\"https:\/\/www.sindiaboldt.de\/portraits\/wp-content\/uploads\/sites\/5\/2022\/01\/Portraitsfotograf-Muenchen-Portrait-R.-Freising-Fotos-Fotograf-Fotoatelier-Sindia-Boldt-98.jpg\",\"inLanguage\":\"de\",\"potentialAction\":[{\"@type\":\"CommentAction\",\"name\":\"Comment\",\"target\":[\"https:\/\/www.sindiaboldt.de\/portraits\/40ue40-teil1\/#respond\"]}]},{\"@type\":\"WebPage\",\"@id\":\"https:\/\/www.sindiaboldt.de\/portraits\/40ue40-teil1\/\",\"url\":\"https:\/\/www.sindiaboldt.de\/portraits\/40ue40-teil1\/\",\"name\":\"40\u00fc40-Teil 1\",\"isPartOf\":{\"@id\":\"https:\/\/www.sindiaboldt.de\/portraits\/#website\"},\"primaryImageOfPage\":{\"@id\":\"https:\/\/www.sindiaboldt.de\/portraits\/40ue40-teil1\/#primaryimage\"},\"image\":{\"@id\":\"https:\/\/www.sindiaboldt.de\/portraits\/40ue40-teil1\/#primaryimage\"},\"thumbnailUrl\":\"https:\/\/www.sindiaboldt.de\/portraits\/wp-content\/uploads\/sites\/5\/2022\/01\/Portraitsfotograf-Muenchen-Portrait-R.-Freising-Fotos-Fotograf-Fotoatelier-Sindia-Boldt-98.jpg\",\"datePublished\":\"2022-04-19T15:17:56+00:00\",\"dateModified\":\"2022-05-21T10:11:30+00:00\",\"author\":{\"@id\":\"https:\/\/www.sindiaboldt.de\/portraits\/#\/schema\/person\/13668cbe0f52c57a9402a6032226e58e\"},\"breadcrumb\":{\"@id\":\"https:\/\/www.sindiaboldt.de\/portraits\/40ue40-teil1\/#breadcrumb\"},\"inLanguage\":\"de\",\"potentialAction\":[{\"@type\":\"ReadAction\",\"target\":[\"https:\/\/www.sindiaboldt.de\/portraits\/40ue40-teil1\/\"]}]},{\"@type\":\"ImageObject\",\"inLanguage\":\"de\",\"@id\":\"https:\/\/www.sindiaboldt.de\/portraits\/40ue40-teil1\/#primaryimage\",\"url\":\"https:\/\/www.sindiaboldt.de\/portraits\/wp-content\/uploads\/sites\/5\/2022\/01\/Portraitsfotograf-Muenchen-Portrait-R.-Freising-Fotos-Fotograf-Fotoatelier-Sindia-Boldt-98.jpg\",\"contentUrl\":\"https:\/\/www.sindiaboldt.de\/portraits\/wp-content\/uploads\/sites\/5\/2022\/01\/Portraitsfotograf-Muenchen-Portrait-R.-Freising-Fotos-Fotograf-Fotoatelier-Sindia-Boldt-98.jpg\",\"width\":523,\"height\":349,\"caption\":\"Portraitsfotograf Muenchen Portrait R. Freising Fotos Fotograf Fotoatelier Sindia Boldt 98\"},{\"@type\":\"BreadcrumbList\",\"@id\":\"https:\/\/www.sindiaboldt.de\/portraits\/40ue40-teil1\/#breadcrumb\",\"itemListElement\":[{\"@type\":\"ListItem\",\"position\":1,\"name\":\"Home\",\"item\":\"https:\/\/www.sindiaboldt.de\/portraits\/\"},{\"@type\":\"ListItem\",\"position\":2,\"name\":\"40\u00fc40-Teil 1\"}]},{\"@type\":\"WebSite\",\"@id\":\"https:\/\/www.sindiaboldt.de\/portraits\/#website\",\"url\":\"https:\/\/www.sindiaboldt.de\/portraits\/\",\"name\":\"Portraits\",\"description\":\"Eine weitere Sindia Boldt Photography Website\",\"potentialAction\":[{\"@type\":\"SearchAction\",\"target\":{\"@type\":\"EntryPoint\",\"urlTemplate\":\"https:\/\/www.sindiaboldt.de\/portraits\/?s={search_term_string}\"},\"query-input\":{\"@type\":\"PropertyValueSpecification\",\"valueRequired\":true,\"valueName\":\"search_term_string\"}}],\"inLanguage\":\"de\"},{\"@type\":\"Person\",\"@id\":\"https:\/\/www.sindiaboldt.de\/portraits\/#\/schema\/person\/13668cbe0f52c57a9402a6032226e58e\",\"name\":\"sindia\",\"image\":{\"@type\":\"ImageObject\",\"inLanguage\":\"de\",\"@id\":\"https:\/\/www.sindiaboldt.de\/portraits\/#\/schema\/person\/image\/\",\"url\":\"https:\/\/secure.gravatar.com\/avatar\/634be3b6facbe9cb0465d21b14b4dacd?s=96&d=mm&r=g\",\"contentUrl\":\"https:\/\/secure.gravatar.com\/avatar\/634be3b6facbe9cb0465d21b14b4dacd?s=96&d=mm&r=g\",\"caption\":\"sindia\"}}]}<\/script>\n<!-- \/ Yoast SEO plugin. -->","yoast_head_json":{"title":"40\u00fc40-Teil 1","robots":{"index":"index","follow":"follow","max-snippet":"max-snippet:-1","max-image-preview":"max-image-preview:large","max-video-preview":"max-video-preview:-1"},"canonical":"https:\/\/www.sindiaboldt.de\/portraits\/40ue40-teil1\/","og_locale":"de_DE","og_type":"article","og_title":"40\u00fc40-Teil 1","og_description":"40 Frauen \u00fcber 40 &#8211; Das Fotoprojekt &#8211; Teil 1: &nbsp; Gaby \/\/ Renate \/\/ Susanne \/\/ Doris \/\/ Ines &#8211; Hier stellen wir Euch die Teilnehmerinnen unseres wundervollen Fotoprojekts 40 Frauen \u00fcber 40 etwas n\u00e4her vor. In diesem Teil: Gaby, 70, Lehrerin in Pension Renate, 52, Raumgestalterin Susanne, 42, Teamassistentin Doris, 62, Krankenschwester Ines, [&hellip;]","og_url":"https:\/\/www.sindiaboldt.de\/portraits\/40ue40-teil1\/","og_site_name":"Portraits","article_published_time":"2022-04-19T15:17:56+00:00","article_modified_time":"2022-05-21T10:11:30+00:00","og_image":[{"width":523,"height":349,"url":"https:\/\/www.sindiaboldt.de\/portraits\/wp-content\/uploads\/sites\/5\/2022\/01\/Portraitsfotograf-Muenchen-Portrait-R.-Freising-Fotos-Fotograf-Fotoatelier-Sindia-Boldt-98.jpg","type":"image\/jpeg"}],"author":"sindia","twitter_card":"summary_large_image","twitter_misc":{"Verfasst von":"sindia","Gesch\u00e4tzte Lesezeit":"14\u00a0Minuten"},"schema":{"@context":"https:\/\/schema.org","@graph":[{"@type":"Article","@id":"https:\/\/www.sindiaboldt.de\/portraits\/40ue40-teil1\/#article","isPartOf":{"@id":"https:\/\/www.sindiaboldt.de\/portraits\/40ue40-teil1\/"},"author":{"name":"sindia","@id":"https:\/\/www.sindiaboldt.de\/portraits\/#\/schema\/person\/13668cbe0f52c57a9402a6032226e58e"},"headline":"40\u00fc40-Teil 1","datePublished":"2022-04-19T15:17:56+00:00","dateModified":"2022-05-21T10:11:30+00:00","mainEntityOfPage":{"@id":"https:\/\/www.sindiaboldt.de\/portraits\/40ue40-teil1\/"},"wordCount":2381,"commentCount":0,"image":{"@id":"https:\/\/www.sindiaboldt.de\/portraits\/40ue40-teil1\/#primaryimage"},"thumbnailUrl":"https:\/\/www.sindiaboldt.de\/portraits\/wp-content\/uploads\/sites\/5\/2022\/01\/Portraitsfotograf-Muenchen-Portrait-R.-Freising-Fotos-Fotograf-Fotoatelier-Sindia-Boldt-98.jpg","inLanguage":"de","potentialAction":[{"@type":"CommentAction","name":"Comment","target":["https:\/\/www.sindiaboldt.de\/portraits\/40ue40-teil1\/#respond"]}]},{"@type":"WebPage","@id":"https:\/\/www.sindiaboldt.de\/portraits\/40ue40-teil1\/","url":"https:\/\/www.sindiaboldt.de\/portraits\/40ue40-teil1\/","name":"40\u00fc40-Teil 1","isPartOf":{"@id":"https:\/\/www.sindiaboldt.de\/portraits\/#website"},"primaryImageOfPage":{"@id":"https:\/\/www.sindiaboldt.de\/portraits\/40ue40-teil1\/#primaryimage"},"image":{"@id":"https:\/\/www.sindiaboldt.de\/portraits\/40ue40-teil1\/#primaryimage"},"thumbnailUrl":"https:\/\/www.sindiaboldt.de\/portraits\/wp-content\/uploads\/sites\/5\/2022\/01\/Portraitsfotograf-Muenchen-Portrait-R.-Freising-Fotos-Fotograf-Fotoatelier-Sindia-Boldt-98.jpg","datePublished":"2022-04-19T15:17:56+00:00","dateModified":"2022-05-21T10:11:30+00:00","author":{"@id":"https:\/\/www.sindiaboldt.de\/portraits\/#\/schema\/person\/13668cbe0f52c57a9402a6032226e58e"},"breadcrumb":{"@id":"https:\/\/www.sindiaboldt.de\/portraits\/40ue40-teil1\/#breadcrumb"},"inLanguage":"de","potentialAction":[{"@type":"ReadAction","target":["https:\/\/www.sindiaboldt.de\/portraits\/40ue40-teil1\/"]}]},{"@type":"ImageObject","inLanguage":"de","@id":"https:\/\/www.sindiaboldt.de\/portraits\/40ue40-teil1\/#primaryimage","url":"https:\/\/www.sindiaboldt.de\/portraits\/wp-content\/uploads\/sites\/5\/2022\/01\/Portraitsfotograf-Muenchen-Portrait-R.-Freising-Fotos-Fotograf-Fotoatelier-Sindia-Boldt-98.jpg","contentUrl":"https:\/\/www.sindiaboldt.de\/portraits\/wp-content\/uploads\/sites\/5\/2022\/01\/Portraitsfotograf-Muenchen-Portrait-R.-Freising-Fotos-Fotograf-Fotoatelier-Sindia-Boldt-98.jpg","width":523,"height":349,"caption":"Portraitsfotograf Muenchen Portrait R. Freising Fotos Fotograf Fotoatelier Sindia Boldt 98"},{"@type":"BreadcrumbList","@id":"https:\/\/www.sindiaboldt.de\/portraits\/40ue40-teil1\/#breadcrumb","itemListElement":[{"@type":"ListItem","position":1,"name":"Home","item":"https:\/\/www.sindiaboldt.de\/portraits\/"},{"@type":"ListItem","position":2,"name":"40\u00fc40-Teil 1"}]},{"@type":"WebSite","@id":"https:\/\/www.sindiaboldt.de\/portraits\/#website","url":"https:\/\/www.sindiaboldt.de\/portraits\/","name":"Portraits","description":"Eine weitere Sindia Boldt Photography Website","potentialAction":[{"@type":"SearchAction","target":{"@type":"EntryPoint","urlTemplate":"https:\/\/www.sindiaboldt.de\/portraits\/?s={search_term_string}"},"query-input":{"@type":"PropertyValueSpecification","valueRequired":true,"valueName":"search_term_string"}}],"inLanguage":"de"},{"@type":"Person","@id":"https:\/\/www.sindiaboldt.de\/portraits\/#\/schema\/person\/13668cbe0f52c57a9402a6032226e58e","name":"sindia","image":{"@type":"ImageObject","inLanguage":"de","@id":"https:\/\/www.sindiaboldt.de\/portraits\/#\/schema\/person\/image\/","url":"https:\/\/secure.gravatar.com\/avatar\/634be3b6facbe9cb0465d21b14b4dacd?s=96&d=mm&r=g","contentUrl":"https:\/\/secure.gravatar.com\/avatar\/634be3b6facbe9cb0465d21b14b4dacd?s=96&d=mm&r=g","caption":"sindia"}}]}},"_links":{"self":[{"href":"https:\/\/www.sindiaboldt.de\/portraits\/wp-json\/wp\/v2\/posts\/858","targetHints":{"allow":["GET"]}}],"collection":[{"href":"https:\/\/www.sindiaboldt.de\/portraits\/wp-json\/wp\/v2\/posts"}],"about":[{"href":"https:\/\/www.sindiaboldt.de\/portraits\/wp-json\/wp\/v2\/types\/post"}],"author":[{"embeddable":true,"href":"https:\/\/www.sindiaboldt.de\/portraits\/wp-json\/wp\/v2\/users\/1"}],"replies":[{"embeddable":true,"href":"https:\/\/www.sindiaboldt.de\/portraits\/wp-json\/wp\/v2\/comments?post=858"}],"version-history":[{"count":0,"href":"https:\/\/www.sindiaboldt.de\/portraits\/wp-json\/wp\/v2\/posts\/858\/revisions"}],"wp:featuredmedia":[{"embeddable":true,"href":"https:\/\/www.sindiaboldt.de\/portraits\/wp-json\/wp\/v2\/media\/912"}],"wp:attachment":[{"href":"https:\/\/www.sindiaboldt.de\/portraits\/wp-json\/wp\/v2\/media?parent=858"}],"wp:term":[{"taxonomy":"category","embeddable":true,"href":"https:\/\/www.sindiaboldt.de\/portraits\/wp-json\/wp\/v2\/categories?post=858"},{"taxonomy":"post_tag","embeddable":true,"href":"https:\/\/www.sindiaboldt.de\/portraits\/wp-json\/wp\/v2\/tags?post=858"}],"curies":[{"name":"wp","href":"https:\/\/api.w.org\/{rel}","templated":true}]}}