{"id":888,"date":"2022-04-19T17:20:45","date_gmt":"2022-04-19T15:20:45","guid":{"rendered":"https:\/\/www.sindiaboldt.de\/portraits\/?p=888"},"modified":"2022-05-18T07:18:37","modified_gmt":"2022-05-18T05:18:37","slug":"40ue40-teil2","status":"publish","type":"post","link":"https:\/\/www.sindiaboldt.de\/portraits\/40ue40-teil2\/","title":{"rendered":"40\u00fc40-Teil 2"},"content":{"rendered":"<h1 style=\"text-align: center;\">40 Frauen \u00fcber 40 &#8211; Das Fotoprojekt &#8211; Teil 2:<\/h1>\n<p><img loading=\"lazy\" decoding=\"async\" class=\"aligncenter size-full wp-image-627\" title=\"Portraits Studio Sindia Boldt Photography Mu\u0308nchen 44 750x500 1\" src=\"https:\/\/www.sindiaboldt.de\/portraits\/wp-content\/uploads\/sites\/5\/2021\/09\/Portraits-Studio-Sindia-Boldt-Photography-Mu\u0308nchen-44-750x500-1.jpg\" alt=\"Portraits Studio Sindia Boldt Photography Mu\u0308nchen 44 750x500 1\" width=\"750\" height=\"500\" srcset=\"https:\/\/www.sindiaboldt.de\/portraits\/wp-content\/uploads\/sites\/5\/2021\/09\/Portraits-Studio-Sindia-Boldt-Photography-Mu\u0308nchen-44-750x500-1.jpg 750w, https:\/\/www.sindiaboldt.de\/portraits\/wp-content\/uploads\/sites\/5\/2021\/09\/Portraits-Studio-Sindia-Boldt-Photography-Mu\u0308nchen-44-750x500-1-300x200.jpg 300w\" sizes=\"auto, (max-width: 750px) 100vw, 750px\" \/><\/p>\n<p>&nbsp;<\/p>\n<p style=\"text-align: center;\">Michaela \/\/ Karin \/\/ Katja \/\/ Jutta \/\/ Nadia &#8211;<\/p>\n<p style=\"text-align: center;\">Hier stellen wir Euch die Teilnehmerinnen unseres wundervollen <a href=\"https:\/\/www.sindiaboldt.de\/portraits\/40-ueber-40\/\">Fotoprojekts 40 Frauen \u00fcber 40<\/a> etwas n\u00e4her vor. In diesem Teil:<\/p>\n<h3 style=\"text-align: center;\">Michaela, 55, freie Rednerin<\/h3>\n<h3 style=\"text-align: center;\">Karin, 50, Personalbetreuerin<\/h3>\n<h3 style=\"text-align: center;\">Katja, 40, Erzieherin<\/h3>\n<h3 style=\"text-align: center;\">Jutta, 48, Immobilienmarklerin<\/h3>\n<h3 style=\"text-align: center;\">Nadia, 57, Altenpflegerin<\/h3>\n<hr \/>\n<h3><\/h3>\n<h2 style=\"text-align: center;\">Michaela, 55, freie Rednerin, verheiratet<\/h2>\n<p style=\"text-align: center;\">MICHAELA IST EINE SEHR LEBENSFROHE PERSON, DIE MIT IHREN REDEN ANDERE MENSCHEN SEHR BER\u00dcHRT.<\/p>\n<p style=\"text-align: center;\"><img loading=\"lazy\" decoding=\"async\" class=\"aligncenter wp-image-951 size-full\" title=\"Gaby Troetschel vorher\" src=\"https:\/\/www.sindiaboldt.de\/portraits\/wp-content\/uploads\/sites\/5\/2022\/02\/MichaelaBurch.jpg\" alt=\"MichaelaBurch\" width=\"392\" height=\"523\" srcset=\"https:\/\/www.sindiaboldt.de\/portraits\/wp-content\/uploads\/sites\/5\/2022\/02\/MichaelaBurch.jpg 392w, https:\/\/www.sindiaboldt.de\/portraits\/wp-content\/uploads\/sites\/5\/2022\/02\/MichaelaBurch-225x300.jpg 225w\" sizes=\"auto, (max-width: 392px) 100vw, 392px\" \/><\/p>\n<p style=\"text-align: center;\"><strong>Hier mehr Infos \u00fcber Michaela (55, freie Rednerin, in Partnerschaft):<\/strong><\/p>\n<p style=\"text-align: center;\">Michaela lebt gemeinsam mit ihrem Partner und ihren zwei Katzen auf einem kleinen, alten Bauernhof. Zu ihren Hobbies z\u00e4hlen die Fotografie und Gartenarbeit &#8211; sie besch\u00e4ftigt sich zudem gerne mit ihren Katzen und ist sehr gerne in der Natur.<\/p>\n<p style=\"text-align: center;\">Michaela hat in ihrem Leben schon viel erlebt und auch beruflich viele Umschw\u00fcnge gehabt. So ist sie urspr\u00fcnglich aus dem Bankwesen und hat als Security unter anderem auf dem Oktoberfest f\u00fcr Ordnung gesorgt. Derzeit ist sie freie Rednerin f\u00fcr Hochzeiten und Beerdigungen, sieht ihre Zukunft aber eher in den Reden f\u00fcr Beerdigungen&#8230;:<\/p>\n<p style=\"text-align: center;\"><em>&#8220;Ich pers\u00f6nlich finde Beerdigungen mittlerweile ehrlicher und direkter und sch\u00f6ner wie jede Hochzeit. Bei der Hochzeit sagt zwar jeder &#8216;Och, wie sch\u00f6n war das!&#8217;, aber niemand wei\u00df, was im Hinterkopf war. Bei Hochzeiten kommen au\u00dfer dem Brautpaar und vielleicht den Eltern wenige, die sagen &#8216;Oh, das war toll!&#8217;. Bei Beerdigungen kommt fast jeder und sagt &#8216;Mensch, das haben Sie total genau getroffen!&#8217; und das finde ich viel sch\u00f6ner und wichtiger.&#8221;<\/em><\/p>\n<p style=\"text-align: center;\"><strong>&#8220;Was war denn deine Motivation, bei 40\u00dc40 teilzunehmen?&#8221;<\/strong><\/p>\n<p style=\"text-align: center;\"><em>&#8220;Ich finde es immer spannend, Bilder von mir zu sehen. Auf unterschiedliche Arten und von verschiedenen Fotografen. Vor allem auf Hochzeiten werde ich nat\u00fcrlich viel fotografiert und bekomme dann die Bilder. Ich stelle immer ganz viel Neues an mir fest und finde es ganz spannend, unterschiedlich zu wirken. Und ganz viele Frauen darzustellen, in ihrer Freude und Verletzlichkeit, finde ich ganz toll an dem Projekt 40\u00dc40.&#8221;<\/em><\/p>\n<p style=\"text-align: center;\"><strong>&#8220;Gab es in deinem Leben eine Situation, in der du gemerkt hast: &#8216;Das passiert mir jetzt, weil ich eine Frau bin.&#8217;?&#8221;<\/strong><\/p>\n<p style=\"text-align: center;\"><em>&#8220;Etwa 1999 war ich Filialleitung einer kleinen Bank und meine Mitarbeiter haben den Tresor nicht mehr aufbekommen. Ich war zwar krankgeschrieben wegen eines Gipsarmes, aber musste dann letztendlich doch kommen. Es hatte geregnet und ich hatte mich auf dem Weg wegen Aquaplaning \u00fcberschlagen. Es ist zum Gl\u00fcck aber gar nichts passiert, au\u00dfer einem reinen Blechschaden. Ich stand dann also nach zweimaligem \u00dcberschlagen drei Spuren weiter auf der Autobahn, etwa auf H\u00f6he der Polizei, die dann nat\u00fcrlich gleich gekommen ist. Der erste Satz des Polizisten war dann: &#8216;<\/em><em>Typisch Frau.&#8217;.\u00a0<\/em><\/p>\n<p style=\"text-align: center;\"><em>Ich habe aber auch ganz viele positive Dinge erlebt &#8211; ich habe ja als Security gearbeitet, unter anderem auf der Wiesn, und meine Position als Frau war diejenige, Sachen zu bereinigen, runterzuspielen, zu beruhigen&#8230; oder aber auch, zuschlagen zu k\u00f6nnen und zu d\u00fcrfen, weil man&#8217;s von mir nicht erwartet hat. Ich habe ganz viele M\u00e4nner einfach \u00fcberw\u00e4ltigt, auf den Boden geschmissen, und dann lagen sie da und die Kollegen konnten sie dann fesseln. Das h\u00e4tte ich nicht gekonnt, w\u00e4re ich nicht Frau gewesen!&#8221;<\/em><\/p>\n<p style=\"text-align: center;\"><strong>&#8220;Was bedeutet denn f\u00fcr dich, liebe Michaela, Sch\u00f6nheit?&#8221;<\/strong><\/p>\n<p style=\"text-align: center;\"><em>&#8220;Sch\u00f6nheit liegt ausschlie\u00dflich im Auge des Betrachters. Sch\u00f6nheit kann makellos sein &#8211; ein makelloses Gesicht zum Beispiel. Das finde ich aber langweilig, meistens. Sch\u00f6n ist f\u00fcr mich, durchaus Falten zu haben, weil sie von Lachen und Lebenserfahrung zeugen, weil sie zeigen: der Mensch hat einfach gelebt! Sch\u00f6n kann jemand sein mit Kleidergr\u00f6\u00dfe 56, sch\u00f6n kann jemand sein mit Kleidergr\u00f6\u00dfe 36. Es liegt ganz im Auge des Betrachters.&#8221;<\/em><\/p>\n<p style=\"text-align: center;\"><strong>&#8220;Was w\u00fcrdest du in deinem Leben gerne noch machen?&#8221;<\/strong><\/p>\n<p style=\"text-align: center;\"><em>&#8220;Ich m\u00f6chte nochmal auswandern. Ich habe ja schon mal in \u00d6sterreich gelebt, aber ich m\u00f6chte noch wo ganz woanders hin. Ich bin mir noch nicht schl\u00fcssig, wohin genau, aber das m\u00f6chte ich definitiv. Ich m\u00f6chte gern ganz viel Reisen. Vielleicht sogar heiraten. Ich glaube aber, ich habe mir in meinem Leben schon so viel erf\u00fcllt.&#8221;<\/em><\/p>\n<p style=\"text-align: center;\"><strong>&#8220;Hast du einen Tipp, wenn man ein bisschen das kleine, graue M\u00e4uschen ist, ohne viel Selbstbewusstsein und sich nicht wirklich traut?&#8221;<\/strong><\/p>\n<p style=\"text-align: center;\"><i>&#8220;Es ist schwierig. Ich glaube, wichtig ist, sich mit solchen Menschen zu umgeben und zu besch\u00e4ftigen, wie man selbst gerne sein wollen w\u00fcrde. Man sollte sich aber\u00a0nicht \u00fcbermannen, sondern trotzdem kleine Schritte und Fortschritte machen. Der Spruch &#8216;Lerne von den Besten&#8217; trifft auch da zu. Wenn ich von den Besten lernen will, dann suche ich mir jemanden, den ich in meinen Augen f\u00fcr selbstbewusst empfinde und versuche, den ein wenig zu begleiten und den einen oder anderen Tipp zu kriegen. Man muss wissen, es wird nicht einfach. Aber man muss immer nach dem Besseren streben und sich trauen.&#8221;<\/i><\/p>\n<h3 style=\"text-align: center;\"><strong>Das Ergebnis von Michaela&#8217;s Fotoshooting im Fotoatelier Hohenkammer:<\/strong><\/h3>\n<div id='gallery-1' class='gallery galleryid-888 gallery-columns-3 gallery-size-full'><figure class='gallery-item'>\n\t\t\t<div class='gallery-icon portrait'>\n\t\t\t\t<img loading=\"lazy\" decoding=\"async\" width=\"349\" height=\"523\" src=\"https:\/\/www.sindiaboldt.de\/portraits\/wp-content\/uploads\/sites\/5\/2022\/01\/Portrait-Fotoshooting-Portraitfotograf-M.B.-Fotoatelier-Sindia-Boldt-45.jpg\" class=\"attachment-full size-full\" alt=\"Portrait Fotoshooting Portraitfotograf M.B. Fotoatelier Sindia Boldt 45\" srcset=\"https:\/\/www.sindiaboldt.de\/portraits\/wp-content\/uploads\/sites\/5\/2022\/01\/Portrait-Fotoshooting-Portraitfotograf-M.B.-Fotoatelier-Sindia-Boldt-45.jpg 349w, https:\/\/www.sindiaboldt.de\/portraits\/wp-content\/uploads\/sites\/5\/2022\/01\/Portrait-Fotoshooting-Portraitfotograf-M.B.-Fotoatelier-Sindia-Boldt-45-200x300.jpg 200w\" sizes=\"auto, (max-width: 349px) 100vw, 349px\" \/>\n\t\t\t<\/div><\/figure><figure class='gallery-item'>\n\t\t\t<div class='gallery-icon portrait'>\n\t\t\t\t<img loading=\"lazy\" decoding=\"async\" width=\"349\" height=\"523\" src=\"https:\/\/www.sindiaboldt.de\/portraits\/wp-content\/uploads\/sites\/5\/2022\/01\/Portrait-Fotoshooting-Portraitfotograf-M.B.-Fotoatelier-Sindia-Boldt-74.jpg\" class=\"attachment-full size-full\" alt=\"Portrait Fotoshooting Portraitfotograf M.B. Fotoatelier Sindia Boldt 74\" srcset=\"https:\/\/www.sindiaboldt.de\/portraits\/wp-content\/uploads\/sites\/5\/2022\/01\/Portrait-Fotoshooting-Portraitfotograf-M.B.-Fotoatelier-Sindia-Boldt-74.jpg 349w, https:\/\/www.sindiaboldt.de\/portraits\/wp-content\/uploads\/sites\/5\/2022\/01\/Portrait-Fotoshooting-Portraitfotograf-M.B.-Fotoatelier-Sindia-Boldt-74-200x300.jpg 200w\" sizes=\"auto, (max-width: 349px) 100vw, 349px\" \/>\n\t\t\t<\/div><\/figure><figure class='gallery-item'>\n\t\t\t<div class='gallery-icon landscape'>\n\t\t\t\t<img loading=\"lazy\" decoding=\"async\" width=\"784\" height=\"523\" src=\"https:\/\/www.sindiaboldt.de\/portraits\/wp-content\/uploads\/sites\/5\/2022\/01\/Portrait-Fotoshooting-Portraitfotograf-M.B.-Fotoatelier-Sindia-Boldt-9.jpg\" class=\"attachment-full size-full\" alt=\"Portrait Fotoshooting Portraitfotograf M.B. Fotoatelier Sindia Boldt 9\" srcset=\"https:\/\/www.sindiaboldt.de\/portraits\/wp-content\/uploads\/sites\/5\/2022\/01\/Portrait-Fotoshooting-Portraitfotograf-M.B.-Fotoatelier-Sindia-Boldt-9.jpg 784w, https:\/\/www.sindiaboldt.de\/portraits\/wp-content\/uploads\/sites\/5\/2022\/01\/Portrait-Fotoshooting-Portraitfotograf-M.B.-Fotoatelier-Sindia-Boldt-9-300x200.jpg 300w, https:\/\/www.sindiaboldt.de\/portraits\/wp-content\/uploads\/sites\/5\/2022\/01\/Portrait-Fotoshooting-Portraitfotograf-M.B.-Fotoatelier-Sindia-Boldt-9-768x512.jpg 768w\" sizes=\"auto, (max-width: 784px) 100vw, 784px\" \/>\n\t\t\t<\/div><\/figure>\n\t\t<\/div>\n\n<hr \/>\n<h2><\/h2>\n<h2 style=\"text-align: center;\">Karin, 50, Personalbetreuerin, 2 T\u00f6chter, ledig<\/h2>\n<p style=\"text-align: center;\">KARIN LIEBT ES, NEUE DINGE AUSZUPROBIEREN UND ALS SIE DURCH IHRE TOCHTER DIE EINSICHT BEKOMMEN HAT, DASS MODELS NICHT NUR JUNG UND BILDH\u00dcBSCH SEIN M\u00dcSSEN, ENTSCHLOSS SIE SICH, REIN AUS NEUGIER AM SHOOTING TEILZUNEHMEN.<\/p>\n<p style=\"text-align: center;\"><img loading=\"lazy\" decoding=\"async\" class=\"aligncenter wp-image-961 size-full\" title=\"RenateRegler\" src=\"https:\/\/www.sindiaboldt.de\/portraits\/wp-content\/uploads\/sites\/5\/2022\/01\/KarinEichenlaub.jpg\" alt=\"KarinEichenlaub\" width=\"457\" height=\"610\" srcset=\"https:\/\/www.sindiaboldt.de\/portraits\/wp-content\/uploads\/sites\/5\/2022\/01\/KarinEichenlaub.jpg 457w, https:\/\/www.sindiaboldt.de\/portraits\/wp-content\/uploads\/sites\/5\/2022\/01\/KarinEichenlaub-225x300.jpg 225w\" sizes=\"auto, (max-width: 457px) 100vw, 457px\" \/><\/p>\n<p style=\"text-align: center;\"><strong>Hier mehr Infos \u00fcber Karin (50, Personalbetreuerin, zwei T\u00f6chter, ledig):<\/strong><\/p>\n<p style=\"text-align: center;\">Karin kommt aus Scheyern und arbeitet beim BR in M\u00fcnchen in der Personalbetreuung. Sie hat zwei T\u00f6chter im Teenie-Alter, von denen die \u00e4ltere im September ein Sprachenjahr in den USA beginnt. Zu Karins Hobbys, die sie in ihrer knappen Freizeit aus\u00fcbt, z\u00e4hlen Skifahren im Winter, sich um den Garten k\u00fcmmern und lesen. Zudem singt sie in zwei Ch\u00f6ren.<\/p>\n<p style=\"text-align: center;\">Karin liebt es, sich neuen Herausforderungen stellen und den Kick, Neue Dinge auszuprobieren. Sie scheut sich nicht davor, wenn es mal nicht ganz klappt, wie gewollt. F\u00fcr sie ist es wichtig, nicht bereuen zu m\u00fcssen, dass sie etwas nicht ausprobiert hat.<\/p>\n<p style=\"text-align: center;\">Auf die Frage, ob es ihr denn nicht schwerfalle, ihre Tochter aufgrund des Sprachenjahres f\u00fcr gewisse Zeit loszulassen, antwortete sie&#8230;<\/p>\n<p style=\"text-align: center;\"><em>&#8220;Nein, ich finde heutzutage ist es nicht mehr so schwierig. Damals, als ich in den USA war, habe ich meine Eltern alle anderthalb Wochen mal angerufen. Heute mit FaceTime sehen wir uns dann einfach viel \u00fcber das Smartphone. So, wie wenn sie bei ihrem Vater ist. Dann telefoniere ich halt nicht mehr innerhalb von Deutschland mit ihr, sondern nach San Diego, aber das Gesicht, das mir entgegenstrahlt, ist ja das gleiche. Ich habe gutes Vertrauen in sie, sie macht das schon. Ich finde, sie ist schon sehr selbstst\u00e4ndig f\u00fcr ihr Alter. Das packt sie!&#8221;<\/em><\/p>\n<p style=\"text-align: center;\">Ihre T\u00f6chter sind auch diejenigen, die ihr ab und zu Wertsch\u00e4tzung bieten, wenn Karin sonst nicht viel davon erf\u00e4hrt:<\/p>\n<p style=\"text-align: center;\"><strong>&#8220;F\u00fchlst du dich aktuell gesehen und wertgesch\u00e4tzt? Also wann, wie und von wem bekommst du aktuell Best\u00e4tigung und Zuspruch?&#8221;<\/strong><\/p>\n<p style=\"text-align: center;\"><em>&#8220;Von sehr wenigen Leuten. Beruflich ist es so, dass ich aktuell zwei Kollegen vertrete, obwohl ich ja einen eigenen Job habe. Die Wertsch\u00e4tzung h\u00e4lt sich in Grenzen, aber ich bin auch ein leicht hochm\u00fctiger Mensch, der schlecht &#8216;Nein&#8217; sagen kann. Ansonsten manchmal von meinen T\u00f6chtern, wenn sie sagen: &#8216;Mama, f\u00fcr dein Alter schaust du ja noch ganz gut aus.&#8217; Das ist so das Maximale, was ich so im Moment rausholen kann.&#8221;<\/em><\/p>\n<p style=\"text-align: center;\"><strong>&#8220;Was war deine Motivation, beim Fotoshooting mitzumachen?&#8221;<\/strong><\/p>\n<p>\u00e4ltere tochter jobbt in Modelagentur und erz\u00e4hlt Karin, dass es gar nicht so ist, dass alle Models 20 Jahre alt und wundersch\u00f6n sind, sondern sie auch viele \u00dc30-Frauen vermitteln. Und dann habe ich in einer Arztpraxis die Werbung gesehen f\u00fcr das 40\u00dc40-Projekt und dachte mir: &#8216;Jetzt lasse ich mal einfach von einem professionellen Team schauen, was bei mir so rauskommt!'&#8221;<\/p>\n<p style=\"text-align: center;\"><strong>&#8220;Findest du dich denn sch\u00f6n?&#8221;<\/strong><\/p>\n<p style=\"text-align: center;\"><em>&#8220;Wenn ich aufstehe, nicht. Ich kann aus meinem Gesicht aber mit Schminke sehr viel machen. Also wenn ich abends weggehe und noch anderthalb Stunden Zeit habe, um mich zu schminken, dann finde ich mich sch\u00f6n. Nat\u00fcrlich sch\u00f6n finde ich mich nicht, aber ich finde, dass ich mein Gesicht so schminken kann, dass es sch\u00f6n wirkt.&#8221;<\/em><\/p>\n<p style=\"text-align: center;\"><strong>&#8220;Gibt es etwas, was du heute an dir magst, mit dem du vor 20-30 Jahren als junge Frau gehadert hast?&#8221;<\/strong><\/p>\n<p style=\"text-align: center;\"><em>&#8220;Ja, meine Gr\u00f6\u00dfe. Ich bin heute mit meiner Gr\u00f6\u00dfe sehr gl\u00fccklich. Fr\u00fcher, als ich auf der Tanzfl\u00e4che immer einen Kopf gr\u00f6\u00dfer als die anderen war, fand ich das ganz schrecklich. Ich wollte als Teenager keine 1,75m gro\u00df sein! Und heute merke ich, die jungen M\u00e4dels wachsen mir auch zum Teil \u00fcber den Kopf, also bin ich schon ganz froh, dass ich eine gro\u00dfe Mama bin. Fr\u00fcher wollte ich einfach nicht aus der Masse herausstechen und heute tue ich das zum Teil ganz gern.&#8221;<\/em><\/p>\n<p style=\"text-align: center;\"><strong>&#8220;Wann warst du denn in deinem Leben mal ganz mutig?&#8221;<\/strong><\/p>\n<p style=\"text-align: center;\"><em>&#8220;Als ich einen Tandem-Flug mitgemacht habe aus einem Flugzeug, in 4000m H\u00f6he. Da fand ich mich mutig! Die Firma meines Ex-Mannes hat das damals f\u00fcr die Mitarbeiter angeboten. Ich hatte schon Angst und mein Ex-Mann war auch erst z\u00f6gerlich, aber ich wollte da runterspringen und sagen k\u00f6nnen: &#8216;Ich hab da mal mitgemacht!&#8217;. Und es hat mir so viel Spa\u00df gemacht, dass ich das Ganze an einem anderen Standort nochmal gemacht habe! Vieles kostet mich \u00dcberwindung, aber bevor ich mir im Nachhinein dann denke, dass ich es gar nicht probiert habe, muss ich einfach mal ins kalte Wasser springen!&#8221;<\/em><\/p>\n<h3 style=\"text-align: center;\"><strong>Das Ergebnis von Karin&#8217;s Fotoshooting im Fotoatelier Hohenkammer:<\/strong><\/h3>\n<div id='gallery-2' class='gallery galleryid-888 gallery-columns-3 gallery-size-full'><figure class='gallery-item'>\n\t\t\t<div class='gallery-icon portrait'>\n\t\t\t\t<img loading=\"lazy\" decoding=\"async\" width=\"349\" height=\"523\" src=\"https:\/\/www.sindiaboldt.de\/portraits\/wp-content\/uploads\/sites\/5\/2022\/01\/Portrait-Fotoshooting-K.-Fotoatelier-Hohenkammer-Sindia-Boldt25_red.jpg\" class=\"attachment-full size-full\" alt=\"Portrait Fotoshooting K. Fotoatelier Hohenkammer Sindia Boldt25 red\" srcset=\"https:\/\/www.sindiaboldt.de\/portraits\/wp-content\/uploads\/sites\/5\/2022\/01\/Portrait-Fotoshooting-K.-Fotoatelier-Hohenkammer-Sindia-Boldt25_red.jpg 349w, https:\/\/www.sindiaboldt.de\/portraits\/wp-content\/uploads\/sites\/5\/2022\/01\/Portrait-Fotoshooting-K.-Fotoatelier-Hohenkammer-Sindia-Boldt25_red-200x300.jpg 200w\" sizes=\"auto, (max-width: 349px) 100vw, 349px\" \/>\n\t\t\t<\/div><\/figure><figure class='gallery-item'>\n\t\t\t<div class='gallery-icon portrait'>\n\t\t\t\t<img loading=\"lazy\" decoding=\"async\" width=\"349\" height=\"523\" src=\"https:\/\/www.sindiaboldt.de\/portraits\/wp-content\/uploads\/sites\/5\/2022\/01\/Portrait-Fotoshooting-K.-Fotoatelier-Hohenkammer-Sindia-Boldt18.jpg\" class=\"attachment-full size-full\" alt=\"Portrait Fotoshooting K. Fotoatelier Hohenkammer Sindia Boldt18\" srcset=\"https:\/\/www.sindiaboldt.de\/portraits\/wp-content\/uploads\/sites\/5\/2022\/01\/Portrait-Fotoshooting-K.-Fotoatelier-Hohenkammer-Sindia-Boldt18.jpg 349w, https:\/\/www.sindiaboldt.de\/portraits\/wp-content\/uploads\/sites\/5\/2022\/01\/Portrait-Fotoshooting-K.-Fotoatelier-Hohenkammer-Sindia-Boldt18-200x300.jpg 200w\" sizes=\"auto, (max-width: 349px) 100vw, 349px\" \/>\n\t\t\t<\/div><\/figure><figure class='gallery-item'>\n\t\t\t<div class='gallery-icon portrait'>\n\t\t\t\t<img loading=\"lazy\" decoding=\"async\" width=\"349\" height=\"523\" src=\"https:\/\/www.sindiaboldt.de\/portraits\/wp-content\/uploads\/sites\/5\/2022\/01\/Portrait-Fotoshooting-K.-Fotoatelier-Hohenkammer-Sindia-Boldt13.jpg\" class=\"attachment-full size-full\" alt=\"Portrait Fotoshooting K. Fotoatelier Hohenkammer Sindia Boldt13\" srcset=\"https:\/\/www.sindiaboldt.de\/portraits\/wp-content\/uploads\/sites\/5\/2022\/01\/Portrait-Fotoshooting-K.-Fotoatelier-Hohenkammer-Sindia-Boldt13.jpg 349w, https:\/\/www.sindiaboldt.de\/portraits\/wp-content\/uploads\/sites\/5\/2022\/01\/Portrait-Fotoshooting-K.-Fotoatelier-Hohenkammer-Sindia-Boldt13-200x300.jpg 200w\" sizes=\"auto, (max-width: 349px) 100vw, 349px\" \/>\n\t\t\t<\/div><\/figure>\n\t\t<\/div>\n\n<hr \/>\n<h3><\/h3>\n<h2 style=\"text-align: center;\">Katja, 40, Erzieherin, 1 Teenager-Tochter, alleinerziehend<\/h2>\n<p style=\"text-align: center;\">KATJA IST AN EINEM PUNKT IN IHREM LEBEN, AN DEM SIE SEHR ZUFRIEDEN MIT SICH SELBST UND IHRER PERSON IST UND DESWEGEN VIELE NEUE DINGE AUSPROBIERT. UNTER ANDEREM DESWEGEN ENTSCHLOSS SIE SICH ZUR TEILNAHME AN 40\u00dc40.<\/p>\n<p style=\"text-align: center;\"><img loading=\"lazy\" decoding=\"async\" class=\"aligncenter wp-image-968 size-full\" title=\"RenateRegler\" src=\"https:\/\/www.sindiaboldt.de\/portraits\/wp-content\/uploads\/sites\/5\/2022\/01\/KatjaSommer.jpg\" alt=\"KatjaSommer\" width=\"392\" height=\"523\" srcset=\"https:\/\/www.sindiaboldt.de\/portraits\/wp-content\/uploads\/sites\/5\/2022\/01\/KatjaSommer.jpg 392w, https:\/\/www.sindiaboldt.de\/portraits\/wp-content\/uploads\/sites\/5\/2022\/01\/KatjaSommer-225x300.jpg 225w\" sizes=\"auto, (max-width: 392px) 100vw, 392px\" \/><\/p>\n<p style=\"text-align: center;\"><strong>Hier mehr Infos \u00fcber Katja (40, 1 Kind, alleinerziehend):<\/strong><\/p>\n<p style=\"text-align: center;\">Katja ist eine sehr willensstarke Frau, die ganz genau wei\u00df, welche Werte sie vertritt und diese auch versucht, so konsequent wie nur m\u00f6glich auszuleben. Sie hat einen Freund und eine Tochter und lebt zudem noch mit zwei Katzen und einer Schildkr\u00f6te im Haushalt. Mit ihrem Beruf als Erzieherin ist sie sowohl vom Berufsfeld an sich, als auch mit dem Gehalt sehr zufrieden.<\/p>\n<p style=\"text-align: center;\">Sie liebt es, verschiedene Dinge auszuprobieren und zu erleben &#8211; unter anderem l\u00e4uft sie am Wochenende um 7 Uhr morgens ihre Runden oder hat letztes Jahr ein P!NK Konzert besucht. Katja kann es kaum erwarten, mal wieder in den Urlaub zu fahren.<\/p>\n<p style=\"text-align: center;\">Nach einigen Zeiten in ihrem Leben, in denen sie mit sich als Person nicht so gl\u00fccklich war, ist Katja nun an einem Punkt, an dem sie wei\u00df, was sie will und sich mit ihrer Person sehr wohl f\u00fchlt. Das war auch der Grund, warum sie beschloss, am Shooting teilzunehmen:<\/p>\n<p style=\"text-align: center;\"><strong>\u201cWas war deine Motivation, beim Shooting mitzumachen?&#8221;<\/strong><\/p>\n<p style=\"text-align: center;\"><em>&#8220;Ich f\u00fchle mich derzeit in meiner Pers\u00f6nlichkeitsentwicklung total wohl und habe mich deswegen entschieden, jetzt einfach total viele neue Sachen auszuprobieren. Ich habe letzte Woche einen Workshop gemacht mit Haarkranzbinden, das habe ich noch nie gemacht. Ich m\u00f6chte dieses Jahr mit meiner Tochter nach \u00d6sterreich ins Area 47. Sindia war mir auch sehr sympathisch, ich habe mich noch nie fotografieren lassen aber dachte mir, dass ein Fotograf da schon andere Posen aus mir rausbekommt. Und ich dachte mir dann &#8216;Warum nicht?&#8217;.&#8221;<\/em><\/p>\n<p style=\"text-align: center;\"><strong>&#8220;Gibt es etwas, was du heute an dir magst, mit dem du vor 10, 20 Jahren gehadert hast?&#8221;<\/strong><\/p>\n<p style=\"text-align: center;\"><em>&#8220;Ich glaube eher vor 30 Jahren. Ich war ja immer d\u00fcnn, als Jugendliche noch schlimmer. Da habe ich immer keinen Bikini angezogen, immer weite T-Shirts &#8211; das war damals auch modern &#8211; und selten mal Kleider. Heute bin ich zufrieden mit mir selbst, auch, weil ich mit mir auch im Inneren mehr im Reinen bin. Ich habe glaube ich damals nicht gewusst, wer ich bin. Heute habe ich gewisse Werte und versuche, die zu vertreten. Das klappt zwar nicht immer zu 100%, aber ich versuche sie immer umzusetzen und an mir zu arbeiten.&#8221;<\/em><\/p>\n<p style=\"text-align: center;\"><strong>&#8220;Hattest du in deinem Leben denn mal einen &#8216;Weichenmoment&#8217;? Also die Entscheidung, ob du jetzt rechtsrum oder linksrum gehen solltest?&#8221;<\/strong><\/p>\n<p style=\"text-align: center;\"><em>&#8220;Eigentlich kommt man immer wieder an so eine T-Kreuzung. Immer wieder im Leben die Frage &#8216;Machst du jetzt diesen oder jenen Schritt?&#8217; Auch w\u00e4hrend der Ausbildung h\u00e4tte ich manchmal alles hinschmei\u00dfen k\u00f6nnen, aber ich habe es dann durchgezogen, weil ich mir dachte &#8216;Irgendwann hat das mal ein Ende!&#8217;. Ich glaube aber, ich bin meist einfach durch die Mitte gegangen und bin meinen eigenen Weg gegangen. Ich glaube, es gab keine Situation, wo ich mich so richtig bewusst entschieden habe.&#8221;<\/em><\/p>\n<p style=\"text-align: center;\"><strong>&#8220;Was bedeutet f\u00fcr dich Sch\u00f6nheit, Katja?&#8221;<\/strong><\/p>\n<p style=\"text-align: center;\"><em>&#8220;Da gibt es bei mir verschiedene Dinge, zum Beispiel die Stimme. Aber meine Werte sind mir in den letzten Jahren sehr wichtig geworden. Ist der Mensch loyal? Sagt der was und setzt es dann auch um? Da sage ich heute &#8211; ich finde den Menschen sch\u00f6n, weil er diese Werte auch vertritt. Sch\u00f6nheit hat f\u00fcr mich nicht unbedingt was mit Optik zu tun. Stimme ist f\u00fcr mich auch schon was total Sch\u00f6nes. Ich finde auch meine Freundinnen sch\u00f6n, weil die \u00fcber sich selbst und mit mir lachen k\u00f6nnen und ich bei denen so sein kann, wie ich bin.&#8221;<\/em><\/p>\n<h3 style=\"text-align: center;\"><strong>Das Ergebnis von Katja&#8217;s Fotoshooting im Fotoatelier Hohenkammer:<\/strong><\/h3>\n<div id='gallery-3' class='gallery galleryid-888 gallery-columns-3 gallery-size-full'><figure class='gallery-item'>\n\t\t\t<div class='gallery-icon portrait'>\n\t\t\t\t<img loading=\"lazy\" decoding=\"async\" width=\"407\" height=\"610\" src=\"https:\/\/www.sindiaboldt.de\/portraits\/wp-content\/uploads\/sites\/5\/2022\/01\/Portrait-Fotograf-Fotostudio-Fotos-Fotoatelier-Hohenkammer-Sindia-Boldt-69.jpg\" class=\"attachment-full size-full\" alt=\"Portrait Fotograf Fotostudio Fotos Fotoatelier Hohenkammer Sindia Boldt 69\" srcset=\"https:\/\/www.sindiaboldt.de\/portraits\/wp-content\/uploads\/sites\/5\/2022\/01\/Portrait-Fotograf-Fotostudio-Fotos-Fotoatelier-Hohenkammer-Sindia-Boldt-69.jpg 407w, https:\/\/www.sindiaboldt.de\/portraits\/wp-content\/uploads\/sites\/5\/2022\/01\/Portrait-Fotograf-Fotostudio-Fotos-Fotoatelier-Hohenkammer-Sindia-Boldt-69-200x300.jpg 200w\" sizes=\"auto, (max-width: 407px) 100vw, 407px\" \/>\n\t\t\t<\/div><\/figure><figure class='gallery-item'>\n\t\t\t<div class='gallery-icon portrait'>\n\t\t\t\t<img loading=\"lazy\" decoding=\"async\" width=\"575\" height=\"863\" src=\"https:\/\/www.sindiaboldt.de\/portraits\/wp-content\/uploads\/sites\/5\/2022\/01\/Portrait-Fotograf-Fotostudio-Fotos-Fotoatelier-Hohenkammer-Sindia-Boldt-29.jpg\" class=\"attachment-full size-full\" alt=\"Portrait Fotograf Fotostudio Fotos Fotoatelier Hohenkammer Sindia Boldt 29\" srcset=\"https:\/\/www.sindiaboldt.de\/portraits\/wp-content\/uploads\/sites\/5\/2022\/01\/Portrait-Fotograf-Fotostudio-Fotos-Fotoatelier-Hohenkammer-Sindia-Boldt-29.jpg 575w, https:\/\/www.sindiaboldt.de\/portraits\/wp-content\/uploads\/sites\/5\/2022\/01\/Portrait-Fotograf-Fotostudio-Fotos-Fotoatelier-Hohenkammer-Sindia-Boldt-29-200x300.jpg 200w\" sizes=\"auto, (max-width: 575px) 100vw, 575px\" \/>\n\t\t\t<\/div><\/figure><figure class='gallery-item'>\n\t\t\t<div class='gallery-icon portrait'>\n\t\t\t\t<img loading=\"lazy\" decoding=\"async\" width=\"465\" height=\"697\" src=\"https:\/\/www.sindiaboldt.de\/portraits\/wp-content\/uploads\/sites\/5\/2022\/01\/Portrait-Fotograf-Fotostudio-Fotos-Fotoatelier-Hohenkammer-Sindia-Boldt-60.jpg\" class=\"attachment-full size-full\" alt=\"Portrait Fotograf Fotostudio Fotos Fotoatelier Hohenkammer Sindia Boldt 60\" srcset=\"https:\/\/www.sindiaboldt.de\/portraits\/wp-content\/uploads\/sites\/5\/2022\/01\/Portrait-Fotograf-Fotostudio-Fotos-Fotoatelier-Hohenkammer-Sindia-Boldt-60.jpg 465w, https:\/\/www.sindiaboldt.de\/portraits\/wp-content\/uploads\/sites\/5\/2022\/01\/Portrait-Fotograf-Fotostudio-Fotos-Fotoatelier-Hohenkammer-Sindia-Boldt-60-200x300.jpg 200w\" sizes=\"auto, (max-width: 465px) 100vw, 465px\" \/>\n\t\t\t<\/div><\/figure>\n\t\t<\/div>\n\n<hr \/>\n<h3><\/h3>\n<h2 style=\"text-align: center;\">Jutta, 48, selbstst\u00e4ndige Immobilienmarklerin, 1 Teenager-Tochter, ledig<\/h2>\n<p style=\"text-align: center;\">JUTTA ENTSCHLOSS SICH ZUM SHOOTING, UM \u00dcBER IHREN EIGENEN SCHATTEN ZU SPRINGEN UND IHREM LEBENSLANGEN WUNSCH NACH EINEM FOTOSHOOTING DOCH NOCH NACHZUGEHEN.<\/p>\n<p style=\"text-align: center;\"><img loading=\"lazy\" decoding=\"async\" class=\"aligncenter wp-image-979 size-full\" title=\"RenateRegler\" src=\"https:\/\/www.sindiaboldt.de\/portraits\/wp-content\/uploads\/sites\/5\/2022\/01\/Jutta-Hertlein_vorher.jpg\" alt=\"Jutta Hertlein vorher\" width=\"392\" height=\"523\" srcset=\"https:\/\/www.sindiaboldt.de\/portraits\/wp-content\/uploads\/sites\/5\/2022\/01\/Jutta-Hertlein_vorher.jpg 392w, https:\/\/www.sindiaboldt.de\/portraits\/wp-content\/uploads\/sites\/5\/2022\/01\/Jutta-Hertlein_vorher-225x300.jpg 225w\" sizes=\"auto, (max-width: 392px) 100vw, 392px\" \/><\/p>\n<p style=\"text-align: center;\"><strong>Hier mehr Infos \u00fcber Jutta (48, selbstst\u00e4ndige Immobilienmarklerin, 1 Kind):<\/strong><\/p>\n<p style=\"text-align: center;\">Jutta ist alleinerziehende Mutter und selbstst\u00e4ndige Immobilienmarklerin, was ihr nicht allzu viel Freizeit l\u00e4sst. Durch ihre Tochter, die Hochleistungssportlerin im Cheerleading ist, verbringt sie einiges ihrer knappen Freizeit ehrenamtlich im Sportverein, wo sie seit September &#8211; nach 9 Jahren als &#8220;M\u00e4dchen f\u00fcr alles&#8221; bei den Cheerleadern &#8211; den Posten des Hauptvorstandes belegt.<\/p>\n<p style=\"text-align: center;\">Jutta ist eine nervenstarke Frau. Sie hat eine Golden Retriever an ihrer Seite, die insofern pflegeleicht ist, als dass sie sich gut an Juttas engen Zeitplan anpasst. Derzeit absolviert Jutta eine Zusatzausbildung zur Weiterbildung, um ihren Kunden mehr anbieten zu k\u00f6nnen. Trotzdem versucht sie, ihre Freizeit wieder mehr selbst zu gestalten &#8211; unter anderem mit der Hilfe guter Freunde.<\/p>\n<p style=\"text-align: center;\"><strong>\u201cWas war deine Motivation, beim Shooting mitzumachen?&#8221;<\/strong><\/p>\n<p style=\"text-align: center;\"><em>&#8220;Ich habe das jahrelang schon in mir, dass ich endlich mal ein Shooting machen will. Ich habe mich aber nie getraut, weil die Bilder, die ich von mir selbst kenne, fand ich alle bl\u00f6d. Deswegen dachte ich, das brauche ich nicht machen. Dann habe ich den Aufruf im Internet gesehen und dachte mir &#8216;Jetzt bist du mal mutig und schreibst da hin.'&#8221;<\/em><\/p>\n<p style=\"text-align: center;\"><strong>&#8220;Was bedeutet f\u00fcr dich Sch\u00f6nheit?&#8221;<\/strong><\/p>\n<p style=\"text-align: center;\"><i>&#8220;Das ist eine tolle Frage&#8230;da habe ich mir eigentlich noch gar keine Gedanken gemacht, was ich sch\u00f6n finde. Es gibt sch\u00f6ne Objekte, H\u00e4user&#8230; sch\u00f6ne Gegenden. Sch\u00f6ne Menschen sind ja immer im\u00a0Angesicht des Betrachters. Aber es ist halt so &#8211; einer findet das sch\u00f6n, ein anderer findet das sch\u00f6n. Wenn jemand gr\u00f6\u00dfer als 1,80m ist, das finde ich bei M\u00e4nnern sch\u00f6n.&#8221;\u00a0<\/i><\/p>\n<p style=\"text-align: center;\"><strong>&#8220;Welche drei Eigenschaften m\u00f6gen andere an dir besonders gern?&#8221;<\/strong><\/p>\n<p style=\"text-align: center;\"><em>&#8220;Ich bin sehr geduldig, habe ich schon ein paar Mal geh\u00f6rt&#8230; ich w\u00fcrde von mir behaupten, dass ich sehr hilfsbereit bin&#8230; nehmen wir die zwei.&#8221;<\/em><\/p>\n<p style=\"text-align: center;\"><strong>&#8220;Und welche drei Eigenschaften &#8211; innerlich als auch \u00e4u\u00dferlich &#8211; magst du denn an dir besonders?&#8221;<\/strong><\/p>\n<p style=\"text-align: center;\"><em>&#8220;Was ich an mir ziemlich sch\u00e4tze, ist, dass ich ein ziemlich starkes Nervensystem habe. Also ich habe Nerven wie Drahtseile, kann man sagen. Man kann mich schon sehr beanspruchen, aber wenn die dann mal rei\u00dfen, dann sind sie auch wirklich zerrissen und es ist Ende im Gel\u00e4nde. Ich glaube, das kann aber nicht jeder. Ansonsten mag ich meine Haare, wenn sie offen sind.&#8221;\u00a0<\/em><\/p>\n<h3 style=\"text-align: center;\"><strong>Das Ergebnis von Jutta&#8217;s Fotoshooting im Fotoatelier Hohenkammer:<\/strong><\/h3>\n<div id='gallery-4' class='gallery galleryid-888 gallery-columns-3 gallery-size-full'><figure class='gallery-item'>\n\t\t\t<div class='gallery-icon landscape'>\n\t\t\t\t<img loading=\"lazy\" decoding=\"async\" width=\"697\" height=\"465\" src=\"https:\/\/www.sindiaboldt.de\/portraits\/wp-content\/uploads\/sites\/5\/2022\/01\/Portrait_Fotograf_Ingolstadt_Fotoshooting_J._Sindia_Boldt44.jpg\" class=\"attachment-full size-full\" alt=\"Portrait Fotograf Ingolstadt Fotoshooting J. Sindia Boldt44\" srcset=\"https:\/\/www.sindiaboldt.de\/portraits\/wp-content\/uploads\/sites\/5\/2022\/01\/Portrait_Fotograf_Ingolstadt_Fotoshooting_J._Sindia_Boldt44.jpg 697w, https:\/\/www.sindiaboldt.de\/portraits\/wp-content\/uploads\/sites\/5\/2022\/01\/Portrait_Fotograf_Ingolstadt_Fotoshooting_J._Sindia_Boldt44-300x200.jpg 300w\" sizes=\"auto, (max-width: 697px) 100vw, 697px\" \/>\n\t\t\t<\/div><\/figure><figure class='gallery-item'>\n\t\t\t<div class='gallery-icon landscape'>\n\t\t\t\t<img loading=\"lazy\" decoding=\"async\" width=\"697\" height=\"465\" src=\"https:\/\/www.sindiaboldt.de\/portraits\/wp-content\/uploads\/sites\/5\/2022\/01\/Portrait_Fotograf_Ingolstadt_Fotoshooting_J._Sindia_Boldt59.jpg\" class=\"attachment-full size-full\" alt=\"Portrait Fotograf Ingolstadt Fotoshooting J. Sindia Boldt59\" srcset=\"https:\/\/www.sindiaboldt.de\/portraits\/wp-content\/uploads\/sites\/5\/2022\/01\/Portrait_Fotograf_Ingolstadt_Fotoshooting_J._Sindia_Boldt59.jpg 697w, https:\/\/www.sindiaboldt.de\/portraits\/wp-content\/uploads\/sites\/5\/2022\/01\/Portrait_Fotograf_Ingolstadt_Fotoshooting_J._Sindia_Boldt59-300x200.jpg 300w\" sizes=\"auto, (max-width: 697px) 100vw, 697px\" \/>\n\t\t\t<\/div><\/figure><figure class='gallery-item'>\n\t\t\t<div class='gallery-icon portrait'>\n\t\t\t\t<img loading=\"lazy\" decoding=\"async\" width=\"498\" height=\"747\" src=\"https:\/\/www.sindiaboldt.de\/portraits\/wp-content\/uploads\/sites\/5\/2022\/01\/Portrait_Fotograf_Ingolstadt_Fotoshooting_J._Sindia_Boldt95.jpg\" class=\"attachment-full size-full\" alt=\"Portrait Fotograf Ingolstadt Fotoshooting J. Sindia Boldt95\" srcset=\"https:\/\/www.sindiaboldt.de\/portraits\/wp-content\/uploads\/sites\/5\/2022\/01\/Portrait_Fotograf_Ingolstadt_Fotoshooting_J._Sindia_Boldt95.jpg 498w, https:\/\/www.sindiaboldt.de\/portraits\/wp-content\/uploads\/sites\/5\/2022\/01\/Portrait_Fotograf_Ingolstadt_Fotoshooting_J._Sindia_Boldt95-200x300.jpg 200w\" sizes=\"auto, (max-width: 498px) 100vw, 498px\" \/>\n\t\t\t<\/div><\/figure>\n\t\t<\/div>\n\n<hr \/>\n<h3><\/h3>\n<h2 style=\"text-align: center;\">Nadia, 57, Altenpflegerin, 1 Sohn<\/h2>\n<p style=\"text-align: center;\">NADIA ENTSCHLOSS SICH ZUM SHOOTING, DA SIE VOR EINEM JAHR EINEN NEUEN LEBENSABSCHNITT BEGONNEN HAT UND SICH DAMIT SELBST EIN GESCHENK MACHEN WOLLTE.<\/p>\n<p style=\"text-align: center;\"><img loading=\"lazy\" decoding=\"async\" class=\"aligncenter wp-image-986 size-full\" title=\"RenateRegler\" src=\"https:\/\/www.sindiaboldt.de\/portraits\/wp-content\/uploads\/sites\/5\/2022\/01\/IMG_9324.jpg\" alt=\"IMG 9324\" width=\"392\" height=\"523\" srcset=\"https:\/\/www.sindiaboldt.de\/portraits\/wp-content\/uploads\/sites\/5\/2022\/01\/IMG_9324.jpg 392w, https:\/\/www.sindiaboldt.de\/portraits\/wp-content\/uploads\/sites\/5\/2022\/01\/IMG_9324-225x300.jpg 225w\" sizes=\"auto, (max-width: 392px) 100vw, 392px\" \/><\/p>\n<p style=\"text-align: center;\"><strong>Hier mehr Infos \u00fcber Nadia (57, Altenpflegerin, getrennt lebend):<\/strong><\/p>\n<p style=\"text-align: center;\">Nadia hat ihre Wurzeln in Brasilien und hat die letzten Jahre auf Mallorca gelebt. Sie ist nun vor einem Jahr wieder nach Deutschland gekommen und lebt jetzt noch getrennt von ihrem Mann, von dem sie sich bald scheiden l\u00e4sst. Auch wenn sie mit diesem viel reisen konnte und finanziell nicht schlecht stand, konnte sie diesem Leben nichts abgewinnen.<\/p>\n<p style=\"text-align: center;\">Nun befindet sie sich in der Ausbildung zur Altenpflegerin &#8211; ein Beruf, der ihr unglaublich viel Spa\u00df macht und ihr gro\u00dfe Erf\u00fcllung bringt. Trotzdem, sagt sie, ist die Ausbildung sehr kr\u00e4ftezehrend, da sie ja auch nicht mehr die J\u00fcngste sei.<\/p>\n<p style=\"text-align: center;\"><strong>\u201cWas ist f\u00fcr dich\u00a0<\/strong><b>Sch\u00f6nheit?&#8221;<\/b><\/p>\n<p style=\"text-align: center;\"><i>&#8220;Es ist schwierig, das Wort &#8216;Sch\u00f6nheit&#8217; so zu definieren&#8230; es kann alles sein. Ich denke, das sind Sachen, mit denen man sich identifiziert. Die findet man sch\u00f6n. Das ist ein Teil von uns. Was ich sch\u00f6n finde, musst du aber vielleicht nicht sch\u00f6n finden. In letzter Zeit hatte ich eher Gef\u00fchle, die sehr sch\u00f6n waren. <\/i><i>Das ist eine tolle Frage&#8230;da habe ich mir eigentlich noch gar keine Gedanken gemacht, was ich sch\u00f6n finde. Es gibt sch\u00f6ne Objekte, H\u00e4user&#8230; sch\u00f6ne Gegenden. Sch\u00f6ne Menschen sind ja immer im Angesicht des Betrachters. Aber es ist halt so &#8211; einer findet das sch\u00f6n, ein anderer findet das sch\u00f6n. Wenn jemand gr\u00f6\u00dfer als 1,80m ist, das finde ich bei M\u00e4nnern sch\u00f6n.&#8221;\u00a0<\/i><\/p>\n<p style=\"text-align: center;\"><strong>&#8220;Wir haben gerade schon dar\u00fcber gesprochen, was du an dir selbst magst: deine St\u00e4rke und dass du es schaffst, immer wieder aufzustehen. Aber jetzt mal zum \u00c4u\u00dferen &#8211; was magst du an deinem \u00c4u\u00dferen besonders gern und was vielleicht auch nicht?&#8221;<\/strong><\/p>\n<p style=\"text-align: center;\"><em>&#8220;Mein K\u00f6rper hat sich in den letzten drei Jahren sehr viel ver\u00e4ndert. Meine Figur hat mir eigentlich nie gefallen &#8211; vom Gewicht her habe ich mir immer f\u00fcnf Kilo weniger gew\u00fcnscht, so wie wahrscheinlich jede Frau. Wir sind nie zufrieden mit uns&#8230; Im Grunde genommen ist es eine Dummheit, was wir mit uns selbst machen&#8230; Aber ich merke jetzt im Moment, wo ich zugelegt habe, das ist woanders. Das hat mit dem Alter und Hormonen zu tun. Und manchmal f\u00fchle ich mich dann nicht in meiner Haut. <\/em><\/p>\n<p style=\"text-align: center;\"><i>In der Pflege ist es aber auch wirklich schwierig, weil wir so viele S\u00fc\u00dfigkeiten \u00fcberall haben. Wir kriegen viel zu viel geschenkt von den Leuten &#8211; die beschenken uns mit Geld und\u00a0Schokolade! Und das wird einfach nicht mehr so verarbeitet wie fr\u00fcher.\u00a0<\/i><i>Aber wirklich toll finde ich an mir nichts.&#8221;<\/i><\/p>\n<p style=\"text-align: center;\"><strong>&#8220;Gibt es etwas, was du heute an dir magst, womit du vor 20 oder 30 Jahren gehadert hast?&#8221;<\/strong><\/p>\n<p style=\"text-align: center;\"><em>&#8220;Nein, nein&#8230; ich glaube, ich bin immer die gleiche geblieben. Runter gefallen, wieder aufgestanden. Das ist mir \u00f6fter passiert. Aber ich war immer die gleiche. Der Kern ist immer da gewesen &#8211; und geblieben.&#8221;<\/em><\/p>\n<h3 style=\"text-align: center;\"><strong>Das Ergebnis von Nadia&#8217;s Fotoshooting im Fotoatelier Hohenkammer:<\/strong><\/h3>\n<div id='gallery-5' class='gallery galleryid-888 gallery-columns-3 gallery-size-full'><figure class='gallery-item'>\n\t\t\t<div class='gallery-icon portrait'>\n\t\t\t\t<img loading=\"lazy\" decoding=\"async\" width=\"314\" height=\"472\" src=\"https:\/\/www.sindiaboldt.de\/portraits\/wp-content\/uploads\/sites\/5\/2022\/01\/Portrait-Fotoshooting-Portraitfotograf-N.-Fotoatelier-Sindia-Boldt-26.jpg\" class=\"attachment-full size-full\" alt=\"Portrait Fotoshooting Portraitfotograf N. Fotoatelier Sindia Boldt 26\" srcset=\"https:\/\/www.sindiaboldt.de\/portraits\/wp-content\/uploads\/sites\/5\/2022\/01\/Portrait-Fotoshooting-Portraitfotograf-N.-Fotoatelier-Sindia-Boldt-26.jpg 314w, https:\/\/www.sindiaboldt.de\/portraits\/wp-content\/uploads\/sites\/5\/2022\/01\/Portrait-Fotoshooting-Portraitfotograf-N.-Fotoatelier-Sindia-Boldt-26-200x300.jpg 200w\" sizes=\"auto, (max-width: 314px) 100vw, 314px\" \/>\n\t\t\t<\/div><\/figure><figure class='gallery-item'>\n\t\t\t<div class='gallery-icon portrait'>\n\t\t\t\t<img loading=\"lazy\" decoding=\"async\" width=\"235\" height=\"354\" src=\"https:\/\/www.sindiaboldt.de\/portraits\/wp-content\/uploads\/sites\/5\/2022\/01\/Portrait-Fotoshooting-Portraitfotograf-N.-Fotoatelier-Sindia-Boldt-51.jpg\" class=\"attachment-full size-full\" alt=\"Portrait Fotoshooting Portraitfotograf N. Fotoatelier Sindia Boldt 51\" srcset=\"https:\/\/www.sindiaboldt.de\/portraits\/wp-content\/uploads\/sites\/5\/2022\/01\/Portrait-Fotoshooting-Portraitfotograf-N.-Fotoatelier-Sindia-Boldt-51.jpg 235w, https:\/\/www.sindiaboldt.de\/portraits\/wp-content\/uploads\/sites\/5\/2022\/01\/Portrait-Fotoshooting-Portraitfotograf-N.-Fotoatelier-Sindia-Boldt-51-199x300.jpg 199w\" sizes=\"auto, (max-width: 235px) 100vw, 235px\" \/>\n\t\t\t<\/div><\/figure><figure class='gallery-item'>\n\t\t\t<div class='gallery-icon portrait'>\n\t\t\t\t<img loading=\"lazy\" decoding=\"async\" width=\"210\" height=\"316\" src=\"https:\/\/www.sindiaboldt.de\/portraits\/wp-content\/uploads\/sites\/5\/2022\/01\/Portrait-Fotoshooting-Portraitfotograf-N.-Fotoatelier-Sindia-Boldt-61.jpg\" class=\"attachment-full size-full\" alt=\"Portrait Fotoshooting Portraitfotograf N. Fotoatelier Sindia Boldt 61\" srcset=\"https:\/\/www.sindiaboldt.de\/portraits\/wp-content\/uploads\/sites\/5\/2022\/01\/Portrait-Fotoshooting-Portraitfotograf-N.-Fotoatelier-Sindia-Boldt-61.jpg 210w, https:\/\/www.sindiaboldt.de\/portraits\/wp-content\/uploads\/sites\/5\/2022\/01\/Portrait-Fotoshooting-Portraitfotograf-N.-Fotoatelier-Sindia-Boldt-61-199x300.jpg 199w\" sizes=\"auto, (max-width: 210px) 100vw, 210px\" \/>\n\t\t\t<\/div><\/figure>\n\t\t<\/div>\n\n<hr \/>\n<h3><\/h3>\n","protected":false},"excerpt":{"rendered":"<p>40 Frauen \u00fcber 40 &#8211; Das Fotoprojekt &#8211; Teil 2: &nbsp; Michaela \/\/ Karin \/\/ Katja \/\/ Jutta \/\/ Nadia &#8211; Hier stellen wir Euch die Teilnehmerinnen unseres wundervollen Fotoprojekts 40 Frauen \u00fcber 40 etwas n\u00e4her vor. In diesem Teil: Michaela, 55, freie Rednerin Karin, 50, Personalbetreuerin Katja, 40, Erzieherin Jutta, 48, Immobilienmarklerin Nadia, 57, [&hellip;]<\/p>\n","protected":false},"author":1,"featured_media":970,"comment_status":"open","ping_status":"open","sticky":false,"template":"","format":"standard","meta":{"footnotes":""},"categories":[1],"tags":[],"class_list":{"0":"post-888","1":"post","2":"type-post","3":"status-publish","4":"format-standard","5":"has-post-thumbnail","7":"category-allgemein"},"yoast_head":"<!-- This site is optimized with the Yoast SEO plugin v26.8 - https:\/\/yoast.com\/product\/yoast-seo-wordpress\/ -->\n<title>40\u00fc40-Teil 2<\/title>\n<meta name=\"robots\" content=\"index, follow, max-snippet:-1, max-image-preview:large, max-video-preview:-1\" \/>\n<link rel=\"canonical\" href=\"https:\/\/www.sindiaboldt.de\/portraits\/40ue40-teil2\/\" \/>\n<meta property=\"og:locale\" content=\"de_DE\" \/>\n<meta property=\"og:type\" content=\"article\" \/>\n<meta property=\"og:title\" content=\"40\u00fc40-Teil 2\" \/>\n<meta property=\"og:description\" content=\"40 Frauen \u00fcber 40 &#8211; Das Fotoprojekt &#8211; Teil 2: &nbsp; Michaela \/\/ Karin \/\/ Katja \/\/ Jutta \/\/ Nadia &#8211; Hier stellen wir Euch die Teilnehmerinnen unseres wundervollen Fotoprojekts 40 Frauen \u00fcber 40 etwas n\u00e4her vor. In diesem Teil: Michaela, 55, freie Rednerin Karin, 50, Personalbetreuerin Katja, 40, Erzieherin Jutta, 48, Immobilienmarklerin Nadia, 57, [&hellip;]\" \/>\n<meta property=\"og:url\" content=\"https:\/\/www.sindiaboldt.de\/portraits\/40ue40-teil2\/\" \/>\n<meta property=\"og:site_name\" content=\"Portraits\" \/>\n<meta property=\"article:published_time\" content=\"2022-04-19T15:20:45+00:00\" \/>\n<meta property=\"article:modified_time\" content=\"2022-05-18T05:18:37+00:00\" \/>\n<meta property=\"og:image\" content=\"https:\/\/www.sindiaboldt.de\/portraits\/wp-content\/uploads\/sites\/5\/2022\/01\/Portrait-Fotograf-Fotostudio-Fotos-Fotoatelier-Hohenkammer-Sindia-Boldt-60.jpg\" \/>\n\t<meta property=\"og:image:width\" content=\"465\" \/>\n\t<meta property=\"og:image:height\" content=\"697\" \/>\n\t<meta property=\"og:image:type\" content=\"image\/jpeg\" \/>\n<meta name=\"author\" content=\"sindia\" \/>\n<meta name=\"twitter:card\" content=\"summary_large_image\" \/>\n<meta name=\"twitter:label1\" content=\"Verfasst von\" \/>\n\t<meta name=\"twitter:data1\" content=\"sindia\" \/>\n\t<meta name=\"twitter:label2\" content=\"Gesch\u00e4tzte Lesezeit\" \/>\n\t<meta name=\"twitter:data2\" content=\"19\u00a0Minuten\" \/>\n<script type=\"application\/ld+json\" class=\"yoast-schema-graph\">{\"@context\":\"https:\/\/schema.org\",\"@graph\":[{\"@type\":\"Article\",\"@id\":\"https:\/\/www.sindiaboldt.de\/portraits\/40ue40-teil2\/#article\",\"isPartOf\":{\"@id\":\"https:\/\/www.sindiaboldt.de\/portraits\/40ue40-teil2\/\"},\"author\":{\"name\":\"sindia\",\"@id\":\"https:\/\/www.sindiaboldt.de\/portraits\/#\/schema\/person\/13668cbe0f52c57a9402a6032226e58e\"},\"headline\":\"40\u00fc40-Teil 2\",\"datePublished\":\"2022-04-19T15:20:45+00:00\",\"dateModified\":\"2022-05-18T05:18:37+00:00\",\"mainEntityOfPage\":{\"@id\":\"https:\/\/www.sindiaboldt.de\/portraits\/40ue40-teil2\/\"},\"wordCount\":3190,\"commentCount\":0,\"image\":{\"@id\":\"https:\/\/www.sindiaboldt.de\/portraits\/40ue40-teil2\/#primaryimage\"},\"thumbnailUrl\":\"https:\/\/www.sindiaboldt.de\/portraits\/wp-content\/uploads\/sites\/5\/2022\/01\/Portrait-Fotograf-Fotostudio-Fotos-Fotoatelier-Hohenkammer-Sindia-Boldt-60.jpg\",\"inLanguage\":\"de\",\"potentialAction\":[{\"@type\":\"CommentAction\",\"name\":\"Comment\",\"target\":[\"https:\/\/www.sindiaboldt.de\/portraits\/40ue40-teil2\/#respond\"]}]},{\"@type\":\"WebPage\",\"@id\":\"https:\/\/www.sindiaboldt.de\/portraits\/40ue40-teil2\/\",\"url\":\"https:\/\/www.sindiaboldt.de\/portraits\/40ue40-teil2\/\",\"name\":\"40\u00fc40-Teil 2\",\"isPartOf\":{\"@id\":\"https:\/\/www.sindiaboldt.de\/portraits\/#website\"},\"primaryImageOfPage\":{\"@id\":\"https:\/\/www.sindiaboldt.de\/portraits\/40ue40-teil2\/#primaryimage\"},\"image\":{\"@id\":\"https:\/\/www.sindiaboldt.de\/portraits\/40ue40-teil2\/#primaryimage\"},\"thumbnailUrl\":\"https:\/\/www.sindiaboldt.de\/portraits\/wp-content\/uploads\/sites\/5\/2022\/01\/Portrait-Fotograf-Fotostudio-Fotos-Fotoatelier-Hohenkammer-Sindia-Boldt-60.jpg\",\"datePublished\":\"2022-04-19T15:20:45+00:00\",\"dateModified\":\"2022-05-18T05:18:37+00:00\",\"author\":{\"@id\":\"https:\/\/www.sindiaboldt.de\/portraits\/#\/schema\/person\/13668cbe0f52c57a9402a6032226e58e\"},\"breadcrumb\":{\"@id\":\"https:\/\/www.sindiaboldt.de\/portraits\/40ue40-teil2\/#breadcrumb\"},\"inLanguage\":\"de\",\"potentialAction\":[{\"@type\":\"ReadAction\",\"target\":[\"https:\/\/www.sindiaboldt.de\/portraits\/40ue40-teil2\/\"]}]},{\"@type\":\"ImageObject\",\"inLanguage\":\"de\",\"@id\":\"https:\/\/www.sindiaboldt.de\/portraits\/40ue40-teil2\/#primaryimage\",\"url\":\"https:\/\/www.sindiaboldt.de\/portraits\/wp-content\/uploads\/sites\/5\/2022\/01\/Portrait-Fotograf-Fotostudio-Fotos-Fotoatelier-Hohenkammer-Sindia-Boldt-60.jpg\",\"contentUrl\":\"https:\/\/www.sindiaboldt.de\/portraits\/wp-content\/uploads\/sites\/5\/2022\/01\/Portrait-Fotograf-Fotostudio-Fotos-Fotoatelier-Hohenkammer-Sindia-Boldt-60.jpg\",\"width\":465,\"height\":697,\"caption\":\"Portrait Fotograf Fotostudio Fotos Fotoatelier Hohenkammer Sindia Boldt 60\"},{\"@type\":\"BreadcrumbList\",\"@id\":\"https:\/\/www.sindiaboldt.de\/portraits\/40ue40-teil2\/#breadcrumb\",\"itemListElement\":[{\"@type\":\"ListItem\",\"position\":1,\"name\":\"Home\",\"item\":\"https:\/\/www.sindiaboldt.de\/portraits\/\"},{\"@type\":\"ListItem\",\"position\":2,\"name\":\"40\u00fc40-Teil 2\"}]},{\"@type\":\"WebSite\",\"@id\":\"https:\/\/www.sindiaboldt.de\/portraits\/#website\",\"url\":\"https:\/\/www.sindiaboldt.de\/portraits\/\",\"name\":\"Portraits\",\"description\":\"Eine weitere Sindia Boldt Photography Website\",\"potentialAction\":[{\"@type\":\"SearchAction\",\"target\":{\"@type\":\"EntryPoint\",\"urlTemplate\":\"https:\/\/www.sindiaboldt.de\/portraits\/?s={search_term_string}\"},\"query-input\":{\"@type\":\"PropertyValueSpecification\",\"valueRequired\":true,\"valueName\":\"search_term_string\"}}],\"inLanguage\":\"de\"},{\"@type\":\"Person\",\"@id\":\"https:\/\/www.sindiaboldt.de\/portraits\/#\/schema\/person\/13668cbe0f52c57a9402a6032226e58e\",\"name\":\"sindia\",\"image\":{\"@type\":\"ImageObject\",\"inLanguage\":\"de\",\"@id\":\"https:\/\/www.sindiaboldt.de\/portraits\/#\/schema\/person\/image\/\",\"url\":\"https:\/\/secure.gravatar.com\/avatar\/634be3b6facbe9cb0465d21b14b4dacd?s=96&d=mm&r=g\",\"contentUrl\":\"https:\/\/secure.gravatar.com\/avatar\/634be3b6facbe9cb0465d21b14b4dacd?s=96&d=mm&r=g\",\"caption\":\"sindia\"}}]}<\/script>\n<!-- \/ Yoast SEO plugin. -->","yoast_head_json":{"title":"40\u00fc40-Teil 2","robots":{"index":"index","follow":"follow","max-snippet":"max-snippet:-1","max-image-preview":"max-image-preview:large","max-video-preview":"max-video-preview:-1"},"canonical":"https:\/\/www.sindiaboldt.de\/portraits\/40ue40-teil2\/","og_locale":"de_DE","og_type":"article","og_title":"40\u00fc40-Teil 2","og_description":"40 Frauen \u00fcber 40 &#8211; Das Fotoprojekt &#8211; Teil 2: &nbsp; Michaela \/\/ Karin \/\/ Katja \/\/ Jutta \/\/ Nadia &#8211; Hier stellen wir Euch die Teilnehmerinnen unseres wundervollen Fotoprojekts 40 Frauen \u00fcber 40 etwas n\u00e4her vor. In diesem Teil: Michaela, 55, freie Rednerin Karin, 50, Personalbetreuerin Katja, 40, Erzieherin Jutta, 48, Immobilienmarklerin Nadia, 57, [&hellip;]","og_url":"https:\/\/www.sindiaboldt.de\/portraits\/40ue40-teil2\/","og_site_name":"Portraits","article_published_time":"2022-04-19T15:20:45+00:00","article_modified_time":"2022-05-18T05:18:37+00:00","og_image":[{"width":465,"height":697,"url":"https:\/\/www.sindiaboldt.de\/portraits\/wp-content\/uploads\/sites\/5\/2022\/01\/Portrait-Fotograf-Fotostudio-Fotos-Fotoatelier-Hohenkammer-Sindia-Boldt-60.jpg","type":"image\/jpeg"}],"author":"sindia","twitter_card":"summary_large_image","twitter_misc":{"Verfasst von":"sindia","Gesch\u00e4tzte Lesezeit":"19\u00a0Minuten"},"schema":{"@context":"https:\/\/schema.org","@graph":[{"@type":"Article","@id":"https:\/\/www.sindiaboldt.de\/portraits\/40ue40-teil2\/#article","isPartOf":{"@id":"https:\/\/www.sindiaboldt.de\/portraits\/40ue40-teil2\/"},"author":{"name":"sindia","@id":"https:\/\/www.sindiaboldt.de\/portraits\/#\/schema\/person\/13668cbe0f52c57a9402a6032226e58e"},"headline":"40\u00fc40-Teil 2","datePublished":"2022-04-19T15:20:45+00:00","dateModified":"2022-05-18T05:18:37+00:00","mainEntityOfPage":{"@id":"https:\/\/www.sindiaboldt.de\/portraits\/40ue40-teil2\/"},"wordCount":3190,"commentCount":0,"image":{"@id":"https:\/\/www.sindiaboldt.de\/portraits\/40ue40-teil2\/#primaryimage"},"thumbnailUrl":"https:\/\/www.sindiaboldt.de\/portraits\/wp-content\/uploads\/sites\/5\/2022\/01\/Portrait-Fotograf-Fotostudio-Fotos-Fotoatelier-Hohenkammer-Sindia-Boldt-60.jpg","inLanguage":"de","potentialAction":[{"@type":"CommentAction","name":"Comment","target":["https:\/\/www.sindiaboldt.de\/portraits\/40ue40-teil2\/#respond"]}]},{"@type":"WebPage","@id":"https:\/\/www.sindiaboldt.de\/portraits\/40ue40-teil2\/","url":"https:\/\/www.sindiaboldt.de\/portraits\/40ue40-teil2\/","name":"40\u00fc40-Teil 2","isPartOf":{"@id":"https:\/\/www.sindiaboldt.de\/portraits\/#website"},"primaryImageOfPage":{"@id":"https:\/\/www.sindiaboldt.de\/portraits\/40ue40-teil2\/#primaryimage"},"image":{"@id":"https:\/\/www.sindiaboldt.de\/portraits\/40ue40-teil2\/#primaryimage"},"thumbnailUrl":"https:\/\/www.sindiaboldt.de\/portraits\/wp-content\/uploads\/sites\/5\/2022\/01\/Portrait-Fotograf-Fotostudio-Fotos-Fotoatelier-Hohenkammer-Sindia-Boldt-60.jpg","datePublished":"2022-04-19T15:20:45+00:00","dateModified":"2022-05-18T05:18:37+00:00","author":{"@id":"https:\/\/www.sindiaboldt.de\/portraits\/#\/schema\/person\/13668cbe0f52c57a9402a6032226e58e"},"breadcrumb":{"@id":"https:\/\/www.sindiaboldt.de\/portraits\/40ue40-teil2\/#breadcrumb"},"inLanguage":"de","potentialAction":[{"@type":"ReadAction","target":["https:\/\/www.sindiaboldt.de\/portraits\/40ue40-teil2\/"]}]},{"@type":"ImageObject","inLanguage":"de","@id":"https:\/\/www.sindiaboldt.de\/portraits\/40ue40-teil2\/#primaryimage","url":"https:\/\/www.sindiaboldt.de\/portraits\/wp-content\/uploads\/sites\/5\/2022\/01\/Portrait-Fotograf-Fotostudio-Fotos-Fotoatelier-Hohenkammer-Sindia-Boldt-60.jpg","contentUrl":"https:\/\/www.sindiaboldt.de\/portraits\/wp-content\/uploads\/sites\/5\/2022\/01\/Portrait-Fotograf-Fotostudio-Fotos-Fotoatelier-Hohenkammer-Sindia-Boldt-60.jpg","width":465,"height":697,"caption":"Portrait Fotograf Fotostudio Fotos Fotoatelier Hohenkammer Sindia Boldt 60"},{"@type":"BreadcrumbList","@id":"https:\/\/www.sindiaboldt.de\/portraits\/40ue40-teil2\/#breadcrumb","itemListElement":[{"@type":"ListItem","position":1,"name":"Home","item":"https:\/\/www.sindiaboldt.de\/portraits\/"},{"@type":"ListItem","position":2,"name":"40\u00fc40-Teil 2"}]},{"@type":"WebSite","@id":"https:\/\/www.sindiaboldt.de\/portraits\/#website","url":"https:\/\/www.sindiaboldt.de\/portraits\/","name":"Portraits","description":"Eine weitere Sindia Boldt Photography Website","potentialAction":[{"@type":"SearchAction","target":{"@type":"EntryPoint","urlTemplate":"https:\/\/www.sindiaboldt.de\/portraits\/?s={search_term_string}"},"query-input":{"@type":"PropertyValueSpecification","valueRequired":true,"valueName":"search_term_string"}}],"inLanguage":"de"},{"@type":"Person","@id":"https:\/\/www.sindiaboldt.de\/portraits\/#\/schema\/person\/13668cbe0f52c57a9402a6032226e58e","name":"sindia","image":{"@type":"ImageObject","inLanguage":"de","@id":"https:\/\/www.sindiaboldt.de\/portraits\/#\/schema\/person\/image\/","url":"https:\/\/secure.gravatar.com\/avatar\/634be3b6facbe9cb0465d21b14b4dacd?s=96&d=mm&r=g","contentUrl":"https:\/\/secure.gravatar.com\/avatar\/634be3b6facbe9cb0465d21b14b4dacd?s=96&d=mm&r=g","caption":"sindia"}}]}},"_links":{"self":[{"href":"https:\/\/www.sindiaboldt.de\/portraits\/wp-json\/wp\/v2\/posts\/888","targetHints":{"allow":["GET"]}}],"collection":[{"href":"https:\/\/www.sindiaboldt.de\/portraits\/wp-json\/wp\/v2\/posts"}],"about":[{"href":"https:\/\/www.sindiaboldt.de\/portraits\/wp-json\/wp\/v2\/types\/post"}],"author":[{"embeddable":true,"href":"https:\/\/www.sindiaboldt.de\/portraits\/wp-json\/wp\/v2\/users\/1"}],"replies":[{"embeddable":true,"href":"https:\/\/www.sindiaboldt.de\/portraits\/wp-json\/wp\/v2\/comments?post=888"}],"version-history":[{"count":0,"href":"https:\/\/www.sindiaboldt.de\/portraits\/wp-json\/wp\/v2\/posts\/888\/revisions"}],"wp:featuredmedia":[{"embeddable":true,"href":"https:\/\/www.sindiaboldt.de\/portraits\/wp-json\/wp\/v2\/media\/970"}],"wp:attachment":[{"href":"https:\/\/www.sindiaboldt.de\/portraits\/wp-json\/wp\/v2\/media?parent=888"}],"wp:term":[{"taxonomy":"category","embeddable":true,"href":"https:\/\/www.sindiaboldt.de\/portraits\/wp-json\/wp\/v2\/categories?post=888"},{"taxonomy":"post_tag","embeddable":true,"href":"https:\/\/www.sindiaboldt.de\/portraits\/wp-json\/wp\/v2\/tags?post=888"}],"curies":[{"name":"wp","href":"https:\/\/api.w.org\/{rel}","templated":true}]}}