{"id":942,"date":"2022-04-19T17:27:02","date_gmt":"2022-04-19T15:27:02","guid":{"rendered":"https:\/\/www.sindiaboldt.de\/portraits\/?p=942"},"modified":"2022-05-21T11:58:21","modified_gmt":"2022-05-21T09:58:21","slug":"40ue40-teil-3","status":"publish","type":"post","link":"https:\/\/www.sindiaboldt.de\/portraits\/40ue40-teil-3\/","title":{"rendered":"40\u00fc40-Teil 3"},"content":{"rendered":"<h1 style=\"text-align: center;\">40 Frauen \u00fcber 40 &#8211; Das Fotoprojekt &#8211; Teil 3:<\/h1>\n<p><img loading=\"lazy\" decoding=\"async\" class=\"aligncenter size-full wp-image-627\" title=\"Portraits Studio Sindia Boldt Photography Mu\u0308nchen 44 750x500 1\" src=\"https:\/\/www.sindiaboldt.de\/portraits\/wp-content\/uploads\/sites\/5\/2021\/09\/Portraits-Studio-Sindia-Boldt-Photography-Mu\u0308nchen-44-750x500-1.jpg\" alt=\"Portraits Studio Sindia Boldt Photography Mu\u0308nchen 44 750x500 1\" width=\"750\" height=\"500\" srcset=\"https:\/\/www.sindiaboldt.de\/portraits\/wp-content\/uploads\/sites\/5\/2021\/09\/Portraits-Studio-Sindia-Boldt-Photography-Mu\u0308nchen-44-750x500-1.jpg 750w, https:\/\/www.sindiaboldt.de\/portraits\/wp-content\/uploads\/sites\/5\/2021\/09\/Portraits-Studio-Sindia-Boldt-Photography-Mu\u0308nchen-44-750x500-1-300x200.jpg 300w\" sizes=\"auto, (max-width: 750px) 100vw, 750px\" \/><\/p>\n<p>&nbsp;<\/p>\n<p style=\"text-align: center;\">Romy \/\/ Rosemarie \/\/ Annette \/\/ Tanja \/\/ Susan &#8211;<\/p>\n<p style=\"text-align: center;\">Hier stellen wir Euch die Teilnehmerinnen unseres wundervollen <a href=\"https:\/\/www.sindiaboldt.de\/portraits\/40-ueber-40\/\">Fotoprojekts 40 Frauen \u00fcber 40<\/a> etwas n\u00e4her vor. In diesem Teil:<\/p>\n<h3 style=\"text-align: center;\">Romy, 45, K\u00e4mmerin, Aktivistin f\u00fcr Frauenrechte, 2 Kinder, verheiratet<\/h3>\n<h3 style=\"text-align: center;\">Rosemarie, 73, Bankkauffrau in Pension, 2 Kinder, verheiratet<\/h3>\n<h3 style=\"text-align: center;\">Annette, 57, Projektleiterin<\/h3>\n<h3 style=\"text-align: center;\">Tanja, 54, Rechtsanw\u00e4ltin, 2 S\u00f6hne, verheiratet<\/h3>\n<h3 style=\"text-align: center;\">Susan, 40, Mitarbeiterin in der Personalentwicklung, 2 T\u00f6chter, verheiratet<\/h3>\n<hr \/>\n<h3><\/h3>\n<h2 style=\"text-align: center;\">Romy, 45, K\u00e4mmerin, Aktivistin f\u00fcr Frauenrechte, 2 Kinder, verheiratet<\/h2>\n<p style=\"text-align: center;\">ROMY HAT NACH IHREN JUNGEN JAHREN, IN DENEN SIE TEILWEISE AN SICH GEZWEIFELT HAT, MIT DER ZEIT DIE LIEBE UND AKZEPTANZ F\u00dcR SICH SELBST UND IHRE WEIBLICHKEIT GEFUNDEN. SIE IST EINE WUNDERBARE STARKE FRAU UND HAT NACH LANGJ\u00c4HRIGER GEWALTERFAHRUNG SO VIEL KRAFT UND MUT AUFGEBRACHT SICH SELBST AUS DIESER SITUATION ZU BEFREIEN UND ARBEITET JETZT ALS AKTIVISTIN F\u00dcR FRAUENRECHTE U.A. F\u00dcR TERRE DES FEMMES, ONE BILLION RISING, UN WOMEN, UNIDAS UND VER\u00d6FFENTLICHT IM HEYDEY MAGAZIN SOWIE BEI &#8220;ROMYS TALK&#8221;<\/p>\n<p style=\"text-align: center;\"><img loading=\"lazy\" decoding=\"async\" class=\"aligncenter wp-image-992 size-full\" title=\"Gaby Troetschel vorher\" src=\"https:\/\/www.sindiaboldt.de\/portraits\/wp-content\/uploads\/sites\/5\/2022\/02\/RomyStangl.jpg\" alt=\"RomyStangl\" width=\"581\" height=\"871\" srcset=\"https:\/\/www.sindiaboldt.de\/portraits\/wp-content\/uploads\/sites\/5\/2022\/02\/RomyStangl.jpg 581w, https:\/\/www.sindiaboldt.de\/portraits\/wp-content\/uploads\/sites\/5\/2022\/02\/RomyStangl-200x300.jpg 200w\" sizes=\"auto, (max-width: 581px) 100vw, 581px\" \/><\/p>\n<p style=\"text-align: center;\"><strong> Hier mehr Infos \u00fcber Romy (45, K\u00e4mmerin, Aktivistin f\u00fcr Frauenrechte, 2 Kinder, verheiratet):<\/strong><\/p>\n<p style=\"text-align: center;\">Romy ist eine Frau, die in ihrem Leben eine gro\u00dfe Entwicklung durchgemacht hat. Von einer jungen Frau, die versucht hat, nicht aufzufallen und in die Gesellschaft hineinzupassen ist sie zu einer Frau geworden, die wei\u00df, was sie will und es auch akzeptiert, Menschen gehen zu lassen, wenn diese ihr nicht mehr guttun.<\/p>\n<p style=\"text-align: center;\">Romy ist Mutter zweier Kinder, was sie keineswegs als Aufgabe, sondern als gro\u00dfes Privileg sieht. Sie arbeitet in der K\u00e4mmerei, was ihr die Balance zwischen sozialer Arbeit und der N\u00e4he zur Familie ohne langen Arbeitsweg erm\u00f6glicht. Ihr liegt N\u00e4chstenliebe sehr am Herzen &#8211; vor allem Kinder und Frauen unterst\u00fctzt sie aktiv.<\/p>\n<p style=\"text-align: center;\"><strong>&#8220;Was bedeutet denn f\u00fcr dich, liebe Romy, Sch\u00f6nheit?&#8221;<\/strong><\/p>\n<p style=\"text-align: center;\"><i>&#8220;Das\u00a0ist eine\u00a0sehr komplexe und gute Frage. Der Begriff &#8216;Sch\u00f6nheit&#8217; entwickelt sich mit den Jahren weiter. Mit 20 definiert man &#8216;Sch\u00f6nheit&#8217; noch in \u00e4u\u00dferlichen Dingen, also in &#8216;Wie erscheine ich nach au\u00dfen? Wie nimmt mich die Gesellschaft wahr? Werde ich den Dingen gerecht und passe mich an?&#8217;. Sch\u00f6nheit bedeutet f\u00fcr mich, frei zu sein. Sich auf das zu besinnen, was ich bin und das auch zu leben, ohne irgendwas zu verstecken. Es hat nicht nur was mit der H\u00fclle. Man sagt so sch\u00f6n &#8216;Aus einer leeren Sch\u00fcssel kann man nicht essen, und selbst wenn sie noch so sch\u00f6n ist.&#8217; Das hei\u00dft, f\u00fcr mich geht Liebe und Sch\u00f6nheit einher. Wenn man Liebe und Menschlichkeit im Herzen tr\u00e4gt, scheint die Sch\u00f6nheit\u00a0von innen heraus.&#8221;<\/i><\/p>\n<p style=\"text-align: center;\"><strong>&#8220;Gibt es etwas, was du heute an dir magst, womit du vor 20, 30 Jahren gehadert hast und umgekehrt?&#8221;<\/strong><\/p>\n<p style=\"text-align: center;\"><em>&#8220;Ich w\u00fcrde mit dem Positiven anfangen, was ich sch\u00e4tze: dass ich meine Weiblichkeit nicht nur k\u00f6rperlich, sondern auch seelisch entdeckt habe und lebe und dazu stehe und es nicht versuche, zu verstecken, sondern einfach zu sagen: &#8216;Das ist jetzt so.&#8217;. Nicht mehr so wie fr\u00fcher, wo man gedacht hat, man m\u00fcsste super schlank sein und die Norm erf\u00fcllen. Ich denke, mich zeichnen viele Dinge aus, die ich im Inneren trage und das h\u00e4tte ich fr\u00fcher nicht so gesehen. Da war f\u00fcr mich wichtig, dazu zu geh\u00f6ren und gesehen zu werden und perfekt zu sein.\u00a0<\/em><\/p>\n<p style=\"text-align: center;\"><i>Was ich aus der Jugend gerne h\u00e4tte, ist manchmal die Unbedarftheit. Das hei\u00dft, jetzt im Alter ist man manchmal so in seinen Schemata gefangen, dass man nicht mehr wirklich diesen Freigeist lebt, den man als junge Frau hat, sondern da fast schon wieder einen Schritt zur\u00fcckgeht. Dieses Spontane\u00a0fehlt einfach. Im Alter ist man so\u00a0verkopft, dass man alles zweimal \u00fcberdenkt. Damals hat man einfach gemacht &#8211; wenn ich Lust hatte, zu malen oder drau\u00dfen zu tanzen, habe ich das gemacht. Heute, wenn ich etwas tue, was meiner Seele guttut, denke ich sofort, ich bin faul.&#8221;<\/i><\/p>\n<p style=\"text-align: center;\"><strong>&#8220;Wann warst du mal besonders mutig?&#8221;<\/strong><\/p>\n<p style=\"text-align: center;\"><i>&#8220;Da waren mehrere Situationen. Mutig war f\u00fcr mich die Situation, offenen Herzens mich verabschieden zu k\u00f6nnen. Das hei\u00dft, sagen zu k\u00f6nnen: &#8216;Nein, diesen Menschen m\u00f6chte ich\u00a0jetzt nicht mehr in meinem Leben haben.&#8217; und bewusst zu sagen: &#8216;Du gehst jetzt den Weg und ich den anderen.&#8217;. Das war f\u00fcr mich menschlicher Mut.\u00a0<\/i><\/p>\n<p style=\"text-align: center;\"><em>Die zweite mutige Situation&#8230; ich habe H\u00f6henangst und es war in jungen Jahren f\u00fcr mich eine gro\u00dfe \u00dcberwindung, in den Hochseilgarten zu gehen. Das war f\u00fcr mich mutig zu sagen, dass ich das jetzt mache. Ich war zwar schwei\u00dfnass danach und habe auch geweint, aber ich habe es gemacht und es war eine gute Erfahrung.\u00a0<\/em><\/p>\n<p style=\"text-align: center;\"><em>Jetzt finde ich es mutig, seine Meinung zu sagen, zu dem zu stehen, was du f\u00fchlst und klar auszusprechen, was du m\u00f6chtest und nicht m\u00f6chtest.&#8221;<\/em><\/p>\n<p style=\"text-align: center;\"><strong>&#8220;Was magst du denn an dir besonders?&#8221;<\/strong><\/p>\n<p style=\"text-align: center;\"><em>&#8220;Was mag ich \u00e4u\u00dferlich? Meine Augen, weil ich mit ihnen sehr viel ausdr\u00fccken und sehen kann. Ich mag meine Stimme und ich mag meine H\u00e4nde. Das sind alles Dinge, die gewachsen sind &#8211; ich hatte fr\u00fcher eine sehr leise Stimme, meine Augen waren gef\u00fchlt geschlossen und haben sich jetzt \u00f6ffnen d\u00fcrfen. Innerlich mag ich mein gro\u00dfes Herz, weil das das ist, was mich ausmacht und dem ich auch folge &#8211; und meinem Bauchgef\u00fchl.&#8221;<\/em><\/p>\n<h3 style=\"text-align: center;\"><strong>Das Ergebnis von Romy&#8217;s Fotoshooting im Fotoatelier Hohenkammer:<\/strong><\/h3>\n<div id='gallery-1' class='gallery galleryid-942 gallery-columns-3 gallery-size-full'><figure class='gallery-item'>\n\t\t\t<div class='gallery-icon portrait'>\n\t\t\t\t<img loading=\"lazy\" decoding=\"async\" width=\"192\" height=\"288\" src=\"https:\/\/www.sindiaboldt.de\/portraits\/wp-content\/uploads\/sites\/5\/2022\/02\/Portrait-Fotograf-Beauty-Fotoshooting-Fotoatelier-Hohenkammer-Sindia-Boldt-21.jpg\" class=\"attachment-full size-full\" alt=\"Portrait Fotograf Beauty Fotoshooting Fotoatelier Hohenkammer Sindia Boldt 21\" \/>\n\t\t\t<\/div><\/figure><figure class='gallery-item'>\n\t\t\t<div class='gallery-icon portrait'>\n\t\t\t\t<img loading=\"lazy\" decoding=\"async\" width=\"205\" height=\"308\" src=\"https:\/\/www.sindiaboldt.de\/portraits\/wp-content\/uploads\/sites\/5\/2022\/02\/Portrait-Fotograf-Beauty-Fotoshooting-Fotoatelier-Hohenkammer-Sindia-Boldt-77.jpg\" class=\"attachment-full size-full\" alt=\"Portrait Fotograf Beauty Fotoshooting Fotoatelier Hohenkammer Sindia Boldt 77\" srcset=\"https:\/\/www.sindiaboldt.de\/portraits\/wp-content\/uploads\/sites\/5\/2022\/02\/Portrait-Fotograf-Beauty-Fotoshooting-Fotoatelier-Hohenkammer-Sindia-Boldt-77.jpg 205w, https:\/\/www.sindiaboldt.de\/portraits\/wp-content\/uploads\/sites\/5\/2022\/02\/Portrait-Fotograf-Beauty-Fotoshooting-Fotoatelier-Hohenkammer-Sindia-Boldt-77-200x300.jpg 200w\" sizes=\"auto, (max-width: 205px) 100vw, 205px\" \/>\n\t\t\t<\/div><\/figure><figure class='gallery-item'>\n\t\t\t<div class='gallery-icon portrait'>\n\t\t\t\t<img loading=\"lazy\" decoding=\"async\" width=\"274\" height=\"411\" src=\"https:\/\/www.sindiaboldt.de\/portraits\/wp-content\/uploads\/sites\/5\/2022\/02\/Portrait-Fotograf-Beauty-Fotoshooting-Fotoatelier-Hohenkammer-Sindia-Boldt-125.jpg\" class=\"attachment-full size-full\" alt=\"Portrait Fotograf Beauty Fotoshooting Fotoatelier Hohenkammer Sindia Boldt 125\" srcset=\"https:\/\/www.sindiaboldt.de\/portraits\/wp-content\/uploads\/sites\/5\/2022\/02\/Portrait-Fotograf-Beauty-Fotoshooting-Fotoatelier-Hohenkammer-Sindia-Boldt-125.jpg 274w, https:\/\/www.sindiaboldt.de\/portraits\/wp-content\/uploads\/sites\/5\/2022\/02\/Portrait-Fotograf-Beauty-Fotoshooting-Fotoatelier-Hohenkammer-Sindia-Boldt-125-200x300.jpg 200w\" sizes=\"auto, (max-width: 274px) 100vw, 274px\" \/>\n\t\t\t<\/div><\/figure>\n\t\t<\/div>\n\n<hr \/>\n<p>&nbsp;<\/p>\n<h2 style=\"text-align: center;\">Rosemarie, 73, Bankkauffrau in Pension, 2 Kinder, verheiratet<\/h2>\n<p style=\"text-align: center;\">ROSEMARIE MELDETE SICH AM FOTOSHOOTING AN, NACHDEM IHRE FRISEURIN MIT IHR EIN SOLCHES DURCHGEF\u00dcHRT HATTE UND SIE DIE PROFESSIONELLEN BILDER TOLL FAND.<\/p>\n<p style=\"text-align: center;\"><img loading=\"lazy\" decoding=\"async\" class=\"aligncenter wp-image-1091 size-full\" title=\"Gaby Troetschel vorher\" src=\"https:\/\/www.sindiaboldt.de\/portraits\/wp-content\/uploads\/sites\/5\/2022\/03\/WhatsApp-Image-2022-03-25-at-10.49.20-AM.jpeg\" alt=\"WhatsApp Image 2022 03 25 at 10.49.20 AM\" width=\"461\" height=\"755\" srcset=\"https:\/\/www.sindiaboldt.de\/portraits\/wp-content\/uploads\/sites\/5\/2022\/03\/WhatsApp-Image-2022-03-25-at-10.49.20-AM.jpeg 461w, https:\/\/www.sindiaboldt.de\/portraits\/wp-content\/uploads\/sites\/5\/2022\/03\/WhatsApp-Image-2022-03-25-at-10.49.20-AM-183x300.jpeg 183w\" sizes=\"auto, (max-width: 461px) 100vw, 461px\" \/><\/p>\n<p style=\"text-align: center;\"><strong>Hier mehr Infos \u00fcber Rose (73, Bankkauffrau in Pension, 2 Kinder, verheiratet):<\/strong><\/p>\n<p style=\"text-align: center;\">Rosemarie wird von den meisten Rose genannt. Sie ist verheiratet, hat zwei Kinder und f\u00fcnf Enkelkinder und genie\u00dft ihren Ruhestand nach vielen Jahren als Bankkauffrau. Ihre Enkelkinder w\u00fcrde sie gerne \u00f6fter sehen, wei\u00df jedoch, dass das aufgrund der Entfernung sowie ihren vielbesch\u00e4ftigten Kindern schwierig ist.<\/p>\n<p style=\"text-align: center;\">Daher verbringt Rose ihre Freizeit gerne mit Yoga, Fitnesstraining im Sportstudio sowie Walking und Singen. Wirklich zur Ruhe kommen tut sie dabei aber nicht&#8230;:<\/p>\n<p style=\"text-align: center;\"><strong>&#8220;Was ist f\u00fcr\u00a0dich das Beste am \u00c4lterwerden?&#8221;<\/strong><\/p>\n<p style=\"text-align: center;\"><em>&#8220;Das Beste am \u00c4lterwerden&#8230; die Zeit, die man hat, die Freizeit. Aber man f\u00fcllt die Freizeit auch ganz schnell und dann hat man wieder keine Zeit. Man denkt, man hat ja Zeit und dann sagt man \u00fcberall &#8216;Ja&#8217; und macht Termine. Wenn man dann in den Kalender schaut, dann ist der voll. Die Oma hat immer gesagt: &#8216;Wir mussten fr\u00fcher alles mit Hand waschen. Ihr habt die Maschinen.&#8217;. Ich denke aber eher, wenn die Maschinen arbeiten, machen wir schon wieder was neues, was anderes.&#8221;<\/em><i><\/i><\/p>\n<p style=\"text-align: center;\"><strong>&#8220;Was ist f\u00fcr dich Sch\u00f6nheit?&#8221;<\/strong><\/p>\n<p style=\"text-align: center;\"><i>&#8220;Ausstrahlung. Sch\u00f6nheit in der Natur bedeutet mir sehr viel. Auch Ordnung, Symmetrie finde ich sch\u00f6n.&#8221;<\/i><\/p>\n<p style=\"text-align: center;\"><strong>&#8220;Du hast gerade von Ausstrahlung geredet. Das bezog sich wahrscheinlich auf Menschen. Wie w\u00fcrdest du denn einen sch\u00f6nen Menschen definieren?&#8221;<\/strong><\/p>\n<p style=\"text-align: center;\"><i>&#8220;Das ist das, was r\u00fcberkommt, die Ausstrahlung. Wenn mein Mann und ich beispielsweise spazieren gehen oder gem\u00fctlich beieinander sitzen und ich einen tollen Mann, eine tolle Frau sehe, sage ich immer: &#8216;Guck mal, die sieht\u00a0doch toll aus!&#8217; oder &#8216;Hat die sch\u00f6ne Beine!&#8217;. Das ist alles das, was ich sch\u00f6n finde &#8211; das, was ich nicht habe.&#8221;<\/i><\/p>\n<p style=\"text-align: center;\"><strong>&#8220;Gibt es etwas, das du heute an dir magst,\u00a0was du fr\u00fcher nicht mochtest?&#8221;<\/strong><\/p>\n<p style=\"text-align: center;\"><em>&#8220;Gehadert habe ich eigentlich nur daran, &#8211; bl\u00f6derweise! &#8211; dass ich gemeint hab, ich bin zu dick. Und dann war ich irgendwann 50 oder 60 habe ich Bilder gesehen, wo ich j\u00fcnger war, mit 40 oder 30. Und dann habe ich mir gedacht: &#8216;Ich war doch nie dick!&#8217; Wie bl\u00f6d kann man sein! Das zieht sich aber durch: das ist mein falsches Selbstbild und ich wei\u00df das, aber bekomme es irgendwie nicht ganz raus.&#8221;<\/em><\/p>\n<p style=\"text-align: center;\"><strong>&#8220;Wenn du dich selber f\u00fcr 30 Sekunden in der Vergangenheit anrufen k\u00f6nntest, zu einem willk\u00fcrlichen Zeitpunkt, was w\u00fcrdest du dir\u00a0sagen?&#8221;<\/strong><\/p>\n<p style=\"text-align: center;\"><i>&#8220;Ich wei\u00df nicht, zu welcher Zeit ich mich anrufen soll, aber es gab einen\u00a0Zeitpunkt, an dem ich begriffen\u00a0habe, dass dieses vergleichen und werten schlecht ist. Dass ich mehr Urvertrauen haben muss und m\u00f6chte. Und seit ich das praktiziere, etwa seit dem Alter von 65, merke ich, dass das einfach wirkt. Ich kann den anderen\u00a0nicht \u00e4ndern, nur mich oder meine Einstellung. Und seit ich das so verinnerlicht habe, geht es mir eigentlich besser.&#8221;<\/i><\/p>\n<p style=\"text-align: center;\"><strong>Das Ergebnis von Rose&#8217;s Fotoshooting im Fotoatelier Hohenkammer:<\/strong><\/p>\n<div id='gallery-2' class='gallery galleryid-942 gallery-columns-3 gallery-size-full'><figure class='gallery-item'>\n\t\t\t<div class='gallery-icon portrait'>\n\t\t\t\t<img loading=\"lazy\" decoding=\"async\" width=\"581\" height=\"871\" src=\"https:\/\/www.sindiaboldt.de\/portraits\/wp-content\/uploads\/sites\/5\/2022\/03\/Portrait-Fotoshooting-Portraitfotograf-Fotoatelier-Sindia-Boldt-6.jpg\" class=\"attachment-full size-full\" alt=\"Portrait Fotoshooting Portraitfotograf Fotoatelier Sindia Boldt 6\" srcset=\"https:\/\/www.sindiaboldt.de\/portraits\/wp-content\/uploads\/sites\/5\/2022\/03\/Portrait-Fotoshooting-Portraitfotograf-Fotoatelier-Sindia-Boldt-6.jpg 581w, https:\/\/www.sindiaboldt.de\/portraits\/wp-content\/uploads\/sites\/5\/2022\/03\/Portrait-Fotoshooting-Portraitfotograf-Fotoatelier-Sindia-Boldt-6-200x300.jpg 200w\" sizes=\"auto, (max-width: 581px) 100vw, 581px\" \/>\n\t\t\t<\/div><\/figure><figure class='gallery-item'>\n\t\t\t<div class='gallery-icon portrait'>\n\t\t\t\t<img loading=\"lazy\" decoding=\"async\" width=\"465\" height=\"697\" src=\"https:\/\/www.sindiaboldt.de\/portraits\/wp-content\/uploads\/sites\/5\/2022\/03\/Portrait-Fotoshooting-Portraitfotograf-Fotoatelier-Sindia-Boldt-13.jpg\" class=\"attachment-full size-full\" alt=\"Portrait Fotoshooting Portraitfotograf Fotoatelier Sindia Boldt 13\" srcset=\"https:\/\/www.sindiaboldt.de\/portraits\/wp-content\/uploads\/sites\/5\/2022\/03\/Portrait-Fotoshooting-Portraitfotograf-Fotoatelier-Sindia-Boldt-13.jpg 465w, https:\/\/www.sindiaboldt.de\/portraits\/wp-content\/uploads\/sites\/5\/2022\/03\/Portrait-Fotoshooting-Portraitfotograf-Fotoatelier-Sindia-Boldt-13-200x300.jpg 200w\" sizes=\"auto, (max-width: 465px) 100vw, 465px\" \/>\n\t\t\t<\/div><\/figure><figure class='gallery-item'>\n\t\t\t<div class='gallery-icon portrait'>\n\t\t\t\t<img loading=\"lazy\" decoding=\"async\" width=\"418\" height=\"627\" src=\"https:\/\/www.sindiaboldt.de\/portraits\/wp-content\/uploads\/sites\/5\/2022\/03\/Portrait-Fotoshooting-Portraitfotograf-Fotoatelier-Sindia-Boldt-19.jpg\" class=\"attachment-full size-full\" alt=\"Portrait Fotoshooting Portraitfotograf Fotoatelier Sindia Boldt 19\" srcset=\"https:\/\/www.sindiaboldt.de\/portraits\/wp-content\/uploads\/sites\/5\/2022\/03\/Portrait-Fotoshooting-Portraitfotograf-Fotoatelier-Sindia-Boldt-19.jpg 418w, https:\/\/www.sindiaboldt.de\/portraits\/wp-content\/uploads\/sites\/5\/2022\/03\/Portrait-Fotoshooting-Portraitfotograf-Fotoatelier-Sindia-Boldt-19-200x300.jpg 200w\" sizes=\"auto, (max-width: 418px) 100vw, 418px\" \/>\n\t\t\t<\/div><\/figure>\n\t\t<\/div>\n\n<hr \/>\n<h2><\/h2>\n<h2 style=\"text-align: center;\">Annette, 57, Projektleiterin, verheiratet<\/h2>\n<p style=\"text-align: center;\">ANNETTE HAT W\u00c4HREND UND NACH DEM SHOOTING EINE GANZ NEUE SEITE VON SICH KENNENLERNEN D\u00dcRFEN.<\/p>\n<p style=\"text-align: center;\"><img loading=\"lazy\" decoding=\"async\" class=\"aligncenter wp-image-1007 size-full\" title=\"Gaby Troetschel vorher\" src=\"https:\/\/www.sindiaboldt.de\/portraits\/wp-content\/uploads\/sites\/5\/2022\/03\/Annette-Muellverstedt_Vorher.jpg\" alt=\"Annette Muellverstedt Vorher\" width=\"474\" height=\"597\" srcset=\"https:\/\/www.sindiaboldt.de\/portraits\/wp-content\/uploads\/sites\/5\/2022\/03\/Annette-Muellverstedt_Vorher.jpg 474w, https:\/\/www.sindiaboldt.de\/portraits\/wp-content\/uploads\/sites\/5\/2022\/03\/Annette-Muellverstedt_Vorher-238x300.jpg 238w\" sizes=\"auto, (max-width: 474px) 100vw, 474px\" \/><\/p>\n<p style=\"text-align: center;\"><strong>Hier mehr Infos \u00fcber Annette (57, Projektleiterin, verheiratet):<\/strong><\/p>\n<p style=\"text-align: center;\">Annette wollte schon immer frei sein und ihr Leben mit ihrem Partner gestalten k\u00f6nnen &#8211; was ihr auch gelungen ist. Sie arbeitet als Projektleiterin im IT-Bereich und verbringt ihre Freizeit viel mit Reisen gemeinsam mit ihrem Mann. Sie gehen gerne Bergsteigen und planen derzeit noch eine Reise durch ganz Europa in einem Bulli.<\/p>\n<p style=\"text-align: center;\">Durch das Fotoshooting hat sie bemerkt, dass es nicht nur &#8216;diese eine Annette&#8217; gibt, sondern, dass sie viele verschiedene Facetten hat&#8230;:<\/p>\n<p style=\"text-align: center;\"><strong>&#8220;Wie fandest du das\u00a0Fotoshooting? Hat es dir gefallen? Hast du dich wohlgef\u00fchlt?&#8221;<\/strong><\/p>\n<p style=\"text-align: center;\"><i>&#8220;Ich fand&#8217;s super. Ganz tolle\u00a0Erfahrung. Hat wahnsinnig Spa\u00df gemacht. Als ich am Morgen gekommen bin, war ich etwas unsicher. Aber wie ich zur T\u00fcr rein bin, ist die Anspannung direkt abgefallen und es war einfach nur klasse. Wenn ich mir die Bilder anschaue, dann ist es schon das l\u00e4ssige Outfit, wo ich mich am ehesten selbst sehe, aber die anderen Bilder auch &#8211; das ist einfach eine ganz neue Seite!&#8221;<\/i><\/p>\n<p style=\"text-align: center;\"><strong>&#8220;Was w\u00fcrdest du denn j\u00fcngeren Frauen zum Thema &#8216;Sch\u00f6nheit&#8217; gerne auf den Weg geben?&#8221;<\/strong><\/p>\n<p style=\"text-align: center;\"><i>&#8220;Sch\u00f6nheit ist eigentlich\u00a0eine Momentaufnahme. Es ist nichts, was man konservieren oder k\u00fcnstlich herstellen kann, es ist das Gesamtbild. Wie man sich f\u00fchlt, inwiefern die Kleidung auch zu dem Gesamtbild beitr\u00e4gt. Sch\u00f6nheit ist ein Zusammenspiel von vielen Dingen. Das sieht man ja auch h\u00e4ufig, wenn man sich Bilder von Models anschaut. Das ist so k\u00fcnstlich, so ausdruckslos, da fehlt das Leben. Die Situation, das Gef\u00fchl und das dahinter muss stimmen und da sein, sonst ist es oberfl\u00e4chlich und nicht wirklich ausdrucksstark.&#8221;<\/i><\/p>\n<p style=\"text-align: center;\"><strong>&#8220;Stell dir\u00a0vor, du k\u00f6nntest dich mit dir selbst, damals mit 25, auf einen Kaffee treffen. Was w\u00fcrdest du dir sagen?&#8221;<\/strong><\/p>\n<p style=\"text-align: center;\"><i>&#8220;Nimm&#8217;s wie es kommt, du\u00a0kannst es sowieso nicht wirklich \u00e4ndern. Ich w\u00fcrde jeder Frau mitgeben, sich weniger Gedanken zu machen, weniger versuchen, steuern zu wollen, weil man vieles nicht beeinflussen kann. Ich bin meinem Mann auch einfach begegnet, ich glaube, wenn man zu sehr versucht, dann funktioniert es nicht. Entweder man begegnet ihm oder eben nicht.\u00a0<\/i><\/p>\n<p style=\"text-align: center;\"><strong>&#8220;Wie geht es dir denn heute mit deinem Alter? W\u00fcrdest du denn gerne nochmal jung sein?&#8221;<\/strong><\/p>\n<p style=\"text-align: center;\"><i>&#8220;Nein. Also ja, wenn man j\u00fcnger ist, ist man fitter und es tut einem nicht so viel weh, das hat schon Vorteile. Aber alles nochmal miterleben m\u00fcssen&#8230;n\u00f6, ich glaube nicht.&#8221;<\/i><\/p>\n<p style=\"text-align: center;\"><strong>Das Ergebnis von Annette&#8217;s Fotoshooting im Fotoatelier Hohenkammer:<\/strong><\/p>\n<div id='gallery-3' class='gallery galleryid-942 gallery-columns-3 gallery-size-full'><figure class='gallery-item'>\n\t\t\t<div class='gallery-icon portrait'>\n\t\t\t\t<img loading=\"lazy\" decoding=\"async\" width=\"581\" height=\"871\" src=\"https:\/\/www.sindiaboldt.de\/portraits\/wp-content\/uploads\/sites\/5\/2022\/03\/Portrait-Fotos-Fotograf-Fotostudio-Hochzeitsfotograf-Muenchen-Fotoatelier-Hohenkammer-Sindia-Boldt-2.jpg\" class=\"attachment-full size-full\" alt=\"Portrait Fotos Fotograf Fotostudio Hochzeitsfotograf Muenchen Fotoatelier Hohenkammer Sindia Boldt 2\" srcset=\"https:\/\/www.sindiaboldt.de\/portraits\/wp-content\/uploads\/sites\/5\/2022\/03\/Portrait-Fotos-Fotograf-Fotostudio-Hochzeitsfotograf-Muenchen-Fotoatelier-Hohenkammer-Sindia-Boldt-2.jpg 581w, https:\/\/www.sindiaboldt.de\/portraits\/wp-content\/uploads\/sites\/5\/2022\/03\/Portrait-Fotos-Fotograf-Fotostudio-Hochzeitsfotograf-Muenchen-Fotoatelier-Hohenkammer-Sindia-Boldt-2-200x300.jpg 200w\" sizes=\"auto, (max-width: 581px) 100vw, 581px\" \/>\n\t\t\t<\/div><\/figure><figure class='gallery-item'>\n\t\t\t<div class='gallery-icon landscape'>\n\t\t\t\t<img loading=\"lazy\" decoding=\"async\" width=\"784\" height=\"523\" src=\"https:\/\/www.sindiaboldt.de\/portraits\/wp-content\/uploads\/sites\/5\/2022\/03\/Portrait-Fotos-Fotograf-Fotostudio-Hochzeitsfotograf-Muenchen-Fotoatelier-Hohenkammer-Sindia-Boldt-35.jpg\" class=\"attachment-full size-full\" alt=\"Portrait Fotos Fotograf Fotostudio Hochzeitsfotograf Muenchen Fotoatelier Hohenkammer Sindia Boldt 35\" srcset=\"https:\/\/www.sindiaboldt.de\/portraits\/wp-content\/uploads\/sites\/5\/2022\/03\/Portrait-Fotos-Fotograf-Fotostudio-Hochzeitsfotograf-Muenchen-Fotoatelier-Hohenkammer-Sindia-Boldt-35.jpg 784w, https:\/\/www.sindiaboldt.de\/portraits\/wp-content\/uploads\/sites\/5\/2022\/03\/Portrait-Fotos-Fotograf-Fotostudio-Hochzeitsfotograf-Muenchen-Fotoatelier-Hohenkammer-Sindia-Boldt-35-300x200.jpg 300w, https:\/\/www.sindiaboldt.de\/portraits\/wp-content\/uploads\/sites\/5\/2022\/03\/Portrait-Fotos-Fotograf-Fotostudio-Hochzeitsfotograf-Muenchen-Fotoatelier-Hohenkammer-Sindia-Boldt-35-768x512.jpg 768w\" sizes=\"auto, (max-width: 784px) 100vw, 784px\" \/>\n\t\t\t<\/div><\/figure><figure class='gallery-item'>\n\t\t\t<div class='gallery-icon portrait'>\n\t\t\t\t<img loading=\"lazy\" decoding=\"async\" width=\"523\" height=\"784\" src=\"https:\/\/www.sindiaboldt.de\/portraits\/wp-content\/uploads\/sites\/5\/2022\/03\/Portrait-Fotos-Fotograf-Fotostudio-Hochzeitsfotograf-Muenchen-Fotoatelier-Hohenkammer-Sindia-Boldt-56.jpg\" class=\"attachment-full size-full\" alt=\"Portrait Fotos Fotograf Fotostudio Hochzeitsfotograf Muenchen Fotoatelier Hohenkammer Sindia Boldt 56\" srcset=\"https:\/\/www.sindiaboldt.de\/portraits\/wp-content\/uploads\/sites\/5\/2022\/03\/Portrait-Fotos-Fotograf-Fotostudio-Hochzeitsfotograf-Muenchen-Fotoatelier-Hohenkammer-Sindia-Boldt-56.jpg 523w, https:\/\/www.sindiaboldt.de\/portraits\/wp-content\/uploads\/sites\/5\/2022\/03\/Portrait-Fotos-Fotograf-Fotostudio-Hochzeitsfotograf-Muenchen-Fotoatelier-Hohenkammer-Sindia-Boldt-56-200x300.jpg 200w\" sizes=\"auto, (max-width: 523px) 100vw, 523px\" \/>\n\t\t\t<\/div><\/figure>\n\t\t<\/div>\n\n<hr \/>\n<h2 style=\"text-align: center;\">Tanja, 52, Rechtsanw\u00e4ltin, 2 S\u00f6hne, verheiratet<\/h2>\n<p style=\"text-align: center;\">TANJA MELDETE SICH F\u00dcR DAS FOTOSHOOTING AN, DA SIE SICH IN LETZTER ZEIT VERST\u00c4RKT MIT DEM THEMA \u00c4LTERWERDEN BESCH\u00c4FTIGT HAT UND SO EINE NEUGIERDE AUF DAS PROJEKT ENTSTAND.<\/p>\n<p style=\"text-align: center;\"><img loading=\"lazy\" decoding=\"async\" class=\"aligncenter wp-image-1013 size-full\" title=\"Gaby Troetschel vorher\" src=\"https:\/\/www.sindiaboldt.de\/portraits\/wp-content\/uploads\/sites\/5\/2022\/03\/TanjaMessmer_oder-anderes-Selfie-erfragen.jpg\" alt=\"TanjaMessmer oder anderes Selfie erfragen\" width=\"199\" height=\"210\" \/><\/p>\n<p style=\"text-align: center;\"><strong>Hier mehr Infos \u00fcber Tanja (54, 2 Kinder, verheiratet):<\/strong><\/p>\n<p style=\"text-align: center;\">Tanja ist ein sehr offener Mensch, dem der Familienkreis sehr wichtig ist. Sie hat zwei S\u00f6hne, die die ersten Schritte des Erwachsenenalters gehen, und ist gl\u00fccklich verheiratet. Nachdem sie zun\u00e4chst eine Ausbildung zur Bankkauffrau gemacht hat, ist sie nun als Rechtsanw\u00e4ltin in der Rechtsabteilung einer Bank t\u00e4tig.<\/p>\n<p style=\"text-align: center;\">In ihrem Job, in dem sie die verschiedensten Fragen beantworten oder auch Vertr\u00e4ge aufsetzen muss, sind Soft Skills und Zwischenmenschlichkeit sehr wichtig. Dass es Unterschiede in diesen Bereichen zwischen ihr und m\u00e4nnlichen Kollegen gibt, findet sie nicht.<\/p>\n<p style=\"text-align: center;\"><strong>&#8220;In deinem Job braucht man definitiv viele Soft Skills und Zwischenmenschlichkeit. Beobachtest du da Unterschiede zwischen dir und m\u00e4nnlichen Kollegen?&#8221;<\/strong><\/p>\n<p style=\"text-align: center;\"><i>&#8220;Das w\u00fcrde ich nicht sagen, das ist eine Typfrage. Es gibt introvertierte und extrovertierte. Ich bin sicher ein extrovertierter Mensch. Das hat alles Vor- und Nachteile. Auch die Introvertierten haben ihre Vorteile, die k\u00f6nnen eher tiefer recherchieren. Ich bin nicht der Mensch, der ewig eine wissenschaftliche Arbeit schreibt. Mit meiner Doktorarbeit ist es nichts geworden, weil es mir zu langweilig oder zu langwierig war. Ich wollte nicht ausschlie\u00dflich daran arbeiten. Aber ich finde, das ist keine Frage des Geschlechts.&#8221;<\/i><\/p>\n<p style=\"text-align: center;\"><strong>&#8220;Was war deine Motivation\u00a0oder dein erster Impuls, hier mitzumachen?&#8221;<\/strong><\/p>\n<p style=\"text-align: center;\"><i>&#8220;Der erste Impuls war, dass ich mich schon l\u00e4nger mit dem \u00c4lterwerden besch\u00e4ftigt habe. Ungef\u00e4hr mit 40 ging das los. In meinem privaten Umfeld sind einige Menschen krank geworden, teilweise verstorben. Vor allem die Generation vor mir, an der man nat\u00fcrlich h\u00e4ngt, und das f\u00fchrt einem immer wieder vor Augen, dass man selber auch sterblich ist. Der K\u00f6rper ver\u00e4ndert sich, die Kinder werden gro\u00df und brauchen einen nicht mehr so. Es geht ums Loslassen, sei es, weil Menschen versterben oder die Kinder einen &#8211; zum Gl\u00fcck &#8211; nicht mehr so brauchen.&#8221;<\/i><\/p>\n<p style=\"text-align: center;\"><strong>&#8220;Der Begriff Sch\u00f6nheit. Gibt es da f\u00fcr dich eine Definition?&#8221;<\/strong><\/p>\n<p style=\"text-align: center;\"><i>&#8220;Sch\u00f6nheit hat so viele Aspekte, deswegen gibt es da auch verschiedene Definitionen. Es gibt die optische Sch\u00f6nheit, die innere Sch\u00f6nheit, die nach au\u00dfen strahlt und sich vielleicht auf die optische Sch\u00f6nheit auswirkt. Es gibt alles M\u00f6gliche&#8230; es gibt Sch\u00f6nheit in der Natur, Musik oder Literatur&#8230; das ist so vielschichtig, den Begriff kann man nicht wirklich definieren. Sch\u00f6nheit ist, wenn mich irgendwas ber\u00fchrt, \u00a0wenn ich innehalte und stehen bleibe und mir denke: &#8216;Das ist etwas Besonderes, das ber\u00fchrt mich jetzt, das zieht mich an.'&#8221;\u00a0<\/i><\/p>\n<p style=\"text-align: center;\"><strong>&#8220;Welche drei Eigenschaften finden andere denn toll an dir?&#8221;<\/strong><\/p>\n<p style=\"text-align: center;\"><i>&#8220;Dass ich herzlich und zugewandt bin, also dass ich liebevoll und aufmerksam anderen gegen\u00fcber bin, zumindest meinem engeren Familien- und Freundeskreis.\u00a0 Dass man mit mir \u00fcber viele Dinge reden kann und es deshalb nicht langweilig ist mit mir&#8230; Und was mein\u00a0 \u00c4u\u00dferes betrifft&#8230;Mein Mann sch\u00e4tzt mein \u00c4u\u00dferes sehr, auch im Wandel der Zeit.&#8221;<\/i><\/p>\n<p style=\"text-align: center;\"><strong>Das Ergebnis von Tanja&#8217;s Fotoshooting im Fotoatelier Hohenkammer:<\/strong><\/p>\n<div id='gallery-4' class='gallery galleryid-942 gallery-columns-3 gallery-size-full'><figure class='gallery-item'>\n\t\t\t<div class='gallery-icon portrait'>\n\t\t\t\t<img loading=\"lazy\" decoding=\"async\" width=\"418\" height=\"627\" src=\"https:\/\/www.sindiaboldt.de\/portraits\/wp-content\/uploads\/sites\/5\/2022\/03\/Portrait-Fotos-Fotograf-Freising-Boudoir-Fotoatelier-Hohenkammer-Sindia-Boldt-6.jpg\" class=\"attachment-full size-full\" alt=\"Portrait Fotos Fotograf Freising Boudoir Fotoatelier Hohenkammer Sindia Boldt 6\" srcset=\"https:\/\/www.sindiaboldt.de\/portraits\/wp-content\/uploads\/sites\/5\/2022\/03\/Portrait-Fotos-Fotograf-Freising-Boudoir-Fotoatelier-Hohenkammer-Sindia-Boldt-6.jpg 418w, https:\/\/www.sindiaboldt.de\/portraits\/wp-content\/uploads\/sites\/5\/2022\/03\/Portrait-Fotos-Fotograf-Freising-Boudoir-Fotoatelier-Hohenkammer-Sindia-Boldt-6-200x300.jpg 200w\" sizes=\"auto, (max-width: 418px) 100vw, 418px\" \/>\n\t\t\t<\/div><\/figure><figure class='gallery-item'>\n\t\t\t<div class='gallery-icon landscape'>\n\t\t\t\t<img loading=\"lazy\" decoding=\"async\" width=\"697\" height=\"465\" src=\"https:\/\/www.sindiaboldt.de\/portraits\/wp-content\/uploads\/sites\/5\/2022\/03\/Portrait-Fotos-Fotograf-Freising-Boudoir-Fotoatelier-Hohenkammer-Sindia-Boldt-82.jpg\" class=\"attachment-full size-full\" alt=\"Portrait Fotos Fotograf Freising Boudoir Fotoatelier Hohenkammer Sindia Boldt 82\" srcset=\"https:\/\/www.sindiaboldt.de\/portraits\/wp-content\/uploads\/sites\/5\/2022\/03\/Portrait-Fotos-Fotograf-Freising-Boudoir-Fotoatelier-Hohenkammer-Sindia-Boldt-82.jpg 697w, https:\/\/www.sindiaboldt.de\/portraits\/wp-content\/uploads\/sites\/5\/2022\/03\/Portrait-Fotos-Fotograf-Freising-Boudoir-Fotoatelier-Hohenkammer-Sindia-Boldt-82-300x200.jpg 300w\" sizes=\"auto, (max-width: 697px) 100vw, 697px\" \/>\n\t\t\t<\/div><\/figure><figure class='gallery-item'>\n\t\t\t<div class='gallery-icon portrait'>\n\t\t\t\t<img loading=\"lazy\" decoding=\"async\" width=\"523\" height=\"784\" src=\"https:\/\/www.sindiaboldt.de\/portraits\/wp-content\/uploads\/sites\/5\/2022\/03\/Portrait-Fotos-Fotograf-Freising-Boudoir-Fotoatelier-Hohenkammer-Sindia-Boldt-93.jpg\" class=\"attachment-full size-full\" alt=\"Portrait Fotos Fotograf Freising Boudoir Fotoatelier Hohenkammer Sindia Boldt 93\" srcset=\"https:\/\/www.sindiaboldt.de\/portraits\/wp-content\/uploads\/sites\/5\/2022\/03\/Portrait-Fotos-Fotograf-Freising-Boudoir-Fotoatelier-Hohenkammer-Sindia-Boldt-93.jpg 523w, https:\/\/www.sindiaboldt.de\/portraits\/wp-content\/uploads\/sites\/5\/2022\/03\/Portrait-Fotos-Fotograf-Freising-Boudoir-Fotoatelier-Hohenkammer-Sindia-Boldt-93-200x300.jpg 200w\" sizes=\"auto, (max-width: 523px) 100vw, 523px\" \/>\n\t\t\t<\/div><\/figure>\n\t\t<\/div>\n\n<hr \/>\n<h2 style=\"text-align: center;\">Susan, 40, Mitarbeiterin in der Personalentwicklung, 2 T\u00f6chter, verheiratet<\/h2>\n<p style=\"text-align: center;\">SUSAN NAHM AM FOTOSHOOTING TEIL, UM F\u00dcR SICH ETWAS ZU TUN, WAS SIE ALS MUTIG SIEHT. SIE KONNTE SICH DURCH DAS SHOOTING NEU KENNENLERNEN UND M\u00d6CHTE DIE BILDER NUN ALS MANTRA F\u00dcR IHR SELBSTBILD NUTZEN.<\/p>\n<p style=\"text-align: center;\"><img loading=\"lazy\" decoding=\"async\" class=\"aligncenter wp-image-1026 size-full\" title=\"Gaby Troetschel vorher\" src=\"https:\/\/www.sindiaboldt.de\/portraits\/wp-content\/uploads\/sites\/5\/2022\/03\/SusanHelm-1.jpg\" alt=\"SusanHelm 1\" width=\"581\" height=\"871\" srcset=\"https:\/\/www.sindiaboldt.de\/portraits\/wp-content\/uploads\/sites\/5\/2022\/03\/SusanHelm-1.jpg 581w, https:\/\/www.sindiaboldt.de\/portraits\/wp-content\/uploads\/sites\/5\/2022\/03\/SusanHelm-1-200x300.jpg 200w\" sizes=\"auto, (max-width: 581px) 100vw, 581px\" \/><\/p>\n<p style=\"text-align: center;\"><strong>Hier mehr Infos \u00fcber Susan (40, 2 Kinder, in Partnerschaft):<\/strong><\/p>\n<p style=\"text-align: center;\">Susan ist eine immer seelenruhig wirkende Person, die ihre Ruhe auch auf andere Menschen ausstrahlen kann. Sie lebt mit ihren zwei jungen T\u00f6chtern und ihrem Partner zusammen und verbringt ihre Freizeit gerne drau\u00dfen, oftmals auch auf dem Fahrrad. Zudem hat sie im letzten Jahr Yoga f\u00fcr sich gefunden, was sie beruhigt, entspannt und ihr einfach Spa\u00df macht.<\/p>\n<p style=\"text-align: center;\">Beruflich gesehen kommt Susan urspr\u00fcnglich aus dem Tourismus, arbeitet nun aber in der Personalentwicklung und Dienstleistung, wo sie viel organisieren und konzipieren muss.<\/p>\n<p style=\"text-align: center;\">Obwohl Susan fr\u00fcher eine Person war, die viel aus Lust und Laune getan hat, hat sich dies mit der Zeit und auch der Verantwortung als Mutter ziemlich ge\u00e4ndert&#8230;:<\/p>\n<p style=\"text-align: center;\"><strong>&#8220;Gibt es etwas an dir, das du heute sehr gerne magst, mit dem du vor 20, 30 Jahren gehadert hast? Oder auch umgekehrt &#8211; gibt es etwas, was du als junge Frau nie\u00a0<\/strong><b>gesch\u00e4tzt hast, was du heute gerne nochmal so h\u00e4ttest?&#8221;<\/b><\/p>\n<p style=\"text-align: center;\"><i>&#8220;Unbek\u00fcmmert war man fr\u00fcher&#8230;vor allem in der Zeit nach der Schule. Da hatte man keine Angst, man hat einfach gemacht, man ist die Welt entdecken gegangen. Und jetzt bin ich schon zur\u00fcckhaltender geworden&#8230;ich hatte eine Phase nach der Schule, da hatte ich keine Lust auf\u00a0Schule\u00a0mehr und bin dann erstmal in die USA gegangen und mir war alles erstmal egal. Da habe ich gemacht und getan und mich ausprobiert. Nat\u00fcrlich habe ich meine Aufgaben als Au-Pair\u00a0erledigt. So eine Zeit gab es bisher nicht wieder.&#8221;<\/i><\/p>\n<p style=\"text-align: center;\"><strong>&#8220;Welche drei Eigenschaften m\u00f6gen andere an dir besonders gern?&#8221;<\/strong><\/p>\n<p style=\"text-align: center;\"><i>&#8220;Ich h\u00f6re unheimlich gut und lange zu. Es hei\u00dft immer, ich sei verst\u00e4ndnisvoll, r\u00fccksichtsvoll, geduldig&#8230; aber ich muss sagen, je \u00e4lter man wird, merkt man, man muss auch mal an sich denken. Und an manchen Tagen kommt dann schon ein gewisser Frust, denn es ist schwer, wenn man es \u00fcber so viele Jahre nicht gemacht hat, auch mal &#8216;Nein&#8217; zu sagen oder in der Arbeit nicht gleich zu sagen: &#8216;Ja, kann ich schon machen.&#8217; und sich einfach mal zur\u00fcckzuhalten.&#8221;<\/i><\/p>\n<p style=\"text-align: center;\"><strong>&#8220;War dir damals bewusst, als du dich f\u00fcr Kinder entschieden hast, dass es nach der Elternzeit ein wenig holprig werden w\u00fcrde?&#8221;<\/strong><\/p>\n<p style=\"text-align: center;\"><i>&#8220;Nein, ich glaube, das war mir nicht so klar. Ich dachte auch, ich gehe ein Jahr in Elternzeit und komme einfach wieder und steige wieder ein. Machen ja auch viele! Ist ja nicht so, als w\u00fcrde das nicht funktionieren, vor allem in\u00a0gr\u00f6\u00dferen Unternehmen. Ich hatte mich zu dem Zeitpunkt noch nicht damit besch\u00e4ftigt, dass das in einem Unternehmen mit f\u00fcnf Personen anders laufen w\u00fcrde.&#8221;<\/i><\/p>\n<p style=\"text-align: center;\"><strong>&#8220;Glaubst du, dass du durch die Fotos und das Shooting dich ein bisschen anders kennenlernen konntest und sich etwas an deinem Selbstbild ge\u00e4ndert hat?&#8221;<\/strong><\/p>\n<p style=\"text-align: center;\"><i>&#8220;Ich glaube schon. Erstmal werde ich\u00a0wahrscheinlich noch Dinge finden, die mir negativ an mir auffallen. Aber dann&#8230; das ist ja wie ein Mantra. Wenn man sich das immer wieder anschaut&#8230; ja, doch, ich denke schon, dass man dann ein bisschen stolzer durch die Gegend l\u00e4uft!&#8221;<\/i><\/p>\n<p style=\"text-align: center;\"><strong>Das Ergebnis von Susan&#8217;s Fotoshooting im Fotoatelier Hohenkammer:<\/strong><\/p>\n<div id='gallery-5' class='gallery galleryid-942 gallery-columns-3 gallery-size-full'><figure class='gallery-item'>\n\t\t\t<div class='gallery-icon portrait'>\n\t\t\t\t<img loading=\"lazy\" decoding=\"async\" width=\"465\" height=\"697\" src=\"https:\/\/www.sindiaboldt.de\/portraits\/wp-content\/uploads\/sites\/5\/2022\/03\/Portrait-Fotograf-Fotoshooting-Fotoatelier-Hohenkammer-Sindia-Boldt-12.jpg\" class=\"attachment-full size-full\" alt=\"Portrait Fotograf Fotoshooting Fotoatelier Hohenkammer Sindia Boldt 12\" srcset=\"https:\/\/www.sindiaboldt.de\/portraits\/wp-content\/uploads\/sites\/5\/2022\/03\/Portrait-Fotograf-Fotoshooting-Fotoatelier-Hohenkammer-Sindia-Boldt-12.jpg 465w, https:\/\/www.sindiaboldt.de\/portraits\/wp-content\/uploads\/sites\/5\/2022\/03\/Portrait-Fotograf-Fotoshooting-Fotoatelier-Hohenkammer-Sindia-Boldt-12-200x300.jpg 200w\" sizes=\"auto, (max-width: 465px) 100vw, 465px\" \/>\n\t\t\t<\/div><\/figure><figure class='gallery-item'>\n\t\t\t<div class='gallery-icon portrait'>\n\t\t\t\t<img loading=\"lazy\" decoding=\"async\" width=\"283\" height=\"424\" src=\"https:\/\/www.sindiaboldt.de\/portraits\/wp-content\/uploads\/sites\/5\/2022\/03\/Portrait-Fotograf-Fotoshooting-Fotoatelier-Hohenkammer-Sindia-Boldt-30.jpg\" class=\"attachment-full size-full\" alt=\"Portrait Fotograf Fotoshooting Fotoatelier Hohenkammer Sindia Boldt 30\" srcset=\"https:\/\/www.sindiaboldt.de\/portraits\/wp-content\/uploads\/sites\/5\/2022\/03\/Portrait-Fotograf-Fotoshooting-Fotoatelier-Hohenkammer-Sindia-Boldt-30.jpg 283w, https:\/\/www.sindiaboldt.de\/portraits\/wp-content\/uploads\/sites\/5\/2022\/03\/Portrait-Fotograf-Fotoshooting-Fotoatelier-Hohenkammer-Sindia-Boldt-30-200x300.jpg 200w\" sizes=\"auto, (max-width: 283px) 100vw, 283px\" \/>\n\t\t\t<\/div><\/figure><figure class='gallery-item'>\n\t\t\t<div class='gallery-icon portrait'>\n\t\t\t\t<img loading=\"lazy\" decoding=\"async\" width=\"545\" height=\"817\" src=\"https:\/\/www.sindiaboldt.de\/portraits\/wp-content\/uploads\/sites\/5\/2022\/03\/Portrait-Fotograf-Fotoshooting-Fotoatelier-Hohenkammer-Sindia-Boldt-44.jpg\" class=\"attachment-full size-full\" alt=\"Portrait Fotograf Fotoshooting Fotoatelier Hohenkammer Sindia Boldt 44\" srcset=\"https:\/\/www.sindiaboldt.de\/portraits\/wp-content\/uploads\/sites\/5\/2022\/03\/Portrait-Fotograf-Fotoshooting-Fotoatelier-Hohenkammer-Sindia-Boldt-44.jpg 545w, https:\/\/www.sindiaboldt.de\/portraits\/wp-content\/uploads\/sites\/5\/2022\/03\/Portrait-Fotograf-Fotoshooting-Fotoatelier-Hohenkammer-Sindia-Boldt-44-200x300.jpg 200w\" sizes=\"auto, (max-width: 545px) 100vw, 545px\" \/>\n\t\t\t<\/div><\/figure>\n\t\t<\/div>\n\n<p style=\"text-align: center;\">\n","protected":false},"excerpt":{"rendered":"<p>40 Frauen \u00fcber 40 &#8211; Das Fotoprojekt &#8211; Teil 3: &nbsp; Romy \/\/ Rosemarie \/\/ Annette \/\/ Tanja \/\/ Susan &#8211; Hier stellen wir Euch die Teilnehmerinnen unseres wundervollen Fotoprojekts 40 Frauen \u00fcber 40 etwas n\u00e4her vor. In diesem Teil: Romy, 45, K\u00e4mmerin, Aktivistin f\u00fcr Frauenrechte, 2 Kinder, verheiratet Rosemarie, 73, Bankkauffrau in Pension, 2 [&hellip;]<\/p>\n","protected":false},"author":1,"featured_media":1005,"comment_status":"open","ping_status":"open","sticky":false,"template":"","format":"standard","meta":{"footnotes":""},"categories":[1],"tags":[],"class_list":{"0":"post-942","1":"post","2":"type-post","3":"status-publish","4":"format-standard","5":"has-post-thumbnail","7":"category-allgemein"},"yoast_head":"<!-- This site is optimized with the Yoast SEO plugin v26.8 - https:\/\/yoast.com\/product\/yoast-seo-wordpress\/ -->\n<title>40\u00fc40-Teil 3<\/title>\n<meta name=\"robots\" content=\"index, follow, max-snippet:-1, max-image-preview:large, max-video-preview:-1\" \/>\n<link rel=\"canonical\" href=\"https:\/\/www.sindiaboldt.de\/portraits\/40ue40-teil-3\/\" \/>\n<meta property=\"og:locale\" content=\"de_DE\" \/>\n<meta property=\"og:type\" content=\"article\" \/>\n<meta property=\"og:title\" content=\"40\u00fc40-Teil 3\" \/>\n<meta property=\"og:description\" content=\"40 Frauen \u00fcber 40 &#8211; Das Fotoprojekt &#8211; Teil 3: &nbsp; Romy \/\/ Rosemarie \/\/ Annette \/\/ Tanja \/\/ Susan &#8211; Hier stellen wir Euch die Teilnehmerinnen unseres wundervollen Fotoprojekts 40 Frauen \u00fcber 40 etwas n\u00e4her vor. In diesem Teil: Romy, 45, K\u00e4mmerin, Aktivistin f\u00fcr Frauenrechte, 2 Kinder, verheiratet Rosemarie, 73, Bankkauffrau in Pension, 2 [&hellip;]\" \/>\n<meta property=\"og:url\" content=\"https:\/\/www.sindiaboldt.de\/portraits\/40ue40-teil-3\/\" \/>\n<meta property=\"og:site_name\" content=\"Portraits\" \/>\n<meta property=\"article:published_time\" content=\"2022-04-19T15:27:02+00:00\" \/>\n<meta property=\"article:modified_time\" content=\"2022-05-21T09:58:21+00:00\" \/>\n<meta property=\"og:image\" content=\"https:\/\/www.sindiaboldt.de\/portraits\/wp-content\/uploads\/sites\/5\/2022\/03\/Portrait-Fotos-Fotograf-Fotostudio-Hochzeitsfotograf-Muenchen-Fotoatelier-Hohenkammer-Sindia-Boldt-35.jpg\" \/>\n\t<meta property=\"og:image:width\" content=\"784\" \/>\n\t<meta property=\"og:image:height\" content=\"523\" \/>\n\t<meta property=\"og:image:type\" content=\"image\/jpeg\" \/>\n<meta name=\"author\" content=\"sindia\" \/>\n<meta name=\"twitter:card\" content=\"summary_large_image\" \/>\n<meta name=\"twitter:label1\" content=\"Verfasst von\" \/>\n\t<meta name=\"twitter:data1\" content=\"sindia\" \/>\n\t<meta name=\"twitter:label2\" content=\"Gesch\u00e4tzte Lesezeit\" \/>\n\t<meta name=\"twitter:data2\" content=\"17\u00a0Minuten\" \/>\n<script type=\"application\/ld+json\" class=\"yoast-schema-graph\">{\"@context\":\"https:\/\/schema.org\",\"@graph\":[{\"@type\":\"Article\",\"@id\":\"https:\/\/www.sindiaboldt.de\/portraits\/40ue40-teil-3\/#article\",\"isPartOf\":{\"@id\":\"https:\/\/www.sindiaboldt.de\/portraits\/40ue40-teil-3\/\"},\"author\":{\"name\":\"sindia\",\"@id\":\"https:\/\/www.sindiaboldt.de\/portraits\/#\/schema\/person\/13668cbe0f52c57a9402a6032226e58e\"},\"headline\":\"40\u00fc40-Teil 3\",\"datePublished\":\"2022-04-19T15:27:02+00:00\",\"dateModified\":\"2022-05-21T09:58:21+00:00\",\"mainEntityOfPage\":{\"@id\":\"https:\/\/www.sindiaboldt.de\/portraits\/40ue40-teil-3\/\"},\"wordCount\":2978,\"commentCount\":0,\"image\":{\"@id\":\"https:\/\/www.sindiaboldt.de\/portraits\/40ue40-teil-3\/#primaryimage\"},\"thumbnailUrl\":\"https:\/\/www.sindiaboldt.de\/portraits\/wp-content\/uploads\/sites\/5\/2022\/03\/Portrait-Fotos-Fotograf-Fotostudio-Hochzeitsfotograf-Muenchen-Fotoatelier-Hohenkammer-Sindia-Boldt-35.jpg\",\"inLanguage\":\"de\",\"potentialAction\":[{\"@type\":\"CommentAction\",\"name\":\"Comment\",\"target\":[\"https:\/\/www.sindiaboldt.de\/portraits\/40ue40-teil-3\/#respond\"]}]},{\"@type\":\"WebPage\",\"@id\":\"https:\/\/www.sindiaboldt.de\/portraits\/40ue40-teil-3\/\",\"url\":\"https:\/\/www.sindiaboldt.de\/portraits\/40ue40-teil-3\/\",\"name\":\"40\u00fc40-Teil 3\",\"isPartOf\":{\"@id\":\"https:\/\/www.sindiaboldt.de\/portraits\/#website\"},\"primaryImageOfPage\":{\"@id\":\"https:\/\/www.sindiaboldt.de\/portraits\/40ue40-teil-3\/#primaryimage\"},\"image\":{\"@id\":\"https:\/\/www.sindiaboldt.de\/portraits\/40ue40-teil-3\/#primaryimage\"},\"thumbnailUrl\":\"https:\/\/www.sindiaboldt.de\/portraits\/wp-content\/uploads\/sites\/5\/2022\/03\/Portrait-Fotos-Fotograf-Fotostudio-Hochzeitsfotograf-Muenchen-Fotoatelier-Hohenkammer-Sindia-Boldt-35.jpg\",\"datePublished\":\"2022-04-19T15:27:02+00:00\",\"dateModified\":\"2022-05-21T09:58:21+00:00\",\"author\":{\"@id\":\"https:\/\/www.sindiaboldt.de\/portraits\/#\/schema\/person\/13668cbe0f52c57a9402a6032226e58e\"},\"breadcrumb\":{\"@id\":\"https:\/\/www.sindiaboldt.de\/portraits\/40ue40-teil-3\/#breadcrumb\"},\"inLanguage\":\"de\",\"potentialAction\":[{\"@type\":\"ReadAction\",\"target\":[\"https:\/\/www.sindiaboldt.de\/portraits\/40ue40-teil-3\/\"]}]},{\"@type\":\"ImageObject\",\"inLanguage\":\"de\",\"@id\":\"https:\/\/www.sindiaboldt.de\/portraits\/40ue40-teil-3\/#primaryimage\",\"url\":\"https:\/\/www.sindiaboldt.de\/portraits\/wp-content\/uploads\/sites\/5\/2022\/03\/Portrait-Fotos-Fotograf-Fotostudio-Hochzeitsfotograf-Muenchen-Fotoatelier-Hohenkammer-Sindia-Boldt-35.jpg\",\"contentUrl\":\"https:\/\/www.sindiaboldt.de\/portraits\/wp-content\/uploads\/sites\/5\/2022\/03\/Portrait-Fotos-Fotograf-Fotostudio-Hochzeitsfotograf-Muenchen-Fotoatelier-Hohenkammer-Sindia-Boldt-35.jpg\",\"width\":784,\"height\":523,\"caption\":\"Portrait Fotos Fotograf Fotostudio Hochzeitsfotograf Muenchen Fotoatelier Hohenkammer Sindia Boldt 35\"},{\"@type\":\"BreadcrumbList\",\"@id\":\"https:\/\/www.sindiaboldt.de\/portraits\/40ue40-teil-3\/#breadcrumb\",\"itemListElement\":[{\"@type\":\"ListItem\",\"position\":1,\"name\":\"Home\",\"item\":\"https:\/\/www.sindiaboldt.de\/portraits\/\"},{\"@type\":\"ListItem\",\"position\":2,\"name\":\"40\u00fc40-Teil 3\"}]},{\"@type\":\"WebSite\",\"@id\":\"https:\/\/www.sindiaboldt.de\/portraits\/#website\",\"url\":\"https:\/\/www.sindiaboldt.de\/portraits\/\",\"name\":\"Portraits\",\"description\":\"Eine weitere Sindia Boldt Photography Website\",\"potentialAction\":[{\"@type\":\"SearchAction\",\"target\":{\"@type\":\"EntryPoint\",\"urlTemplate\":\"https:\/\/www.sindiaboldt.de\/portraits\/?s={search_term_string}\"},\"query-input\":{\"@type\":\"PropertyValueSpecification\",\"valueRequired\":true,\"valueName\":\"search_term_string\"}}],\"inLanguage\":\"de\"},{\"@type\":\"Person\",\"@id\":\"https:\/\/www.sindiaboldt.de\/portraits\/#\/schema\/person\/13668cbe0f52c57a9402a6032226e58e\",\"name\":\"sindia\",\"image\":{\"@type\":\"ImageObject\",\"inLanguage\":\"de\",\"@id\":\"https:\/\/www.sindiaboldt.de\/portraits\/#\/schema\/person\/image\/\",\"url\":\"https:\/\/secure.gravatar.com\/avatar\/634be3b6facbe9cb0465d21b14b4dacd?s=96&d=mm&r=g\",\"contentUrl\":\"https:\/\/secure.gravatar.com\/avatar\/634be3b6facbe9cb0465d21b14b4dacd?s=96&d=mm&r=g\",\"caption\":\"sindia\"}}]}<\/script>\n<!-- \/ Yoast SEO plugin. -->","yoast_head_json":{"title":"40\u00fc40-Teil 3","robots":{"index":"index","follow":"follow","max-snippet":"max-snippet:-1","max-image-preview":"max-image-preview:large","max-video-preview":"max-video-preview:-1"},"canonical":"https:\/\/www.sindiaboldt.de\/portraits\/40ue40-teil-3\/","og_locale":"de_DE","og_type":"article","og_title":"40\u00fc40-Teil 3","og_description":"40 Frauen \u00fcber 40 &#8211; Das Fotoprojekt &#8211; Teil 3: &nbsp; Romy \/\/ Rosemarie \/\/ Annette \/\/ Tanja \/\/ Susan &#8211; Hier stellen wir Euch die Teilnehmerinnen unseres wundervollen Fotoprojekts 40 Frauen \u00fcber 40 etwas n\u00e4her vor. In diesem Teil: Romy, 45, K\u00e4mmerin, Aktivistin f\u00fcr Frauenrechte, 2 Kinder, verheiratet Rosemarie, 73, Bankkauffrau in Pension, 2 [&hellip;]","og_url":"https:\/\/www.sindiaboldt.de\/portraits\/40ue40-teil-3\/","og_site_name":"Portraits","article_published_time":"2022-04-19T15:27:02+00:00","article_modified_time":"2022-05-21T09:58:21+00:00","og_image":[{"width":784,"height":523,"url":"https:\/\/www.sindiaboldt.de\/portraits\/wp-content\/uploads\/sites\/5\/2022\/03\/Portrait-Fotos-Fotograf-Fotostudio-Hochzeitsfotograf-Muenchen-Fotoatelier-Hohenkammer-Sindia-Boldt-35.jpg","type":"image\/jpeg"}],"author":"sindia","twitter_card":"summary_large_image","twitter_misc":{"Verfasst von":"sindia","Gesch\u00e4tzte Lesezeit":"17\u00a0Minuten"},"schema":{"@context":"https:\/\/schema.org","@graph":[{"@type":"Article","@id":"https:\/\/www.sindiaboldt.de\/portraits\/40ue40-teil-3\/#article","isPartOf":{"@id":"https:\/\/www.sindiaboldt.de\/portraits\/40ue40-teil-3\/"},"author":{"name":"sindia","@id":"https:\/\/www.sindiaboldt.de\/portraits\/#\/schema\/person\/13668cbe0f52c57a9402a6032226e58e"},"headline":"40\u00fc40-Teil 3","datePublished":"2022-04-19T15:27:02+00:00","dateModified":"2022-05-21T09:58:21+00:00","mainEntityOfPage":{"@id":"https:\/\/www.sindiaboldt.de\/portraits\/40ue40-teil-3\/"},"wordCount":2978,"commentCount":0,"image":{"@id":"https:\/\/www.sindiaboldt.de\/portraits\/40ue40-teil-3\/#primaryimage"},"thumbnailUrl":"https:\/\/www.sindiaboldt.de\/portraits\/wp-content\/uploads\/sites\/5\/2022\/03\/Portrait-Fotos-Fotograf-Fotostudio-Hochzeitsfotograf-Muenchen-Fotoatelier-Hohenkammer-Sindia-Boldt-35.jpg","inLanguage":"de","potentialAction":[{"@type":"CommentAction","name":"Comment","target":["https:\/\/www.sindiaboldt.de\/portraits\/40ue40-teil-3\/#respond"]}]},{"@type":"WebPage","@id":"https:\/\/www.sindiaboldt.de\/portraits\/40ue40-teil-3\/","url":"https:\/\/www.sindiaboldt.de\/portraits\/40ue40-teil-3\/","name":"40\u00fc40-Teil 3","isPartOf":{"@id":"https:\/\/www.sindiaboldt.de\/portraits\/#website"},"primaryImageOfPage":{"@id":"https:\/\/www.sindiaboldt.de\/portraits\/40ue40-teil-3\/#primaryimage"},"image":{"@id":"https:\/\/www.sindiaboldt.de\/portraits\/40ue40-teil-3\/#primaryimage"},"thumbnailUrl":"https:\/\/www.sindiaboldt.de\/portraits\/wp-content\/uploads\/sites\/5\/2022\/03\/Portrait-Fotos-Fotograf-Fotostudio-Hochzeitsfotograf-Muenchen-Fotoatelier-Hohenkammer-Sindia-Boldt-35.jpg","datePublished":"2022-04-19T15:27:02+00:00","dateModified":"2022-05-21T09:58:21+00:00","author":{"@id":"https:\/\/www.sindiaboldt.de\/portraits\/#\/schema\/person\/13668cbe0f52c57a9402a6032226e58e"},"breadcrumb":{"@id":"https:\/\/www.sindiaboldt.de\/portraits\/40ue40-teil-3\/#breadcrumb"},"inLanguage":"de","potentialAction":[{"@type":"ReadAction","target":["https:\/\/www.sindiaboldt.de\/portraits\/40ue40-teil-3\/"]}]},{"@type":"ImageObject","inLanguage":"de","@id":"https:\/\/www.sindiaboldt.de\/portraits\/40ue40-teil-3\/#primaryimage","url":"https:\/\/www.sindiaboldt.de\/portraits\/wp-content\/uploads\/sites\/5\/2022\/03\/Portrait-Fotos-Fotograf-Fotostudio-Hochzeitsfotograf-Muenchen-Fotoatelier-Hohenkammer-Sindia-Boldt-35.jpg","contentUrl":"https:\/\/www.sindiaboldt.de\/portraits\/wp-content\/uploads\/sites\/5\/2022\/03\/Portrait-Fotos-Fotograf-Fotostudio-Hochzeitsfotograf-Muenchen-Fotoatelier-Hohenkammer-Sindia-Boldt-35.jpg","width":784,"height":523,"caption":"Portrait Fotos Fotograf Fotostudio Hochzeitsfotograf Muenchen Fotoatelier Hohenkammer Sindia Boldt 35"},{"@type":"BreadcrumbList","@id":"https:\/\/www.sindiaboldt.de\/portraits\/40ue40-teil-3\/#breadcrumb","itemListElement":[{"@type":"ListItem","position":1,"name":"Home","item":"https:\/\/www.sindiaboldt.de\/portraits\/"},{"@type":"ListItem","position":2,"name":"40\u00fc40-Teil 3"}]},{"@type":"WebSite","@id":"https:\/\/www.sindiaboldt.de\/portraits\/#website","url":"https:\/\/www.sindiaboldt.de\/portraits\/","name":"Portraits","description":"Eine weitere Sindia Boldt Photography Website","potentialAction":[{"@type":"SearchAction","target":{"@type":"EntryPoint","urlTemplate":"https:\/\/www.sindiaboldt.de\/portraits\/?s={search_term_string}"},"query-input":{"@type":"PropertyValueSpecification","valueRequired":true,"valueName":"search_term_string"}}],"inLanguage":"de"},{"@type":"Person","@id":"https:\/\/www.sindiaboldt.de\/portraits\/#\/schema\/person\/13668cbe0f52c57a9402a6032226e58e","name":"sindia","image":{"@type":"ImageObject","inLanguage":"de","@id":"https:\/\/www.sindiaboldt.de\/portraits\/#\/schema\/person\/image\/","url":"https:\/\/secure.gravatar.com\/avatar\/634be3b6facbe9cb0465d21b14b4dacd?s=96&d=mm&r=g","contentUrl":"https:\/\/secure.gravatar.com\/avatar\/634be3b6facbe9cb0465d21b14b4dacd?s=96&d=mm&r=g","caption":"sindia"}}]}},"_links":{"self":[{"href":"https:\/\/www.sindiaboldt.de\/portraits\/wp-json\/wp\/v2\/posts\/942","targetHints":{"allow":["GET"]}}],"collection":[{"href":"https:\/\/www.sindiaboldt.de\/portraits\/wp-json\/wp\/v2\/posts"}],"about":[{"href":"https:\/\/www.sindiaboldt.de\/portraits\/wp-json\/wp\/v2\/types\/post"}],"author":[{"embeddable":true,"href":"https:\/\/www.sindiaboldt.de\/portraits\/wp-json\/wp\/v2\/users\/1"}],"replies":[{"embeddable":true,"href":"https:\/\/www.sindiaboldt.de\/portraits\/wp-json\/wp\/v2\/comments?post=942"}],"version-history":[{"count":0,"href":"https:\/\/www.sindiaboldt.de\/portraits\/wp-json\/wp\/v2\/posts\/942\/revisions"}],"wp:featuredmedia":[{"embeddable":true,"href":"https:\/\/www.sindiaboldt.de\/portraits\/wp-json\/wp\/v2\/media\/1005"}],"wp:attachment":[{"href":"https:\/\/www.sindiaboldt.de\/portraits\/wp-json\/wp\/v2\/media?parent=942"}],"wp:term":[{"taxonomy":"category","embeddable":true,"href":"https:\/\/www.sindiaboldt.de\/portraits\/wp-json\/wp\/v2\/categories?post=942"},{"taxonomy":"post_tag","embeddable":true,"href":"https:\/\/www.sindiaboldt.de\/portraits\/wp-json\/wp\/v2\/tags?post=942"}],"curies":[{"name":"wp","href":"https:\/\/api.w.org\/{rel}","templated":true}]}}