{"id":6936,"date":"2019-04-08T14:14:00","date_gmt":"2019-04-08T12:14:00","guid":{"rendered":"https:\/\/www.sindiaboldt.com\/?p=6936"},"modified":"2019-04-08T14:14:00","modified_gmt":"2019-04-08T12:14:00","slug":"ein-paar-gedanken-zum-bildstil","status":"publish","type":"post","link":"https:\/\/www.sindiaboldt.de\/wedding\/ein-paar-gedanken-zum-bildstil\/","title":{"rendered":"Ein paar Gedanken zum Bildstil"},"content":{"rendered":"<p><img loading=\"lazy\" decoding=\"async\" class=\"aligncenter size-full wp-image-6897\" src=\"https:\/\/www.sindiaboldt.de\/wedding\/wp-content\/uploads\/sites\/2\/2019\/01\/Hochzeitsfotograf-Schloss-Fulda-397-1.jpg\" alt=\"\" width=\"1824\" height=\"2736\" \/><\/p>\n<p>&nbsp;<\/p>\n<p style=\"text-align: center\">Ich m\u00f6chte ein paar Worte an zuk\u00fcnftige Brautpaare richten. Im der schier unendlichen F\u00fclle an Hochzeitsinspiration, Magazinen, Online-Portalen und Social Media prasseln so viele wundervolle Bilder auf Euch ein. Jedes f\u00fcr sich hat seinen Zauber, dr\u00fcckt Gef\u00fchle, Stimmungen und einen bestimmten Look aus.<\/p>\n<p style=\"text-align: center\">Erst k\u00fcrzlich hatte ich ein sehr langes Gespr\u00e4ch mit einer Braut \u00fcber dieses Thema. Ich habe ganz ausf\u00fchrlich erkl\u00e4rt, wie das Wetter und das Licht das Ergebnis von Fotos beeinflussen. Als professioneller Fotograf verstehe ich die Beziehung zwischen Lichtmenge \/ -qualit\u00e4t, Belichtung und Bearbeitung, aber f\u00fcr einen Kunden ist dies sicherlich nicht offensichtlich.<\/p>\n<p style=\"text-align: center\">Und ich m\u00f6chte ehrlich sein, die Fotos werden sehr unterschiedlich aussehen, je nachdem wo Ihr heiratet und wie die Lichtsituation am Tag der Hochzeit ist. Wenn Ihr an einem regnerischen Tag in Norddeutschland heiratet, kann man nicht erwarten, dass die Fotos so aussehen, als h\u00e4tte die Hochzeit im Sonnenunteragng in Italien am Meer sattgefunden. Und umgekehrt. Sie k\u00f6nnen es einfach nicht. Farben, Lichtintensit\u00e4t, Sonnenstand, Wolken, gro\u00dfe oder kleine Fenster \u2013 all das beeinflusst, wie Eure Bilder sp\u00e4ter aussehen.<\/p>\n<p style=\"text-align: center\">Als professionelle Fotografin mit \u00fcber 10 Jahren Erfahrung setzte ich nat\u00fcrlich alles daran Euren Tag sprichw\u00f6rtlich \u201eim Besten Licht\u201c festzuhalten. Daf\u00fcr ben\u00f6tige ich aber Euer Vertrauen.<\/p>\n<p style=\"text-align: center\">Das oben erw\u00e4hnte sind nur einige Komponenten, die Eure Hochzeitsbilder beeinflussen. F\u00fcr mich gibt es unz\u00e4hlige mehr! Das sind meistens technische Aspekte, die meiner k\u00fcnstlerischen Kunst einen Rahmen geben. Ein K\u00fcnstler \/ Fotograf fotografiert, bearbeitet und pr\u00fcft die Bilder nach eigenem Ermessen entsprechend seiner visuellen Ideen, Stil und \u00c4sthetik. Das ist sehr individuell und es ist deshalb unerl\u00e4sslich, dass Euch die Bildsprache des Fotografen gef\u00e4llt. Nein mehr \u2013 Ihr m\u00fcsst sie lieben! Und dann lasst Euren Fotografin das tun, was sie am besten kann, gebt Ihr Freiraum bei der Erstellung und Ihr erhaltet die besten Ergebnisse!!!<\/p>\n<p style=\"text-align: center\">Ich spreche sehr offen und gerne dar\u00fcber, weil es mir sehr wichtig ist. Nicht jede Person, die eine Kamera besitzt, ist ein Fotograf oder sogar ein K\u00fcnstler. So wie ich kein Koch bin, obwohl ich einen Ofen besitze und wahnsinnig gerne koche! Sucht und findet Euren perfekten Fotografen und dann begebt Euch mit Ihm\/Ihr auf die spannende Reise zu Euren Hochzeitsbildern.<\/p>\n<p style=\"text-align: center\">Lasst los und zeigt Vertrauen! Um Euch diesen Schritt zu erleichtern mache ich mit all meinen Brautpaaren ein Engagement Shooting im Vorfeld der Hochzeit. Ihr lernt mich und meine Arbeitsweise besser kennen, versteht warum ich Euch noch einen Zentimeter weiter ins Licht stelle und werdet Eure Paarbilder lieben! Am Hochzeitstag seid Ihr dann ganz bei Euch, Euren Gef\u00fchlen und dem Zauber dieses besonderen Tages \u2013 und \u00fcberlasst den Rest mir!<\/p>\n<p>&nbsp;<\/p>\n<p><img loading=\"lazy\" decoding=\"async\" class=\"aligncenter size-full wp-image-6118\" src=\"https:\/\/www.sindiaboldt.de\/wedding\/wp-content\/uploads\/sites\/2\/2018\/05\/Hochzeitsfotograf-Wu\u0308rzburg-Hochzeit-Wein-am-Stein_MJ-Sindia-Boldt-Photography_0045-1.jpg\" alt=\"\" width=\"1500\" height=\"2244\" srcset=\"https:\/\/www.sindiaboldt.de\/wedding\/wp-content\/uploads\/sites\/2\/2018\/05\/Hochzeitsfotograf-Wu\u0308rzburg-Hochzeit-Wein-am-Stein_MJ-Sindia-Boldt-Photography_0045-1.jpg 1500w, https:\/\/www.sindiaboldt.de\/wedding\/wp-content\/uploads\/sites\/2\/2018\/05\/Hochzeitsfotograf-Wu\u0308rzburg-Hochzeit-Wein-am-Stein_MJ-Sindia-Boldt-Photography_0045-1-201x300.jpg 201w, https:\/\/www.sindiaboldt.de\/wedding\/wp-content\/uploads\/sites\/2\/2018\/05\/Hochzeitsfotograf-Wu\u0308rzburg-Hochzeit-Wein-am-Stein_MJ-Sindia-Boldt-Photography_0045-1-684x1024.jpg 684w, https:\/\/www.sindiaboldt.de\/wedding\/wp-content\/uploads\/sites\/2\/2018\/05\/Hochzeitsfotograf-Wu\u0308rzburg-Hochzeit-Wein-am-Stein_MJ-Sindia-Boldt-Photography_0045-1-768x1149.jpg 768w, https:\/\/www.sindiaboldt.de\/wedding\/wp-content\/uploads\/sites\/2\/2018\/05\/Hochzeitsfotograf-Wu\u0308rzburg-Hochzeit-Wein-am-Stein_MJ-Sindia-Boldt-Photography_0045-1-1027x1536.jpg 1027w, https:\/\/www.sindiaboldt.de\/wedding\/wp-content\/uploads\/sites\/2\/2018\/05\/Hochzeitsfotograf-Wu\u0308rzburg-Hochzeit-Wein-am-Stein_MJ-Sindia-Boldt-Photography_0045-1-1369x2048.jpg 1369w\" sizes=\"auto, (max-width: 1500px) 100vw, 1500px\" \/><\/p>\n<p><img loading=\"lazy\" decoding=\"async\" class=\"aligncenter size-full wp-image-5973\" src=\"https:\/\/www.sindiaboldt.de\/wedding\/wp-content\/uploads\/sites\/2\/2018\/05\/Hochzeitsfotograf-Mu\u0308nchen-Engagement-Shooting-JS-Sindia-Boldt-Photography_0005-2.jpg\" alt=\"\" width=\"1500\" height=\"1004\" \/><img loading=\"lazy\" decoding=\"async\" class=\"aligncenter size-full wp-image-5866\" src=\"https:\/\/www.sindiaboldt.de\/wedding\/wp-content\/uploads\/sites\/2\/2018\/02\/Hochzeitsfotograf-Mu\u0308nchen-Hochzeit-Location-Sindia-Boldt-Photography_0008-1.jpg\" alt=\"\" width=\"1500\" height=\"2250\" srcset=\"https:\/\/www.sindiaboldt.de\/wedding\/wp-content\/uploads\/sites\/2\/2018\/02\/Hochzeitsfotograf-Mu\u0308nchen-Hochzeit-Location-Sindia-Boldt-Photography_0008-1.jpg 1500w, https:\/\/www.sindiaboldt.de\/wedding\/wp-content\/uploads\/sites\/2\/2018\/02\/Hochzeitsfotograf-Mu\u0308nchen-Hochzeit-Location-Sindia-Boldt-Photography_0008-1-200x300.jpg 200w, https:\/\/www.sindiaboldt.de\/wedding\/wp-content\/uploads\/sites\/2\/2018\/02\/Hochzeitsfotograf-Mu\u0308nchen-Hochzeit-Location-Sindia-Boldt-Photography_0008-1-683x1024.jpg 683w, https:\/\/www.sindiaboldt.de\/wedding\/wp-content\/uploads\/sites\/2\/2018\/02\/Hochzeitsfotograf-Mu\u0308nchen-Hochzeit-Location-Sindia-Boldt-Photography_0008-1-768x1152.jpg 768w, https:\/\/www.sindiaboldt.de\/wedding\/wp-content\/uploads\/sites\/2\/2018\/02\/Hochzeitsfotograf-Mu\u0308nchen-Hochzeit-Location-Sindia-Boldt-Photography_0008-1-1024x1536.jpg 1024w, https:\/\/www.sindiaboldt.de\/wedding\/wp-content\/uploads\/sites\/2\/2018\/02\/Hochzeitsfotograf-Mu\u0308nchen-Hochzeit-Location-Sindia-Boldt-Photography_0008-1-1365x2048.jpg 1365w\" sizes=\"auto, (max-width: 1500px) 100vw, 1500px\" \/><\/p>\n<p><img loading=\"lazy\" decoding=\"async\" class=\"aligncenter wp-image-6142 size-full\" src=\"https:\/\/www.sindiaboldt.de\/wedding\/wp-content\/uploads\/sites\/2\/2018\/06\/cundm-1.png\" alt=\"\" width=\"537\" height=\"806\" srcset=\"https:\/\/www.sindiaboldt.de\/wedding\/wp-content\/uploads\/sites\/2\/2018\/06\/cundm-1.png 537w, https:\/\/www.sindiaboldt.de\/wedding\/wp-content\/uploads\/sites\/2\/2018\/06\/cundm-1-200x300.png 200w\" sizes=\"auto, (max-width: 537px) 100vw, 537px\" \/><\/p>\n<p><img loading=\"lazy\" decoding=\"async\" class=\"size-full wp-image-5272\" src=\"https:\/\/www.sindiaboldt.de\/wedding\/wp-content\/uploads\/sites\/2\/2017\/11\/Hochzeit-La-Villa-Starnberg-See-Hochzeitsfotograf-Sindia-Boldt-Photography_0080-1.jpg\" alt=\"Hochzeit La Villa Starnberg See Hochzeitsfotograf Sindia Boldt Photography 0080\" width=\"1500\" height=\"1003\" srcset=\"https:\/\/www.sindiaboldt.de\/wedding\/wp-content\/uploads\/sites\/2\/2017\/11\/Hochzeit-La-Villa-Starnberg-See-Hochzeitsfotograf-Sindia-Boldt-Photography_0080-1.jpg 1500w, https:\/\/www.sindiaboldt.de\/wedding\/wp-content\/uploads\/sites\/2\/2017\/11\/Hochzeit-La-Villa-Starnberg-See-Hochzeitsfotograf-Sindia-Boldt-Photography_0080-1-300x201.jpg 300w, https:\/\/www.sindiaboldt.de\/wedding\/wp-content\/uploads\/sites\/2\/2017\/11\/Hochzeit-La-Villa-Starnberg-See-Hochzeitsfotograf-Sindia-Boldt-Photography_0080-1-1024x685.jpg 1024w, https:\/\/www.sindiaboldt.de\/wedding\/wp-content\/uploads\/sites\/2\/2017\/11\/Hochzeit-La-Villa-Starnberg-See-Hochzeitsfotograf-Sindia-Boldt-Photography_0080-1-768x514.jpg 768w\" sizes=\"auto, (max-width: 1500px) 100vw, 1500px\" \/><\/p>\n<p><img loading=\"lazy\" decoding=\"async\" class=\"aligncenter size-full wp-image-6741\" src=\"https:\/\/www.sindiaboldt.de\/wedding\/wp-content\/uploads\/sites\/2\/2018\/09\/Hochzeitsreportage-Friedberg-Hochzeitsfotograf-Sindia-Boldt-Photography_0046-1.jpg\" alt=\"\" width=\"1500\" height=\"2245\" srcset=\"https:\/\/www.sindiaboldt.de\/wedding\/wp-content\/uploads\/sites\/2\/2018\/09\/Hochzeitsreportage-Friedberg-Hochzeitsfotograf-Sindia-Boldt-Photography_0046-1.jpg 1500w, https:\/\/www.sindiaboldt.de\/wedding\/wp-content\/uploads\/sites\/2\/2018\/09\/Hochzeitsreportage-Friedberg-Hochzeitsfotograf-Sindia-Boldt-Photography_0046-1-200x300.jpg 200w, https:\/\/www.sindiaboldt.de\/wedding\/wp-content\/uploads\/sites\/2\/2018\/09\/Hochzeitsreportage-Friedberg-Hochzeitsfotograf-Sindia-Boldt-Photography_0046-1-684x1024.jpg 684w, https:\/\/www.sindiaboldt.de\/wedding\/wp-content\/uploads\/sites\/2\/2018\/09\/Hochzeitsreportage-Friedberg-Hochzeitsfotograf-Sindia-Boldt-Photography_0046-1-768x1149.jpg 768w, https:\/\/www.sindiaboldt.de\/wedding\/wp-content\/uploads\/sites\/2\/2018\/09\/Hochzeitsreportage-Friedberg-Hochzeitsfotograf-Sindia-Boldt-Photography_0046-1-1026x1536.jpg 1026w, https:\/\/www.sindiaboldt.de\/wedding\/wp-content\/uploads\/sites\/2\/2018\/09\/Hochzeitsreportage-Friedberg-Hochzeitsfotograf-Sindia-Boldt-Photography_0046-1-1368x2048.jpg 1368w\" sizes=\"auto, (max-width: 1500px) 100vw, 1500px\" \/><\/p>\n<p><img loading=\"lazy\" decoding=\"async\" class=\"size-full wp-image-5245\" src=\"https:\/\/www.sindiaboldt.de\/wedding\/wp-content\/uploads\/sites\/2\/2017\/11\/Hochzeit-La-Villa-Starnberg-See-Hochzeitsfotograf-Sindia-Boldt-Photography_0053-1-1.jpg\" alt=\"Hochzeit La Villa Starnberg See Hochzeitsfotograf Sindia Boldt Photography 0053 1\" width=\"1500\" height=\"1003\" srcset=\"https:\/\/www.sindiaboldt.de\/wedding\/wp-content\/uploads\/sites\/2\/2017\/11\/Hochzeit-La-Villa-Starnberg-See-Hochzeitsfotograf-Sindia-Boldt-Photography_0053-1-1.jpg 1500w, https:\/\/www.sindiaboldt.de\/wedding\/wp-content\/uploads\/sites\/2\/2017\/11\/Hochzeit-La-Villa-Starnberg-See-Hochzeitsfotograf-Sindia-Boldt-Photography_0053-1-1-300x201.jpg 300w, https:\/\/www.sindiaboldt.de\/wedding\/wp-content\/uploads\/sites\/2\/2017\/11\/Hochzeit-La-Villa-Starnberg-See-Hochzeitsfotograf-Sindia-Boldt-Photography_0053-1-1-1024x685.jpg 1024w, https:\/\/www.sindiaboldt.de\/wedding\/wp-content\/uploads\/sites\/2\/2017\/11\/Hochzeit-La-Villa-Starnberg-See-Hochzeitsfotograf-Sindia-Boldt-Photography_0053-1-1-768x514.jpg 768w\" sizes=\"auto, (max-width: 1500px) 100vw, 1500px\" \/><\/p>\n<p><img loading=\"lazy\" decoding=\"async\" class=\"aligncenter size-full wp-image-6675\" src=\"https:\/\/www.sindiaboldt.de\/wedding\/wp-content\/uploads\/sites\/2\/2018\/09\/NM-Hochzeit-Gut-Sedlbrunn-Hochzeitsfotograf-Sindia-Boldt-Photography_0100-1.jpg\" alt=\"\" width=\"1500\" height=\"2244\" srcset=\"https:\/\/www.sindiaboldt.de\/wedding\/wp-content\/uploads\/sites\/2\/2018\/09\/NM-Hochzeit-Gut-Sedlbrunn-Hochzeitsfotograf-Sindia-Boldt-Photography_0100-1.jpg 1500w, https:\/\/www.sindiaboldt.de\/wedding\/wp-content\/uploads\/sites\/2\/2018\/09\/NM-Hochzeit-Gut-Sedlbrunn-Hochzeitsfotograf-Sindia-Boldt-Photography_0100-1-201x300.jpg 201w, https:\/\/www.sindiaboldt.de\/wedding\/wp-content\/uploads\/sites\/2\/2018\/09\/NM-Hochzeit-Gut-Sedlbrunn-Hochzeitsfotograf-Sindia-Boldt-Photography_0100-1-684x1024.jpg 684w, https:\/\/www.sindiaboldt.de\/wedding\/wp-content\/uploads\/sites\/2\/2018\/09\/NM-Hochzeit-Gut-Sedlbrunn-Hochzeitsfotograf-Sindia-Boldt-Photography_0100-1-768x1149.jpg 768w, https:\/\/www.sindiaboldt.de\/wedding\/wp-content\/uploads\/sites\/2\/2018\/09\/NM-Hochzeit-Gut-Sedlbrunn-Hochzeitsfotograf-Sindia-Boldt-Photography_0100-1-1027x1536.jpg 1027w, https:\/\/www.sindiaboldt.de\/wedding\/wp-content\/uploads\/sites\/2\/2018\/09\/NM-Hochzeit-Gut-Sedlbrunn-Hochzeitsfotograf-Sindia-Boldt-Photography_0100-1-1369x2048.jpg 1369w\" sizes=\"auto, (max-width: 1500px) 100vw, 1500px\" \/><\/p>\n","protected":false},"excerpt":{"rendered":"<p>&nbsp; Ich m\u00f6chte ein paar Worte an zuk\u00fcnftige Brautpaare richten. Im der schier unendlichen F\u00fclle an Hochzeitsinspiration, Magazinen, Online-Portalen und Social Media prasseln so viele wundervolle Bilder auf Euch ein. Jedes f\u00fcr sich hat seinen Zauber, dr\u00fcckt Gef\u00fchle, Stimmungen und einen bestimmten Look aus. Erst k\u00fcrzlich hatte ich ein sehr langes Gespr\u00e4ch mit einer Braut [&hellip;]<\/p>\n","protected":false},"author":1,"featured_media":6897,"comment_status":"open","ping_status":"closed","sticky":false,"template":"","format":"standard","meta":{"footnotes":""},"categories":[36],"tags":[],"class_list":{"0":"post-6936","1":"post","2":"type-post","3":"status-publish","4":"format-standard","5":"has-post-thumbnail","7":"category-planung-tipps"},"yoast_head":"<!-- This site is optimized with the Yoast SEO plugin v26.8 - https:\/\/yoast.com\/product\/yoast-seo-wordpress\/ -->\n<title>Ein paar Gedanken zum Bildstil - Wedding<\/title>\n<meta name=\"robots\" content=\"index, follow, max-snippet:-1, max-image-preview:large, max-video-preview:-1\" \/>\n<link rel=\"canonical\" href=\"https:\/\/www.sindiaboldt.de\/wedding\/ein-paar-gedanken-zum-bildstil\/\" \/>\n<meta property=\"og:locale\" content=\"de_DE\" \/>\n<meta property=\"og:type\" content=\"article\" \/>\n<meta property=\"og:title\" content=\"Ein paar Gedanken zum Bildstil - Wedding\" \/>\n<meta property=\"og:description\" content=\"&nbsp; Ich m\u00f6chte ein paar Worte an zuk\u00fcnftige Brautpaare richten. Im der schier unendlichen F\u00fclle an Hochzeitsinspiration, Magazinen, Online-Portalen und Social Media prasseln so viele wundervolle Bilder auf Euch ein. Jedes f\u00fcr sich hat seinen Zauber, dr\u00fcckt Gef\u00fchle, Stimmungen und einen bestimmten Look aus. Erst k\u00fcrzlich hatte ich ein sehr langes Gespr\u00e4ch mit einer Braut [&hellip;]\" \/>\n<meta property=\"og:url\" content=\"https:\/\/www.sindiaboldt.de\/wedding\/ein-paar-gedanken-zum-bildstil\/\" \/>\n<meta property=\"og:site_name\" content=\"Wedding\" \/>\n<meta property=\"article:published_time\" content=\"2019-04-08T12:14:00+00:00\" \/>\n<meta property=\"og:image\" content=\"https:\/\/www.sindiaboldt.de\/wedding\/wp-content\/uploads\/sites\/2\/2019\/01\/Hochzeitsfotograf-Schloss-Fulda-397-1-scaled.jpg\" \/>\n\t<meta property=\"og:image:width\" content=\"1707\" \/>\n\t<meta property=\"og:image:height\" content=\"2560\" \/>\n\t<meta property=\"og:image:type\" content=\"image\/jpeg\" \/>\n<meta name=\"author\" content=\"sindia\" \/>\n<meta name=\"twitter:card\" content=\"summary_large_image\" \/>\n<meta name=\"twitter:label1\" content=\"Verfasst von\" \/>\n\t<meta name=\"twitter:data1\" content=\"sindia\" \/>\n\t<meta name=\"twitter:label2\" content=\"Gesch\u00e4tzte Lesezeit\" \/>\n\t<meta name=\"twitter:data2\" content=\"2\u00a0Minuten\" \/>\n<script type=\"application\/ld+json\" class=\"yoast-schema-graph\">{\"@context\":\"https:\/\/schema.org\",\"@graph\":[{\"@type\":\"Article\",\"@id\":\"https:\/\/www.sindiaboldt.de\/wedding\/ein-paar-gedanken-zum-bildstil\/#article\",\"isPartOf\":{\"@id\":\"https:\/\/www.sindiaboldt.de\/wedding\/ein-paar-gedanken-zum-bildstil\/\"},\"author\":{\"name\":\"sindia\",\"@id\":\"https:\/\/www.sindiaboldt.de\/wedding\/#\/schema\/person\/13668cbe0f52c57a9402a6032226e58e\"},\"headline\":\"Ein paar Gedanken zum Bildstil\",\"datePublished\":\"2019-04-08T12:14:00+00:00\",\"mainEntityOfPage\":{\"@id\":\"https:\/\/www.sindiaboldt.de\/wedding\/ein-paar-gedanken-zum-bildstil\/\"},\"wordCount\":463,\"commentCount\":0,\"image\":{\"@id\":\"https:\/\/www.sindiaboldt.de\/wedding\/ein-paar-gedanken-zum-bildstil\/#primaryimage\"},\"thumbnailUrl\":\"https:\/\/www.sindiaboldt.de\/wedding\/wp-content\/uploads\/sites\/2\/2019\/01\/Hochzeitsfotograf-Schloss-Fulda-397-1-scaled.jpg\",\"articleSection\":[\"PLANUNG &amp; TIPPS\"],\"inLanguage\":\"de\",\"potentialAction\":[{\"@type\":\"CommentAction\",\"name\":\"Comment\",\"target\":[\"https:\/\/www.sindiaboldt.de\/wedding\/ein-paar-gedanken-zum-bildstil\/#respond\"]}]},{\"@type\":\"WebPage\",\"@id\":\"https:\/\/www.sindiaboldt.de\/wedding\/ein-paar-gedanken-zum-bildstil\/\",\"url\":\"https:\/\/www.sindiaboldt.de\/wedding\/ein-paar-gedanken-zum-bildstil\/\",\"name\":\"Ein paar Gedanken zum Bildstil - Wedding\",\"isPartOf\":{\"@id\":\"https:\/\/www.sindiaboldt.de\/wedding\/#website\"},\"primaryImageOfPage\":{\"@id\":\"https:\/\/www.sindiaboldt.de\/wedding\/ein-paar-gedanken-zum-bildstil\/#primaryimage\"},\"image\":{\"@id\":\"https:\/\/www.sindiaboldt.de\/wedding\/ein-paar-gedanken-zum-bildstil\/#primaryimage\"},\"thumbnailUrl\":\"https:\/\/www.sindiaboldt.de\/wedding\/wp-content\/uploads\/sites\/2\/2019\/01\/Hochzeitsfotograf-Schloss-Fulda-397-1-scaled.jpg\",\"datePublished\":\"2019-04-08T12:14:00+00:00\",\"author\":{\"@id\":\"https:\/\/www.sindiaboldt.de\/wedding\/#\/schema\/person\/13668cbe0f52c57a9402a6032226e58e\"},\"breadcrumb\":{\"@id\":\"https:\/\/www.sindiaboldt.de\/wedding\/ein-paar-gedanken-zum-bildstil\/#breadcrumb\"},\"inLanguage\":\"de\",\"potentialAction\":[{\"@type\":\"ReadAction\",\"target\":[\"https:\/\/www.sindiaboldt.de\/wedding\/ein-paar-gedanken-zum-bildstil\/\"]}]},{\"@type\":\"ImageObject\",\"inLanguage\":\"de\",\"@id\":\"https:\/\/www.sindiaboldt.de\/wedding\/ein-paar-gedanken-zum-bildstil\/#primaryimage\",\"url\":\"https:\/\/www.sindiaboldt.de\/wedding\/wp-content\/uploads\/sites\/2\/2019\/01\/Hochzeitsfotograf-Schloss-Fulda-397-1-scaled.jpg\",\"contentUrl\":\"https:\/\/www.sindiaboldt.de\/wedding\/wp-content\/uploads\/sites\/2\/2019\/01\/Hochzeitsfotograf-Schloss-Fulda-397-1-scaled.jpg\",\"width\":1707,\"height\":2560,\"caption\":\"Hochzeitsfotograf Schloss Fulda 397 1\"},{\"@type\":\"BreadcrumbList\",\"@id\":\"https:\/\/www.sindiaboldt.de\/wedding\/ein-paar-gedanken-zum-bildstil\/#breadcrumb\",\"itemListElement\":[{\"@type\":\"ListItem\",\"position\":1,\"name\":\"Home\",\"item\":\"https:\/\/www.sindiaboldt.de\/wedding\/\"},{\"@type\":\"ListItem\",\"position\":2,\"name\":\"Ein paar Gedanken zum Bildstil\"}]},{\"@type\":\"WebSite\",\"@id\":\"https:\/\/www.sindiaboldt.de\/wedding\/#website\",\"url\":\"https:\/\/www.sindiaboldt.de\/wedding\/\",\"name\":\"Wedding\",\"description\":\"Sindia Boldt Hochzeitsfotograf M\u00fcnchen\",\"potentialAction\":[{\"@type\":\"SearchAction\",\"target\":{\"@type\":\"EntryPoint\",\"urlTemplate\":\"https:\/\/www.sindiaboldt.de\/wedding\/?s={search_term_string}\"},\"query-input\":{\"@type\":\"PropertyValueSpecification\",\"valueRequired\":true,\"valueName\":\"search_term_string\"}}],\"inLanguage\":\"de\"},{\"@type\":\"Person\",\"@id\":\"https:\/\/www.sindiaboldt.de\/wedding\/#\/schema\/person\/13668cbe0f52c57a9402a6032226e58e\",\"name\":\"sindia\"}]}<\/script>\n<!-- \/ Yoast SEO plugin. -->","yoast_head_json":{"title":"Ein paar Gedanken zum Bildstil - Wedding","robots":{"index":"index","follow":"follow","max-snippet":"max-snippet:-1","max-image-preview":"max-image-preview:large","max-video-preview":"max-video-preview:-1"},"canonical":"https:\/\/www.sindiaboldt.de\/wedding\/ein-paar-gedanken-zum-bildstil\/","og_locale":"de_DE","og_type":"article","og_title":"Ein paar Gedanken zum Bildstil - Wedding","og_description":"&nbsp; Ich m\u00f6chte ein paar Worte an zuk\u00fcnftige Brautpaare richten. Im der schier unendlichen F\u00fclle an Hochzeitsinspiration, Magazinen, Online-Portalen und Social Media prasseln so viele wundervolle Bilder auf Euch ein. Jedes f\u00fcr sich hat seinen Zauber, dr\u00fcckt Gef\u00fchle, Stimmungen und einen bestimmten Look aus. Erst k\u00fcrzlich hatte ich ein sehr langes Gespr\u00e4ch mit einer Braut [&hellip;]","og_url":"https:\/\/www.sindiaboldt.de\/wedding\/ein-paar-gedanken-zum-bildstil\/","og_site_name":"Wedding","article_published_time":"2019-04-08T12:14:00+00:00","og_image":[{"width":1707,"height":2560,"url":"https:\/\/www.sindiaboldt.de\/wedding\/wp-content\/uploads\/sites\/2\/2019\/01\/Hochzeitsfotograf-Schloss-Fulda-397-1-scaled.jpg","type":"image\/jpeg"}],"author":"sindia","twitter_card":"summary_large_image","twitter_misc":{"Verfasst von":"sindia","Gesch\u00e4tzte Lesezeit":"2\u00a0Minuten"},"schema":{"@context":"https:\/\/schema.org","@graph":[{"@type":"Article","@id":"https:\/\/www.sindiaboldt.de\/wedding\/ein-paar-gedanken-zum-bildstil\/#article","isPartOf":{"@id":"https:\/\/www.sindiaboldt.de\/wedding\/ein-paar-gedanken-zum-bildstil\/"},"author":{"name":"sindia","@id":"https:\/\/www.sindiaboldt.de\/wedding\/#\/schema\/person\/13668cbe0f52c57a9402a6032226e58e"},"headline":"Ein paar Gedanken zum Bildstil","datePublished":"2019-04-08T12:14:00+00:00","mainEntityOfPage":{"@id":"https:\/\/www.sindiaboldt.de\/wedding\/ein-paar-gedanken-zum-bildstil\/"},"wordCount":463,"commentCount":0,"image":{"@id":"https:\/\/www.sindiaboldt.de\/wedding\/ein-paar-gedanken-zum-bildstil\/#primaryimage"},"thumbnailUrl":"https:\/\/www.sindiaboldt.de\/wedding\/wp-content\/uploads\/sites\/2\/2019\/01\/Hochzeitsfotograf-Schloss-Fulda-397-1-scaled.jpg","articleSection":["PLANUNG &amp; TIPPS"],"inLanguage":"de","potentialAction":[{"@type":"CommentAction","name":"Comment","target":["https:\/\/www.sindiaboldt.de\/wedding\/ein-paar-gedanken-zum-bildstil\/#respond"]}]},{"@type":"WebPage","@id":"https:\/\/www.sindiaboldt.de\/wedding\/ein-paar-gedanken-zum-bildstil\/","url":"https:\/\/www.sindiaboldt.de\/wedding\/ein-paar-gedanken-zum-bildstil\/","name":"Ein paar Gedanken zum Bildstil - Wedding","isPartOf":{"@id":"https:\/\/www.sindiaboldt.de\/wedding\/#website"},"primaryImageOfPage":{"@id":"https:\/\/www.sindiaboldt.de\/wedding\/ein-paar-gedanken-zum-bildstil\/#primaryimage"},"image":{"@id":"https:\/\/www.sindiaboldt.de\/wedding\/ein-paar-gedanken-zum-bildstil\/#primaryimage"},"thumbnailUrl":"https:\/\/www.sindiaboldt.de\/wedding\/wp-content\/uploads\/sites\/2\/2019\/01\/Hochzeitsfotograf-Schloss-Fulda-397-1-scaled.jpg","datePublished":"2019-04-08T12:14:00+00:00","author":{"@id":"https:\/\/www.sindiaboldt.de\/wedding\/#\/schema\/person\/13668cbe0f52c57a9402a6032226e58e"},"breadcrumb":{"@id":"https:\/\/www.sindiaboldt.de\/wedding\/ein-paar-gedanken-zum-bildstil\/#breadcrumb"},"inLanguage":"de","potentialAction":[{"@type":"ReadAction","target":["https:\/\/www.sindiaboldt.de\/wedding\/ein-paar-gedanken-zum-bildstil\/"]}]},{"@type":"ImageObject","inLanguage":"de","@id":"https:\/\/www.sindiaboldt.de\/wedding\/ein-paar-gedanken-zum-bildstil\/#primaryimage","url":"https:\/\/www.sindiaboldt.de\/wedding\/wp-content\/uploads\/sites\/2\/2019\/01\/Hochzeitsfotograf-Schloss-Fulda-397-1-scaled.jpg","contentUrl":"https:\/\/www.sindiaboldt.de\/wedding\/wp-content\/uploads\/sites\/2\/2019\/01\/Hochzeitsfotograf-Schloss-Fulda-397-1-scaled.jpg","width":1707,"height":2560,"caption":"Hochzeitsfotograf Schloss Fulda 397 1"},{"@type":"BreadcrumbList","@id":"https:\/\/www.sindiaboldt.de\/wedding\/ein-paar-gedanken-zum-bildstil\/#breadcrumb","itemListElement":[{"@type":"ListItem","position":1,"name":"Home","item":"https:\/\/www.sindiaboldt.de\/wedding\/"},{"@type":"ListItem","position":2,"name":"Ein paar Gedanken zum Bildstil"}]},{"@type":"WebSite","@id":"https:\/\/www.sindiaboldt.de\/wedding\/#website","url":"https:\/\/www.sindiaboldt.de\/wedding\/","name":"Wedding","description":"Sindia Boldt Hochzeitsfotograf M\u00fcnchen","potentialAction":[{"@type":"SearchAction","target":{"@type":"EntryPoint","urlTemplate":"https:\/\/www.sindiaboldt.de\/wedding\/?s={search_term_string}"},"query-input":{"@type":"PropertyValueSpecification","valueRequired":true,"valueName":"search_term_string"}}],"inLanguage":"de"},{"@type":"Person","@id":"https:\/\/www.sindiaboldt.de\/wedding\/#\/schema\/person\/13668cbe0f52c57a9402a6032226e58e","name":"sindia"}]}},"_links":{"self":[{"href":"https:\/\/www.sindiaboldt.de\/wedding\/wp-json\/wp\/v2\/posts\/6936","targetHints":{"allow":["GET"]}}],"collection":[{"href":"https:\/\/www.sindiaboldt.de\/wedding\/wp-json\/wp\/v2\/posts"}],"about":[{"href":"https:\/\/www.sindiaboldt.de\/wedding\/wp-json\/wp\/v2\/types\/post"}],"author":[{"embeddable":true,"href":"https:\/\/www.sindiaboldt.de\/wedding\/wp-json\/wp\/v2\/users\/1"}],"replies":[{"embeddable":true,"href":"https:\/\/www.sindiaboldt.de\/wedding\/wp-json\/wp\/v2\/comments?post=6936"}],"version-history":[{"count":0,"href":"https:\/\/www.sindiaboldt.de\/wedding\/wp-json\/wp\/v2\/posts\/6936\/revisions"}],"wp:featuredmedia":[{"embeddable":true,"href":"https:\/\/www.sindiaboldt.de\/wedding\/wp-json\/wp\/v2\/media\/6897"}],"wp:attachment":[{"href":"https:\/\/www.sindiaboldt.de\/wedding\/wp-json\/wp\/v2\/media?parent=6936"}],"wp:term":[{"taxonomy":"category","embeddable":true,"href":"https:\/\/www.sindiaboldt.de\/wedding\/wp-json\/wp\/v2\/categories?post=6936"},{"taxonomy":"post_tag","embeddable":true,"href":"https:\/\/www.sindiaboldt.de\/wedding\/wp-json\/wp\/v2\/tags?post=6936"}],"curies":[{"name":"wp","href":"https:\/\/api.w.org\/{rel}","templated":true}]}}