{"id":7438,"date":"2019-06-10T14:07:40","date_gmt":"2019-06-10T12:07:40","guid":{"rendered":"https:\/\/www.sindiaboldt.com\/?p=7438"},"modified":"2020-02-26T14:24:35","modified_gmt":"2020-02-26T13:24:35","slug":"kirchliche-hochzeit-muenchen-freisinger-hof-hochzeitsfotograf-jundm","status":"publish","type":"post","link":"https:\/\/www.sindiaboldt.de\/wedding\/kirchliche-hochzeit-muenchen-freisinger-hof-hochzeitsfotograf-jundm\/","title":{"rendered":"Kirchliche Hochzeit M\u00fcnchen Freisinger Hof Hochzeitsfotograf f\u00fcr: Juliane &#038; Matthias"},"content":{"rendered":"<p><img loading=\"lazy\" decoding=\"async\" class=\"aligncenter size-full wp-image-7518\" src=\"https:\/\/www.sindiaboldt.de\/wedding\/wp-content\/uploads\/sites\/2\/2019\/06\/JM-Kirchliche-Hochzeit-Mu\u0308nchen-Freisinger-Hof-Hochzeitsfotograf-Sindia-Boldt-Photography-Mu\u0308nchen_0080.jpg\" alt=\"\" width=\"2880\" height=\"1920\" \/><\/p>\n<p>&nbsp;<\/p>\n<p style=\"text-align: center;\">Eine kirchliche Hochzeit in M\u00fcnchen mit Feier im Freisinger Hof stand an: Nach einem <a href=\"https:\/\/www.sindiaboldt.com\/standesamt-mandlstrase-jundm\/\" target=\"_blank\" rel=\"noopener noreferrer\">verregneten Standesamt<\/a> vor ein paar Wochen war die Freude bei Juliane &amp; Matthias gro\u00df! Den ganzen Tag Sonne und Sommerlaune!<\/p>\n<p style=\"text-align: center;\">Beim intimen Getting Ready im <a href=\"https:\/\/www.freisinger-hof.de\/de\/\" target=\"_blank\" rel=\"noopener noreferrer\">Freisinger Hof<\/a> war die Vorfreude schon so gro\u00df! Endlich war der gro\u00dfe Tag da! Die kirchliche Hochzeit in M\u00fcnchen! Juliane strahlte mit der Sonne und Ihrem zauberhaften Kleid um die Wette und die stilvolle Einrichtung des Freisinger Hofs bot den perfekten Rahmen. Schon die Papeterie von Cariz Design und die liebevollen Details versprachen einen wundervollen Tag. Im nostalgischen Brautauto ging es zur Kirche St. Georg in Bogenhausen \u2013 wundersch\u00f6n eingebettet in alte B\u00e4ume und einer ruhigen Sackgasse. Die Trauung war wundersch\u00f6n! Der junge Pfarrer f\u00fchrte mit so viel Liebe und Herzlichkeit durch den Gottesdienst \u2013 leider erlebt man solch gef\u00fchlvolle Trauungen nur selten. Nach dem Ringtausch, Ehegel\u00fcbde und einem Kuss in der leeren Kirche ging es zum nostalgisch sch\u00f6nen Sektempfang mit der wundersch\u00f6nen Sektape von <a href=\"https:\/\/www.horstgibtgas.de\/\" target=\"_blank\" rel=\"noopener noreferrer\">\u201eHorst gibt Gas\u201c<\/a>. Kann es ein sch\u00f6neres Setting geben um auf das junge Paar anzusto\u00dfen?<\/p>\n<p style=\"text-align: center;\">Gest\u00e4rkt und voller Gl\u00fcck g\u00f6nnte sich das Brautpaar im fu\u00dfl\u00e4ufigen Park ein paar Minuten Zweisamkeit und in nur 15 Minuten fertigten wir die ersten Brautportraits! Umgeben von \u00fcppigen Gr\u00fcn, direkt neben der Kichlichen Hochzeit in M\u00fcnchen!<\/p>\n<p style=\"text-align: center;\">Schon ging es weiter zur Location f\u00fcr das rauschende Fest: Der Freisinger Hof in Oberf\u00f6hring. Ein wundersch\u00f6nes altehrw\u00fcrdiges Haus, das (zum Gl\u00fcck) nicht im urbayrischen Stil daherkommt, sondern durch die geschmackvolle Einrichtung und Dekoration (der Chef hat daf\u00fcr ein Faible) den Spagat zwischen Tradition und Moderne bestens versteht. Die Terrasse des Restaurants grenzt direkt an \u00fcppiges Gr\u00fcn und zwischen Vogelgezwitscher und glitzernden Sonnenstrahlen schmeckte der Bellini gleich doppelt so gut!<\/p>\n<p style=\"text-align: center;\">Die G\u00e4ste feierten, lachten, speisten und Juliane und Matthias genossen sichtlich Ihren gro\u00dfen Tag! So lange hatten sie geplant und nun konnten sie alles in vollen Z\u00fcgen genie\u00dfen!<\/p>\n<p style=\"text-align: center;\">Liebe Juliane, lieber Matthias, es war mir eine so gro\u00dfe Freude Euch und Eure Familie auf dieser spannenden Reise zu begleiten! Ihr habt den Startschuss f\u00fcr ein wundervolles Eheleben gegeben und ich w\u00fcnsche Euch f\u00fcr Eure gemeinsame Zukunft alles erdenklich Gute! Auf ein baldiges Wiedersehen! Herzlichst, Sindia<\/p>\n<p style=\"text-align: center;\">Brautkleid: <a href=\"https:\/\/hausderbraut.de\/\" target=\"_blank\" rel=\"noopener noreferrer\">Haus der Braut<\/a><\/p>\n<p style=\"text-align: center;\">Braut Haarschmuck: <a href=\"https:\/\/www.fleurbleuedesign.com\/\" target=\"_blank\" rel=\"noopener noreferrer\">Fleur Bleue Design<\/a><\/p>\n<p style=\"text-align: center;\">Braut Schmuck: Privat und <a href=\"https:\/\/www.tiffany.de\" target=\"_blank\" rel=\"noopener noreferrer\">Tiffany<\/a><\/p>\n<p style=\"text-align: center;\">Ausstattung Br\u00e4utigam: <a href=\"https:\/\/www.konen.de\/\" target=\"_blank\" rel=\"noopener noreferrer\">Konen<\/a><\/p>\n<p style=\"text-align: center;\">Location &amp; Men\u00fc: <a href=\"https:\/\/www.freisinger-hof.de\/de\/\" target=\"_blank\" rel=\"noopener noreferrer\">Freisinger Hof<\/a><\/p>\n<p style=\"text-align: center;\">Floristik: <a href=\"https:\/\/www.aschwin.de\/\" target=\"_blank\" rel=\"noopener noreferrer\">Aschwin Ismaning<\/a><\/p>\n<p style=\"text-align: center;\">Papeterie: <a href=\"https:\/\/www.carizdesign.de\/\" target=\"_blank\" rel=\"noopener noreferrer\">Cariz Design<\/a><\/p>\n<p style=\"text-align: center;\">Mobile Bar: <a href=\"https:\/\/www.horstgibtgas.de\/\" target=\"_blank\" rel=\"noopener noreferrer\">Horst gibt Gas<\/a><\/p>\n<p style=\"text-align: center;\">Brautauto: Privat<\/p>\n<p style=\"text-align: center;\">Hochzeitstorte: <a href=\"https:\/\/www.feinkost-kaefer.de\" target=\"_blank\" rel=\"noopener noreferrer\">Feinkost K\u00e4fer<\/a><\/p>\n<p style=\"text-align: center;\">DJ: <a href=\"https:\/\/www.djdomisound.de\/\" target=\"_blank\" rel=\"noopener noreferrer\">DJ Domi<\/a><\/p>\n<p><img loading=\"lazy\" decoding=\"async\" class=\"aligncenter size-full wp-image-7439\" src=\"https:\/\/www.sindiaboldt.de\/wedding\/wp-content\/uploads\/sites\/2\/2019\/06\/JM-Kirchliche-Hochzeit-Mu\u0308nchen-Freisinger-Hof-Hochzeitsfotograf-Sindia-Boldt-Photography-Mu\u0308nchen_0001.jpg\" alt=\"\" width=\"2880\" height=\"2159\" \/> <img loading=\"lazy\" decoding=\"async\" class=\"aligncenter size-full wp-image-7444\" src=\"https:\/\/www.sindiaboldt.de\/wedding\/wp-content\/uploads\/sites\/2\/2019\/06\/JM-Kirchliche-Hochzeit-Mu\u0308nchen-Freisinger-Hof-Hochzeitsfotograf-Sindia-Boldt-Photography-Mu\u0308nchen_0006.jpg\" alt=\"\" width=\"2880\" height=\"2160\" \/><img loading=\"lazy\" decoding=\"async\" class=\"aligncenter size-full wp-image-7440\" src=\"https:\/\/www.sindiaboldt.de\/wedding\/wp-content\/uploads\/sites\/2\/2019\/06\/JM-Kirchliche-Hochzeit-Mu\u0308nchen-Freisinger-Hof-Hochzeitsfotograf-Sindia-Boldt-Photography-Mu\u0308nchen_0002.jpg\" alt=\"\" width=\"2880\" height=\"1920\" \/> <img loading=\"lazy\" decoding=\"async\" class=\"aligncenter size-full wp-image-7443\" src=\"https:\/\/www.sindiaboldt.de\/wedding\/wp-content\/uploads\/sites\/2\/2019\/06\/JM-Kirchliche-Hochzeit-Mu\u0308nchen-Freisinger-Hof-Hochzeitsfotograf-Sindia-Boldt-Photography-Mu\u0308nchen_0005.jpg\" alt=\"\" width=\"2880\" height=\"2159\" \/> <img loading=\"lazy\" decoding=\"async\" class=\"aligncenter size-full wp-image-7442\" src=\"https:\/\/www.sindiaboldt.de\/wedding\/wp-content\/uploads\/sites\/2\/2019\/06\/JM-Kirchliche-Hochzeit-Mu\u0308nchen-Freisinger-Hof-Hochzeitsfotograf-Sindia-Boldt-Photography-Mu\u0308nchen_0004.jpg\" alt=\"\" width=\"2880\" height=\"2160\" \/> <img loading=\"lazy\" decoding=\"async\" class=\"aligncenter size-full wp-image-7441\" src=\"https:\/\/www.sindiaboldt.de\/wedding\/wp-content\/uploads\/sites\/2\/2019\/06\/JM-Kirchliche-Hochzeit-Mu\u0308nchen-Freisinger-Hof-Hochzeitsfotograf-Sindia-Boldt-Photography-Mu\u0308nchen_0003.jpg\" alt=\"\" width=\"2880\" height=\"2160\" \/><img loading=\"lazy\" decoding=\"async\" class=\"aligncenter size-full wp-image-7446\" src=\"https:\/\/www.sindiaboldt.de\/wedding\/wp-content\/uploads\/sites\/2\/2019\/06\/JM-Kirchliche-Hochzeit-Mu\u0308nchen-Freisinger-Hof-Hochzeitsfotograf-Sindia-Boldt-Photography-Mu\u0308nchen_0008.jpg\" alt=\"\" width=\"2880\" height=\"1920\" \/><img loading=\"lazy\" decoding=\"async\" class=\"aligncenter size-full wp-image-7452\" src=\"https:\/\/www.sindiaboldt.de\/wedding\/wp-content\/uploads\/sites\/2\/2019\/06\/JM-Kirchliche-Hochzeit-Mu\u0308nchen-Freisinger-Hof-Hochzeitsfotograf-Sindia-Boldt-Photography-Mu\u0308nchen_0014.jpg\" alt=\"\" width=\"2880\" height=\"2159\" \/> <img loading=\"lazy\" decoding=\"async\" class=\"aligncenter size-full wp-image-7453\" src=\"https:\/\/www.sindiaboldt.de\/wedding\/wp-content\/uploads\/sites\/2\/2019\/06\/JM-Kirchliche-Hochzeit-Mu\u0308nchen-Freisinger-Hof-Hochzeitsfotograf-Sindia-Boldt-Photography-Mu\u0308nchen_0015.jpg\" alt=\"\" width=\"2880\" height=\"1920\" \/> <img loading=\"lazy\" decoding=\"async\" class=\"aligncenter size-full wp-image-7451\" src=\"https:\/\/www.sindiaboldt.de\/wedding\/wp-content\/uploads\/sites\/2\/2019\/06\/JM-Kirchliche-Hochzeit-Mu\u0308nchen-Freisinger-Hof-Hochzeitsfotograf-Sindia-Boldt-Photography-Mu\u0308nchen_0013.jpg\" alt=\"\" width=\"2880\" height=\"2160\" \/> <img loading=\"lazy\" decoding=\"async\" class=\"aligncenter size-full wp-image-7450\" src=\"https:\/\/www.sindiaboldt.de\/wedding\/wp-content\/uploads\/sites\/2\/2019\/06\/JM-Kirchliche-Hochzeit-Mu\u0308nchen-Freisinger-Hof-Hochzeitsfotograf-Sindia-Boldt-Photography-Mu\u0308nchen_0012.jpg\" alt=\"\" width=\"2880\" height=\"2160\" \/> <img loading=\"lazy\" decoding=\"async\" class=\"aligncenter size-full wp-image-7449\" src=\"https:\/\/www.sindiaboldt.de\/wedding\/wp-content\/uploads\/sites\/2\/2019\/06\/JM-Kirchliche-Hochzeit-Mu\u0308nchen-Freisinger-Hof-Hochzeitsfotograf-Sindia-Boldt-Photography-Mu\u0308nchen_0011.jpg\" alt=\"\" width=\"2880\" height=\"4320\" \/> <img loading=\"lazy\" decoding=\"async\" class=\"aligncenter size-full wp-image-7448\" src=\"https:\/\/www.sindiaboldt.de\/wedding\/wp-content\/uploads\/sites\/2\/2019\/06\/JM-Kirchliche-Hochzeit-Mu\u0308nchen-Freisinger-Hof-Hochzeitsfotograf-Sindia-Boldt-Photography-Mu\u0308nchen_0010.jpg\" alt=\"\" width=\"2880\" height=\"2159\" \/> <img loading=\"lazy\" decoding=\"async\" class=\"aligncenter size-full wp-image-7447\" src=\"https:\/\/www.sindiaboldt.de\/wedding\/wp-content\/uploads\/sites\/2\/2019\/06\/JM-Kirchliche-Hochzeit-Mu\u0308nchen-Freisinger-Hof-Hochzeitsfotograf-Sindia-Boldt-Photography-Mu\u0308nchen_0009.jpg\" alt=\"\" width=\"2880\" height=\"2160\" \/><img loading=\"lazy\" decoding=\"async\" class=\"aligncenter size-full wp-image-7454\" src=\"https:\/\/www.sindiaboldt.de\/wedding\/wp-content\/uploads\/sites\/2\/2019\/06\/JM-Kirchliche-Hochzeit-Mu\u0308nchen-Freisinger-Hof-Hochzeitsfotograf-Sindia-Boldt-Photography-Mu\u0308nchen_0016.jpg\" alt=\"\" width=\"2880\" height=\"2159\" \/> <img loading=\"lazy\" decoding=\"async\" class=\"aligncenter size-full wp-image-7461\" src=\"https:\/\/www.sindiaboldt.de\/wedding\/wp-content\/uploads\/sites\/2\/2019\/06\/JM-Kirchliche-Hochzeit-Mu\u0308nchen-Freisinger-Hof-Hochzeitsfotograf-Sindia-Boldt-Photography-Mu\u0308nchen_0023.jpg\" alt=\"\" width=\"2880\" height=\"2160\" \/> <img loading=\"lazy\" decoding=\"async\" class=\"aligncenter size-full wp-image-7460\" src=\"https:\/\/www.sindiaboldt.de\/wedding\/wp-content\/uploads\/sites\/2\/2019\/06\/JM-Kirchliche-Hochzeit-Mu\u0308nchen-Freisinger-Hof-Hochzeitsfotograf-Sindia-Boldt-Photography-Mu\u0308nchen_0022.jpg\" alt=\"\" width=\"2880\" height=\"2159\" \/> <img loading=\"lazy\" decoding=\"async\" class=\"aligncenter size-full wp-image-7459\" src=\"https:\/\/www.sindiaboldt.de\/wedding\/wp-content\/uploads\/sites\/2\/2019\/06\/JM-Kirchliche-Hochzeit-Mu\u0308nchen-Freisinger-Hof-Hochzeitsfotograf-Sindia-Boldt-Photography-Mu\u0308nchen_0021.jpg\" alt=\"\" width=\"2880\" height=\"4320\" \/> <img loading=\"lazy\" decoding=\"async\" class=\"aligncenter size-full wp-image-7458\" src=\"https:\/\/www.sindiaboldt.de\/wedding\/wp-content\/uploads\/sites\/2\/2019\/06\/JM-Kirchliche-Hochzeit-Mu\u0308nchen-Freisinger-Hof-Hochzeitsfotograf-Sindia-Boldt-Photography-Mu\u0308nchen_0020.jpg\" alt=\"\" width=\"2880\" height=\"2160\" \/> <img loading=\"lazy\" decoding=\"async\" class=\"aligncenter size-full wp-image-7457\" src=\"https:\/\/www.sindiaboldt.de\/wedding\/wp-content\/uploads\/sites\/2\/2019\/06\/JM-Kirchliche-Hochzeit-Mu\u0308nchen-Freisinger-Hof-Hochzeitsfotograf-Sindia-Boldt-Photography-Mu\u0308nchen_0019.jpg\" alt=\"\" width=\"2880\" height=\"2160\" \/> <img loading=\"lazy\" decoding=\"async\" class=\"aligncenter size-full wp-image-7456\" src=\"https:\/\/www.sindiaboldt.de\/wedding\/wp-content\/uploads\/sites\/2\/2019\/06\/JM-Kirchliche-Hochzeit-Mu\u0308nchen-Freisinger-Hof-Hochzeitsfotograf-Sindia-Boldt-Photography-Mu\u0308nchen_0018.jpg\" alt=\"\" width=\"2880\" height=\"2160\" \/> <img loading=\"lazy\" decoding=\"async\" class=\"aligncenter size-full wp-image-7455\" src=\"https:\/\/www.sindiaboldt.de\/wedding\/wp-content\/uploads\/sites\/2\/2019\/06\/JM-Kirchliche-Hochzeit-Mu\u0308nchen-Freisinger-Hof-Hochzeitsfotograf-Sindia-Boldt-Photography-Mu\u0308nchen_0017.jpg\" alt=\"\" width=\"2880\" height=\"2160\" \/><img loading=\"lazy\" decoding=\"async\" class=\"aligncenter size-full wp-image-7462\" src=\"https:\/\/www.sindiaboldt.de\/wedding\/wp-content\/uploads\/sites\/2\/2019\/06\/JM-Kirchliche-Hochzeit-Mu\u0308nchen-Freisinger-Hof-Hochzeitsfotograf-Sindia-Boldt-Photography-Mu\u0308nchen_0024.jpg\" alt=\"\" width=\"2880\" height=\"2160\" \/> <img loading=\"lazy\" decoding=\"async\" class=\"aligncenter size-full wp-image-7463\" src=\"https:\/\/www.sindiaboldt.de\/wedding\/wp-content\/uploads\/sites\/2\/2019\/06\/JM-Kirchliche-Hochzeit-Mu\u0308nchen-Freisinger-Hof-Hochzeitsfotograf-Sindia-Boldt-Photography-Mu\u0308nchen_0025.jpg\" alt=\"\" width=\"2880\" height=\"2160\" \/><img loading=\"lazy\" decoding=\"async\" class=\"aligncenter size-full wp-image-7464\" src=\"https:\/\/www.sindiaboldt.de\/wedding\/wp-content\/uploads\/sites\/2\/2019\/06\/JM-Kirchliche-Hochzeit-Mu\u0308nchen-Freisinger-Hof-Hochzeitsfotograf-Sindia-Boldt-Photography-Mu\u0308nchen_0026.jpg\" alt=\"\" width=\"2880\" height=\"2160\" \/> <img loading=\"lazy\" decoding=\"async\" class=\"aligncenter size-full wp-image-7472\" src=\"https:\/\/www.sindiaboldt.de\/wedding\/wp-content\/uploads\/sites\/2\/2019\/06\/JM-Kirchliche-Hochzeit-Mu\u0308nchen-Freisinger-Hof-Hochzeitsfotograf-Sindia-Boldt-Photography-Mu\u0308nchen_0034.jpg\" alt=\"\" width=\"2880\" height=\"1920\" \/> <img loading=\"lazy\" decoding=\"async\" class=\"aligncenter size-full wp-image-7471\" src=\"https:\/\/www.sindiaboldt.de\/wedding\/wp-content\/uploads\/sites\/2\/2019\/06\/JM-Kirchliche-Hochzeit-Mu\u0308nchen-Freisinger-Hof-Hochzeitsfotograf-Sindia-Boldt-Photography-Mu\u0308nchen_0033.jpg\" alt=\"\" width=\"2880\" height=\"2160\" \/> <img loading=\"lazy\" decoding=\"async\" class=\"aligncenter size-full wp-image-7470\" src=\"https:\/\/www.sindiaboldt.de\/wedding\/wp-content\/uploads\/sites\/2\/2019\/06\/JM-Kirchliche-Hochzeit-Mu\u0308nchen-Freisinger-Hof-Hochzeitsfotograf-Sindia-Boldt-Photography-Mu\u0308nchen_0032.jpg\" alt=\"\" width=\"2880\" height=\"1920\" \/> <img loading=\"lazy\" decoding=\"async\" class=\"aligncenter size-full wp-image-7469\" src=\"https:\/\/www.sindiaboldt.de\/wedding\/wp-content\/uploads\/sites\/2\/2019\/06\/JM-Kirchliche-Hochzeit-Mu\u0308nchen-Freisinger-Hof-Hochzeitsfotograf-Sindia-Boldt-Photography-Mu\u0308nchen_0031.jpg\" alt=\"\" width=\"2880\" height=\"2159\" \/> <img loading=\"lazy\" decoding=\"async\" class=\"aligncenter size-full wp-image-7468\" src=\"https:\/\/www.sindiaboldt.de\/wedding\/wp-content\/uploads\/sites\/2\/2019\/06\/JM-Kirchliche-Hochzeit-Mu\u0308nchen-Freisinger-Hof-Hochzeitsfotograf-Sindia-Boldt-Photography-Mu\u0308nchen_0030.jpg\" alt=\"\" width=\"2880\" height=\"4320\" \/> <img loading=\"lazy\" decoding=\"async\" class=\"aligncenter size-full wp-image-7467\" src=\"https:\/\/www.sindiaboldt.de\/wedding\/wp-content\/uploads\/sites\/2\/2019\/06\/JM-Kirchliche-Hochzeit-Mu\u0308nchen-Freisinger-Hof-Hochzeitsfotograf-Sindia-Boldt-Photography-Mu\u0308nchen_0029.jpg\" alt=\"\" width=\"2880\" height=\"2160\" \/> <img loading=\"lazy\" decoding=\"async\" class=\"aligncenter size-full wp-image-7466\" src=\"https:\/\/www.sindiaboldt.de\/wedding\/wp-content\/uploads\/sites\/2\/2019\/06\/JM-Kirchliche-Hochzeit-Mu\u0308nchen-Freisinger-Hof-Hochzeitsfotograf-Sindia-Boldt-Photography-Mu\u0308nchen_0028.jpg\" alt=\"\" width=\"2880\" height=\"4319\" \/> <img loading=\"lazy\" decoding=\"async\" class=\"aligncenter size-full wp-image-7465\" src=\"https:\/\/www.sindiaboldt.de\/wedding\/wp-content\/uploads\/sites\/2\/2019\/06\/JM-Kirchliche-Hochzeit-Mu\u0308nchen-Freisinger-Hof-Hochzeitsfotograf-Sindia-Boldt-Photography-Mu\u0308nchen_0027.jpg\" alt=\"\" width=\"2880\" height=\"2159\" \/><img loading=\"lazy\" decoding=\"async\" class=\"aligncenter size-full wp-image-7473\" src=\"https:\/\/www.sindiaboldt.de\/wedding\/wp-content\/uploads\/sites\/2\/2019\/06\/JM-Kirchliche-Hochzeit-Mu\u0308nchen-Freisinger-Hof-Hochzeitsfotograf-Sindia-Boldt-Photography-Mu\u0308nchen_0035.jpg\" alt=\"\" width=\"2880\" height=\"2159\" \/> <img loading=\"lazy\" decoding=\"async\" class=\"aligncenter size-full wp-image-7474\" src=\"https:\/\/www.sindiaboldt.de\/wedding\/wp-content\/uploads\/sites\/2\/2019\/06\/JM-Kirchliche-Hochzeit-Mu\u0308nchen-Freisinger-Hof-Hochzeitsfotograf-Sindia-Boldt-Photography-Mu\u0308nchen_0036.jpg\" alt=\"\" width=\"2880\" height=\"1920\" \/><img loading=\"lazy\" decoding=\"async\" class=\"aligncenter size-full wp-image-7476\" src=\"https:\/\/www.sindiaboldt.de\/wedding\/wp-content\/uploads\/sites\/2\/2019\/06\/JM-Kirchliche-Hochzeit-Mu\u0308nchen-Freisinger-Hof-Hochzeitsfotograf-Sindia-Boldt-Photography-Mu\u0308nchen_0038.jpg\" alt=\"\" width=\"2880\" height=\"2160\" \/> <img loading=\"lazy\" decoding=\"async\" class=\"aligncenter size-full wp-image-7486\" src=\"https:\/\/www.sindiaboldt.de\/wedding\/wp-content\/uploads\/sites\/2\/2019\/06\/JM-Kirchliche-Hochzeit-Mu\u0308nchen-Freisinger-Hof-Hochzeitsfotograf-Sindia-Boldt-Photography-Mu\u0308nchen_0048.jpg\" alt=\"\" width=\"2880\" height=\"2160\" \/> <img loading=\"lazy\" decoding=\"async\" class=\"aligncenter size-full wp-image-7485\" src=\"https:\/\/www.sindiaboldt.de\/wedding\/wp-content\/uploads\/sites\/2\/2019\/06\/JM-Kirchliche-Hochzeit-Mu\u0308nchen-Freisinger-Hof-Hochzeitsfotograf-Sindia-Boldt-Photography-Mu\u0308nchen_0047.jpg\" alt=\"\" width=\"2880\" height=\"2159\" \/> <img loading=\"lazy\" decoding=\"async\" class=\"aligncenter size-full wp-image-7484\" src=\"https:\/\/www.sindiaboldt.de\/wedding\/wp-content\/uploads\/sites\/2\/2019\/06\/JM-Kirchliche-Hochzeit-Mu\u0308nchen-Freisinger-Hof-Hochzeitsfotograf-Sindia-Boldt-Photography-Mu\u0308nchen_0046.jpg\" alt=\"\" width=\"2880\" height=\"2160\" \/> <img loading=\"lazy\" decoding=\"async\" class=\"aligncenter size-full wp-image-7483\" src=\"https:\/\/www.sindiaboldt.de\/wedding\/wp-content\/uploads\/sites\/2\/2019\/06\/JM-Kirchliche-Hochzeit-Mu\u0308nchen-Freisinger-Hof-Hochzeitsfotograf-Sindia-Boldt-Photography-Mu\u0308nchen_0045.jpg\" alt=\"\" width=\"2880\" height=\"2160\" \/> <img loading=\"lazy\" decoding=\"async\" class=\"aligncenter size-full wp-image-7482\" src=\"https:\/\/www.sindiaboldt.de\/wedding\/wp-content\/uploads\/sites\/2\/2019\/06\/JM-Kirchliche-Hochzeit-Mu\u0308nchen-Freisinger-Hof-Hochzeitsfotograf-Sindia-Boldt-Photography-Mu\u0308nchen_0044.jpg\" alt=\"\" width=\"2880\" height=\"2160\" \/> <img loading=\"lazy\" decoding=\"async\" class=\"aligncenter size-full wp-image-7481\" src=\"https:\/\/www.sindiaboldt.de\/wedding\/wp-content\/uploads\/sites\/2\/2019\/06\/JM-Kirchliche-Hochzeit-Mu\u0308nchen-Freisinger-Hof-Hochzeitsfotograf-Sindia-Boldt-Photography-Mu\u0308nchen_0043.jpg\" alt=\"\" width=\"2880\" height=\"1920\" \/> <img loading=\"lazy\" decoding=\"async\" class=\"aligncenter size-full wp-image-7480\" src=\"https:\/\/www.sindiaboldt.de\/wedding\/wp-content\/uploads\/sites\/2\/2019\/06\/JM-Kirchliche-Hochzeit-Mu\u0308nchen-Freisinger-Hof-Hochzeitsfotograf-Sindia-Boldt-Photography-Mu\u0308nchen_0042.jpg\" alt=\"\" width=\"2880\" height=\"2160\" \/> <img loading=\"lazy\" decoding=\"async\" class=\"aligncenter size-full wp-image-7479\" src=\"https:\/\/www.sindiaboldt.de\/wedding\/wp-content\/uploads\/sites\/2\/2019\/06\/JM-Kirchliche-Hochzeit-Mu\u0308nchen-Freisinger-Hof-Hochzeitsfotograf-Sindia-Boldt-Photography-Mu\u0308nchen_0041.jpg\" alt=\"\" width=\"2880\" height=\"2160\" \/> <img loading=\"lazy\" decoding=\"async\" class=\"aligncenter size-full wp-image-7478\" src=\"https:\/\/www.sindiaboldt.de\/wedding\/wp-content\/uploads\/sites\/2\/2019\/06\/JM-Kirchliche-Hochzeit-Mu\u0308nchen-Freisinger-Hof-Hochzeitsfotograf-Sindia-Boldt-Photography-Mu\u0308nchen_0040.jpg\" alt=\"\" width=\"2880\" height=\"1921\" \/> <img loading=\"lazy\" decoding=\"async\" class=\"aligncenter size-full wp-image-7477\" src=\"https:\/\/www.sindiaboldt.de\/wedding\/wp-content\/uploads\/sites\/2\/2019\/06\/JM-Kirchliche-Hochzeit-Mu\u0308nchen-Freisinger-Hof-Hochzeitsfotograf-Sindia-Boldt-Photography-Mu\u0308nchen_0039.jpg\" alt=\"\" width=\"2880\" height=\"2159\" \/><img loading=\"lazy\" decoding=\"async\" class=\"aligncenter size-full wp-image-7487\" src=\"https:\/\/www.sindiaboldt.de\/wedding\/wp-content\/uploads\/sites\/2\/2019\/06\/JM-Kirchliche-Hochzeit-Mu\u0308nchen-Freisinger-Hof-Hochzeitsfotograf-Sindia-Boldt-Photography-Mu\u0308nchen_0049.jpg\" alt=\"\" width=\"2880\" height=\"2160\" \/> <img loading=\"lazy\" decoding=\"async\" class=\"aligncenter size-full wp-image-7497\" src=\"https:\/\/www.sindiaboldt.de\/wedding\/wp-content\/uploads\/sites\/2\/2019\/06\/JM-Kirchliche-Hochzeit-Mu\u0308nchen-Freisinger-Hof-Hochzeitsfotograf-Sindia-Boldt-Photography-Mu\u0308nchen_0059.jpg\" alt=\"\" width=\"2880\" height=\"2160\" \/> <img loading=\"lazy\" decoding=\"async\" class=\"aligncenter size-full wp-image-7496\" src=\"https:\/\/www.sindiaboldt.de\/wedding\/wp-content\/uploads\/sites\/2\/2019\/06\/JM-Kirchliche-Hochzeit-Mu\u0308nchen-Freisinger-Hof-Hochzeitsfotograf-Sindia-Boldt-Photography-Mu\u0308nchen_0058.jpg\" alt=\"\" width=\"2880\" height=\"4320\" \/> <img loading=\"lazy\" decoding=\"async\" class=\"aligncenter size-full wp-image-7495\" src=\"https:\/\/www.sindiaboldt.de\/wedding\/wp-content\/uploads\/sites\/2\/2019\/06\/JM-Kirchliche-Hochzeit-Mu\u0308nchen-Freisinger-Hof-Hochzeitsfotograf-Sindia-Boldt-Photography-Mu\u0308nchen_0057.jpg\" alt=\"\" width=\"2880\" height=\"2159\" \/> <img loading=\"lazy\" decoding=\"async\" class=\"aligncenter size-full wp-image-7494\" src=\"https:\/\/www.sindiaboldt.de\/wedding\/wp-content\/uploads\/sites\/2\/2019\/06\/JM-Kirchliche-Hochzeit-Mu\u0308nchen-Freisinger-Hof-Hochzeitsfotograf-Sindia-Boldt-Photography-Mu\u0308nchen_0056.jpg\" alt=\"\" width=\"2880\" height=\"2160\" \/> <img loading=\"lazy\" decoding=\"async\" class=\"aligncenter size-full wp-image-7493\" src=\"https:\/\/www.sindiaboldt.de\/wedding\/wp-content\/uploads\/sites\/2\/2019\/06\/JM-Kirchliche-Hochzeit-Mu\u0308nchen-Freisinger-Hof-Hochzeitsfotograf-Sindia-Boldt-Photography-Mu\u0308nchen_0055.jpg\" alt=\"\" width=\"2880\" height=\"4320\" \/> <img loading=\"lazy\" decoding=\"async\" class=\"aligncenter size-full wp-image-7492\" src=\"https:\/\/www.sindiaboldt.de\/wedding\/wp-content\/uploads\/sites\/2\/2019\/06\/JM-Kirchliche-Hochzeit-Mu\u0308nchen-Freisinger-Hof-Hochzeitsfotograf-Sindia-Boldt-Photography-Mu\u0308nchen_0054.jpg\" alt=\"\" width=\"2880\" height=\"2160\" \/> <img loading=\"lazy\" decoding=\"async\" class=\"aligncenter size-full wp-image-7491\" src=\"https:\/\/www.sindiaboldt.de\/wedding\/wp-content\/uploads\/sites\/2\/2019\/06\/JM-Kirchliche-Hochzeit-Mu\u0308nchen-Freisinger-Hof-Hochzeitsfotograf-Sindia-Boldt-Photography-Mu\u0308nchen_0053.jpg\" alt=\"\" width=\"2880\" height=\"2160\" \/> <img loading=\"lazy\" decoding=\"async\" class=\"aligncenter size-full wp-image-7490\" src=\"https:\/\/www.sindiaboldt.de\/wedding\/wp-content\/uploads\/sites\/2\/2019\/06\/JM-Kirchliche-Hochzeit-Mu\u0308nchen-Freisinger-Hof-Hochzeitsfotograf-Sindia-Boldt-Photography-Mu\u0308nchen_0052.jpg\" alt=\"\" width=\"2880\" height=\"4320\" \/> <img loading=\"lazy\" decoding=\"async\" class=\"aligncenter size-full wp-image-7489\" src=\"https:\/\/www.sindiaboldt.de\/wedding\/wp-content\/uploads\/sites\/2\/2019\/06\/JM-Kirchliche-Hochzeit-Mu\u0308nchen-Freisinger-Hof-Hochzeitsfotograf-Sindia-Boldt-Photography-Mu\u0308nchen_0051.jpg\" alt=\"\" width=\"2880\" height=\"2160\" \/> <img loading=\"lazy\" decoding=\"async\" class=\"aligncenter size-full wp-image-7488\" src=\"https:\/\/www.sindiaboldt.de\/wedding\/wp-content\/uploads\/sites\/2\/2019\/06\/JM-Kirchliche-Hochzeit-Mu\u0308nchen-Freisinger-Hof-Hochzeitsfotograf-Sindia-Boldt-Photography-Mu\u0308nchen_0050.jpg\" alt=\"\" width=\"2880\" height=\"4320\" \/><img loading=\"lazy\" decoding=\"async\" class=\"aligncenter size-full wp-image-7498\" src=\"https:\/\/www.sindiaboldt.de\/wedding\/wp-content\/uploads\/sites\/2\/2019\/06\/JM-Kirchliche-Hochzeit-Mu\u0308nchen-Freisinger-Hof-Hochzeitsfotograf-Sindia-Boldt-Photography-Mu\u0308nchen_0060.jpg\" alt=\"\" width=\"2880\" height=\"2160\" \/> <img loading=\"lazy\" decoding=\"async\" class=\"aligncenter size-full wp-image-7507\" src=\"https:\/\/www.sindiaboldt.de\/wedding\/wp-content\/uploads\/sites\/2\/2019\/06\/JM-Kirchliche-Hochzeit-Mu\u0308nchen-Freisinger-Hof-Hochzeitsfotograf-Sindia-Boldt-Photography-Mu\u0308nchen_0069.jpg\" alt=\"\" width=\"2880\" height=\"4320\" \/> <img loading=\"lazy\" decoding=\"async\" class=\"aligncenter size-full wp-image-7506\" src=\"https:\/\/www.sindiaboldt.de\/wedding\/wp-content\/uploads\/sites\/2\/2019\/06\/JM-Kirchliche-Hochzeit-Mu\u0308nchen-Freisinger-Hof-Hochzeitsfotograf-Sindia-Boldt-Photography-Mu\u0308nchen_0068.jpg\" alt=\"\" width=\"2880\" height=\"2159\" \/> <img loading=\"lazy\" decoding=\"async\" class=\"aligncenter size-full wp-image-7505\" src=\"https:\/\/www.sindiaboldt.de\/wedding\/wp-content\/uploads\/sites\/2\/2019\/06\/JM-Kirchliche-Hochzeit-Mu\u0308nchen-Freisinger-Hof-Hochzeitsfotograf-Sindia-Boldt-Photography-Mu\u0308nchen_0067.jpg\" alt=\"\" width=\"2880\" height=\"2160\" \/> <img loading=\"lazy\" decoding=\"async\" class=\"aligncenter size-full wp-image-7504\" src=\"https:\/\/www.sindiaboldt.de\/wedding\/wp-content\/uploads\/sites\/2\/2019\/06\/JM-Kirchliche-Hochzeit-Mu\u0308nchen-Freisinger-Hof-Hochzeitsfotograf-Sindia-Boldt-Photography-Mu\u0308nchen_0066.jpg\" alt=\"\" width=\"2880\" height=\"1920\" \/> <img loading=\"lazy\" decoding=\"async\" class=\"aligncenter size-full wp-image-7503\" src=\"https:\/\/www.sindiaboldt.de\/wedding\/wp-content\/uploads\/sites\/2\/2019\/06\/JM-Kirchliche-Hochzeit-Mu\u0308nchen-Freisinger-Hof-Hochzeitsfotograf-Sindia-Boldt-Photography-Mu\u0308nchen_0065.jpg\" alt=\"\" width=\"2880\" height=\"2160\" \/> <img loading=\"lazy\" decoding=\"async\" class=\"aligncenter size-full wp-image-7502\" src=\"https:\/\/www.sindiaboldt.de\/wedding\/wp-content\/uploads\/sites\/2\/2019\/06\/JM-Kirchliche-Hochzeit-Mu\u0308nchen-Freisinger-Hof-Hochzeitsfotograf-Sindia-Boldt-Photography-Mu\u0308nchen_0064.jpg\" alt=\"\" width=\"2880\" height=\"2159\" \/> <img loading=\"lazy\" decoding=\"async\" class=\"aligncenter size-full wp-image-7501\" src=\"https:\/\/www.sindiaboldt.de\/wedding\/wp-content\/uploads\/sites\/2\/2019\/06\/JM-Kirchliche-Hochzeit-Mu\u0308nchen-Freisinger-Hof-Hochzeitsfotograf-Sindia-Boldt-Photography-Mu\u0308nchen_0063.jpg\" alt=\"\" width=\"2880\" height=\"4320\" \/> <img loading=\"lazy\" decoding=\"async\" class=\"aligncenter size-full wp-image-7500\" src=\"https:\/\/www.sindiaboldt.de\/wedding\/wp-content\/uploads\/sites\/2\/2019\/06\/JM-Kirchliche-Hochzeit-Mu\u0308nchen-Freisinger-Hof-Hochzeitsfotograf-Sindia-Boldt-Photography-Mu\u0308nchen_0062.jpg\" alt=\"\" width=\"2880\" height=\"2160\" \/> <img loading=\"lazy\" decoding=\"async\" class=\"aligncenter size-full wp-image-7499\" src=\"https:\/\/www.sindiaboldt.de\/wedding\/wp-content\/uploads\/sites\/2\/2019\/06\/JM-Kirchliche-Hochzeit-Mu\u0308nchen-Freisinger-Hof-Hochzeitsfotograf-Sindia-Boldt-Photography-Mu\u0308nchen_0061.jpg\" alt=\"\" width=\"2880\" height=\"1920\" \/><img loading=\"lazy\" decoding=\"async\" class=\"aligncenter size-full wp-image-7508\" src=\"https:\/\/www.sindiaboldt.de\/wedding\/wp-content\/uploads\/sites\/2\/2019\/06\/JM-Kirchliche-Hochzeit-Mu\u0308nchen-Freisinger-Hof-Hochzeitsfotograf-Sindia-Boldt-Photography-Mu\u0308nchen_0070.jpg\" alt=\"\" width=\"2880\" height=\"2160\" \/> <img loading=\"lazy\" decoding=\"async\" class=\"aligncenter size-full wp-image-7517\" src=\"https:\/\/www.sindiaboldt.de\/wedding\/wp-content\/uploads\/sites\/2\/2019\/06\/JM-Kirchliche-Hochzeit-Mu\u0308nchen-Freisinger-Hof-Hochzeitsfotograf-Sindia-Boldt-Photography-Mu\u0308nchen_0079.jpg\" alt=\"\" width=\"2880\" height=\"2160\" \/> <img loading=\"lazy\" decoding=\"async\" class=\"aligncenter size-full wp-image-7516\" src=\"https:\/\/www.sindiaboldt.de\/wedding\/wp-content\/uploads\/sites\/2\/2019\/06\/JM-Kirchliche-Hochzeit-Mu\u0308nchen-Freisinger-Hof-Hochzeitsfotograf-Sindia-Boldt-Photography-Mu\u0308nchen_0078.jpg\" alt=\"\" width=\"2880\" height=\"1920\" \/> <img loading=\"lazy\" decoding=\"async\" class=\"aligncenter size-full wp-image-7515\" src=\"https:\/\/www.sindiaboldt.de\/wedding\/wp-content\/uploads\/sites\/2\/2019\/06\/JM-Kirchliche-Hochzeit-Mu\u0308nchen-Freisinger-Hof-Hochzeitsfotograf-Sindia-Boldt-Photography-Mu\u0308nchen_0077.jpg\" alt=\"\" width=\"2880\" height=\"2159\" \/> <img loading=\"lazy\" decoding=\"async\" class=\"aligncenter size-full wp-image-7514\" src=\"https:\/\/www.sindiaboldt.de\/wedding\/wp-content\/uploads\/sites\/2\/2019\/06\/JM-Kirchliche-Hochzeit-Mu\u0308nchen-Freisinger-Hof-Hochzeitsfotograf-Sindia-Boldt-Photography-Mu\u0308nchen_0076.jpg\" alt=\"\" width=\"2880\" height=\"1920\" \/> <img loading=\"lazy\" decoding=\"async\" class=\"aligncenter size-full wp-image-7513\" src=\"https:\/\/www.sindiaboldt.de\/wedding\/wp-content\/uploads\/sites\/2\/2019\/06\/JM-Kirchliche-Hochzeit-Mu\u0308nchen-Freisinger-Hof-Hochzeitsfotograf-Sindia-Boldt-Photography-Mu\u0308nchen_0075.jpg\" alt=\"\" width=\"2880\" height=\"2160\" \/> <img loading=\"lazy\" decoding=\"async\" class=\"aligncenter size-full wp-image-7512\" src=\"https:\/\/www.sindiaboldt.de\/wedding\/wp-content\/uploads\/sites\/2\/2019\/06\/JM-Kirchliche-Hochzeit-Mu\u0308nchen-Freisinger-Hof-Hochzeitsfotograf-Sindia-Boldt-Photography-Mu\u0308nchen_0074.jpg\" alt=\"\" width=\"2880\" height=\"4320\" \/> <img loading=\"lazy\" decoding=\"async\" class=\"aligncenter size-full wp-image-7511\" src=\"https:\/\/www.sindiaboldt.de\/wedding\/wp-content\/uploads\/sites\/2\/2019\/06\/JM-Kirchliche-Hochzeit-Mu\u0308nchen-Freisinger-Hof-Hochzeitsfotograf-Sindia-Boldt-Photography-Mu\u0308nchen_0073.jpg\" alt=\"\" width=\"2880\" height=\"2160\" \/> <img loading=\"lazy\" decoding=\"async\" class=\"aligncenter size-full wp-image-7510\" src=\"https:\/\/www.sindiaboldt.de\/wedding\/wp-content\/uploads\/sites\/2\/2019\/06\/JM-Kirchliche-Hochzeit-Mu\u0308nchen-Freisinger-Hof-Hochzeitsfotograf-Sindia-Boldt-Photography-Mu\u0308nchen_0072.jpg\" alt=\"\" width=\"2880\" height=\"2160\" \/> <img loading=\"lazy\" decoding=\"async\" class=\"aligncenter size-full wp-image-7509\" src=\"https:\/\/www.sindiaboldt.de\/wedding\/wp-content\/uploads\/sites\/2\/2019\/06\/JM-Kirchliche-Hochzeit-Mu\u0308nchen-Freisinger-Hof-Hochzeitsfotograf-Sindia-Boldt-Photography-Mu\u0308nchen_0071.jpg\" alt=\"\" width=\"2880\" height=\"2160\" \/><img loading=\"lazy\" decoding=\"async\" class=\"aligncenter size-full wp-image-7518\" src=\"https:\/\/www.sindiaboldt.de\/wedding\/wp-content\/uploads\/sites\/2\/2019\/06\/JM-Kirchliche-Hochzeit-Mu\u0308nchen-Freisinger-Hof-Hochzeitsfotograf-Sindia-Boldt-Photography-Mu\u0308nchen_0080.jpg\" alt=\"\" width=\"2880\" height=\"1920\" \/> <img loading=\"lazy\" decoding=\"async\" class=\"aligncenter size-full wp-image-7524\" src=\"https:\/\/www.sindiaboldt.de\/wedding\/wp-content\/uploads\/sites\/2\/2019\/06\/JM-Kirchliche-Hochzeit-Mu\u0308nchen-Freisinger-Hof-Hochzeitsfotograf-Sindia-Boldt-Photography-Mu\u0308nchen_0086.jpg\" alt=\"\" width=\"2880\" height=\"2160\" \/> <img loading=\"lazy\" decoding=\"async\" class=\"aligncenter size-full wp-image-7523\" src=\"https:\/\/www.sindiaboldt.de\/wedding\/wp-content\/uploads\/sites\/2\/2019\/06\/JM-Kirchliche-Hochzeit-Mu\u0308nchen-Freisinger-Hof-Hochzeitsfotograf-Sindia-Boldt-Photography-Mu\u0308nchen_0085.jpg\" alt=\"\" width=\"2880\" height=\"2159\" \/> <img loading=\"lazy\" decoding=\"async\" class=\"aligncenter size-full wp-image-7522\" src=\"https:\/\/www.sindiaboldt.de\/wedding\/wp-content\/uploads\/sites\/2\/2019\/06\/JM-Kirchliche-Hochzeit-Mu\u0308nchen-Freisinger-Hof-Hochzeitsfotograf-Sindia-Boldt-Photography-Mu\u0308nchen_0084.jpg\" alt=\"\" width=\"2880\" height=\"4320\" \/> <img loading=\"lazy\" decoding=\"async\" class=\"aligncenter size-full wp-image-7521\" src=\"https:\/\/www.sindiaboldt.de\/wedding\/wp-content\/uploads\/sites\/2\/2019\/06\/JM-Kirchliche-Hochzeit-Mu\u0308nchen-Freisinger-Hof-Hochzeitsfotograf-Sindia-Boldt-Photography-Mu\u0308nchen_0083.jpg\" alt=\"\" width=\"2880\" height=\"2160\" \/> <img loading=\"lazy\" decoding=\"async\" class=\"aligncenter size-full wp-image-7520\" src=\"https:\/\/www.sindiaboldt.de\/wedding\/wp-content\/uploads\/sites\/2\/2019\/06\/JM-Kirchliche-Hochzeit-Mu\u0308nchen-Freisinger-Hof-Hochzeitsfotograf-Sindia-Boldt-Photography-Mu\u0308nchen_0082.jpg\" alt=\"\" width=\"2880\" height=\"4320\" \/> <img loading=\"lazy\" decoding=\"async\" class=\"aligncenter size-full wp-image-7519\" src=\"https:\/\/www.sindiaboldt.de\/wedding\/wp-content\/uploads\/sites\/2\/2019\/06\/JM-Kirchliche-Hochzeit-Mu\u0308nchen-Freisinger-Hof-Hochzeitsfotograf-Sindia-Boldt-Photography-Mu\u0308nchen_0081.jpg\" alt=\"\" width=\"2880\" height=\"2160\" \/><img loading=\"lazy\" decoding=\"async\" class=\"aligncenter size-full wp-image-7525\" src=\"https:\/\/www.sindiaboldt.de\/wedding\/wp-content\/uploads\/sites\/2\/2019\/06\/JM-Kirchliche-Hochzeit-Mu\u0308nchen-Freisinger-Hof-Hochzeitsfotograf-Sindia-Boldt-Photography-Mu\u0308nchen_0087.jpg\" alt=\"\" width=\"2880\" height=\"2160\" \/> <img loading=\"lazy\" decoding=\"async\" class=\"aligncenter size-full wp-image-7536\" src=\"https:\/\/www.sindiaboldt.de\/wedding\/wp-content\/uploads\/sites\/2\/2019\/06\/JM-Kirchliche-Hochzeit-Mu\u0308nchen-Freisinger-Hof-Hochzeitsfotograf-Sindia-Boldt-Photography-Mu\u0308nchen_0098.jpg\" alt=\"\" width=\"2880\" height=\"2160\" \/> <img loading=\"lazy\" decoding=\"async\" class=\"aligncenter size-full wp-image-7535\" src=\"https:\/\/www.sindiaboldt.de\/wedding\/wp-content\/uploads\/sites\/2\/2019\/06\/JM-Kirchliche-Hochzeit-Mu\u0308nchen-Freisinger-Hof-Hochzeitsfotograf-Sindia-Boldt-Photography-Mu\u0308nchen_0097.jpg\" alt=\"\" width=\"2880\" height=\"4319\" \/> <img loading=\"lazy\" decoding=\"async\" class=\"aligncenter size-full wp-image-7534\" src=\"https:\/\/www.sindiaboldt.de\/wedding\/wp-content\/uploads\/sites\/2\/2019\/06\/JM-Kirchliche-Hochzeit-Mu\u0308nchen-Freisinger-Hof-Hochzeitsfotograf-Sindia-Boldt-Photography-Mu\u0308nchen_0096.jpg\" alt=\"\" width=\"2880\" height=\"2160\" \/> <img loading=\"lazy\" decoding=\"async\" class=\"aligncenter size-full wp-image-7533\" src=\"https:\/\/www.sindiaboldt.de\/wedding\/wp-content\/uploads\/sites\/2\/2019\/06\/JM-Kirchliche-Hochzeit-Mu\u0308nchen-Freisinger-Hof-Hochzeitsfotograf-Sindia-Boldt-Photography-Mu\u0308nchen_0095.jpg\" alt=\"\" width=\"2880\" height=\"2159\" \/> <img loading=\"lazy\" decoding=\"async\" class=\"aligncenter size-full wp-image-7532\" src=\"https:\/\/www.sindiaboldt.de\/wedding\/wp-content\/uploads\/sites\/2\/2019\/06\/JM-Kirchliche-Hochzeit-Mu\u0308nchen-Freisinger-Hof-Hochzeitsfotograf-Sindia-Boldt-Photography-Mu\u0308nchen_0094.jpg\" alt=\"\" width=\"2880\" height=\"2159\" \/> <img loading=\"lazy\" decoding=\"async\" class=\"aligncenter size-full wp-image-7531\" src=\"https:\/\/www.sindiaboldt.de\/wedding\/wp-content\/uploads\/sites\/2\/2019\/06\/JM-Kirchliche-Hochzeit-Mu\u0308nchen-Freisinger-Hof-Hochzeitsfotograf-Sindia-Boldt-Photography-Mu\u0308nchen_0093.jpg\" alt=\"\" width=\"2880\" height=\"2160\" \/> <img loading=\"lazy\" decoding=\"async\" class=\"aligncenter size-full wp-image-7530\" src=\"https:\/\/www.sindiaboldt.de\/wedding\/wp-content\/uploads\/sites\/2\/2019\/06\/JM-Kirchliche-Hochzeit-Mu\u0308nchen-Freisinger-Hof-Hochzeitsfotograf-Sindia-Boldt-Photography-Mu\u0308nchen_0092.jpg\" alt=\"\" width=\"2880\" height=\"2159\" \/> <img loading=\"lazy\" decoding=\"async\" class=\"aligncenter size-full wp-image-7529\" src=\"https:\/\/www.sindiaboldt.de\/wedding\/wp-content\/uploads\/sites\/2\/2019\/06\/JM-Kirchliche-Hochzeit-Mu\u0308nchen-Freisinger-Hof-Hochzeitsfotograf-Sindia-Boldt-Photography-Mu\u0308nchen_0091.jpg\" alt=\"\" width=\"2880\" height=\"4320\" \/> <img loading=\"lazy\" decoding=\"async\" class=\"aligncenter size-full wp-image-7528\" src=\"https:\/\/www.sindiaboldt.de\/wedding\/wp-content\/uploads\/sites\/2\/2019\/06\/JM-Kirchliche-Hochzeit-Mu\u0308nchen-Freisinger-Hof-Hochzeitsfotograf-Sindia-Boldt-Photography-Mu\u0308nchen_0090.jpg\" alt=\"\" width=\"2880\" height=\"2160\" \/> <img loading=\"lazy\" decoding=\"async\" class=\"aligncenter size-full wp-image-7527\" src=\"https:\/\/www.sindiaboldt.de\/wedding\/wp-content\/uploads\/sites\/2\/2019\/06\/JM-Kirchliche-Hochzeit-Mu\u0308nchen-Freisinger-Hof-Hochzeitsfotograf-Sindia-Boldt-Photography-Mu\u0308nchen_0089.jpg\" alt=\"\" width=\"2880\" height=\"2160\" \/> <img loading=\"lazy\" decoding=\"async\" class=\"aligncenter size-full wp-image-7526\" src=\"https:\/\/www.sindiaboldt.de\/wedding\/wp-content\/uploads\/sites\/2\/2019\/06\/JM-Kirchliche-Hochzeit-Mu\u0308nchen-Freisinger-Hof-Hochzeitsfotograf-Sindia-Boldt-Photography-Mu\u0308nchen_0088.jpg\" alt=\"\" width=\"2880\" height=\"1920\" \/><img loading=\"lazy\" decoding=\"async\" class=\"aligncenter size-full wp-image-7538\" src=\"https:\/\/www.sindiaboldt.de\/wedding\/wp-content\/uploads\/sites\/2\/2019\/06\/JM-Kirchliche-Hochzeit-Mu\u0308nchen-Freisinger-Hof-Hochzeitsfotograf-Sindia-Boldt-Photography-Mu\u0308nchen_0100.jpg\" alt=\"\" width=\"2880\" height=\"1920\" \/>\u00a0 <img loading=\"lazy\" decoding=\"async\" class=\"aligncenter size-full wp-image-7541\" src=\"https:\/\/www.sindiaboldt.de\/wedding\/wp-content\/uploads\/sites\/2\/2019\/06\/JM-Kirchliche-Hochzeit-Mu\u0308nchen-Freisinger-Hof-Hochzeitsfotograf-Sindia-Boldt-Photography-Mu\u0308nchen_0103.jpg\" alt=\"\" width=\"2880\" height=\"2160\" \/> <img loading=\"lazy\" decoding=\"async\" class=\"aligncenter size-full wp-image-7540\" src=\"https:\/\/www.sindiaboldt.de\/wedding\/wp-content\/uploads\/sites\/2\/2019\/06\/JM-Kirchliche-Hochzeit-Mu\u0308nchen-Freisinger-Hof-Hochzeitsfotograf-Sindia-Boldt-Photography-Mu\u0308nchen_0102.jpg\" alt=\"\" width=\"2880\" height=\"2160\" \/> <img loading=\"lazy\" decoding=\"async\" class=\"aligncenter size-full wp-image-7539\" src=\"https:\/\/www.sindiaboldt.de\/wedding\/wp-content\/uploads\/sites\/2\/2019\/06\/JM-Kirchliche-Hochzeit-Mu\u0308nchen-Freisinger-Hof-Hochzeitsfotograf-Sindia-Boldt-Photography-Mu\u0308nchen_0101.jpg\" alt=\"\" width=\"2880\" height=\"2160\" \/> <img loading=\"lazy\" decoding=\"async\" class=\"aligncenter size-full wp-image-7542\" src=\"https:\/\/www.sindiaboldt.de\/wedding\/wp-content\/uploads\/sites\/2\/2019\/06\/JM-Kirchliche-Hochzeit-Mu\u0308nchen-Freisinger-Hof-Hochzeitsfotograf-Sindia-Boldt-Photography-Mu\u0308nchen_0104.jpg\" alt=\"\" width=\"2880\" height=\"1920\" \/><img loading=\"lazy\" decoding=\"async\" class=\"aligncenter size-full wp-image-7543\" src=\"https:\/\/www.sindiaboldt.de\/wedding\/wp-content\/uploads\/sites\/2\/2019\/06\/JM-Kirchliche-Hochzeit-Mu\u0308nchen-Freisinger-Hof-Hochzeitsfotograf-Sindia-Boldt-Photography-Mu\u0308nchen_0105.jpg\" alt=\"\" width=\"2880\" height=\"4321\" \/> <img loading=\"lazy\" decoding=\"async\" class=\"aligncenter size-full wp-image-7555\" src=\"https:\/\/www.sindiaboldt.de\/wedding\/wp-content\/uploads\/sites\/2\/2019\/06\/JM-Kirchliche-Hochzeit-Mu\u0308nchen-Freisinger-Hof-Hochzeitsfotograf-Sindia-Boldt-Photography-Mu\u0308nchen_0117.jpg\" alt=\"\" width=\"2880\" height=\"2160\" \/> <img loading=\"lazy\" decoding=\"async\" class=\"aligncenter size-full wp-image-7554\" src=\"https:\/\/www.sindiaboldt.de\/wedding\/wp-content\/uploads\/sites\/2\/2019\/06\/JM-Kirchliche-Hochzeit-Mu\u0308nchen-Freisinger-Hof-Hochzeitsfotograf-Sindia-Boldt-Photography-Mu\u0308nchen_0116.jpg\" alt=\"\" width=\"2880\" height=\"2160\" \/> <img loading=\"lazy\" decoding=\"async\" class=\"aligncenter size-full wp-image-7553\" src=\"https:\/\/www.sindiaboldt.de\/wedding\/wp-content\/uploads\/sites\/2\/2019\/06\/JM-Kirchliche-Hochzeit-Mu\u0308nchen-Freisinger-Hof-Hochzeitsfotograf-Sindia-Boldt-Photography-Mu\u0308nchen_0115.jpg\" alt=\"\" width=\"2880\" height=\"1920\" \/> <img loading=\"lazy\" decoding=\"async\" class=\"aligncenter size-full wp-image-7552\" src=\"https:\/\/www.sindiaboldt.de\/wedding\/wp-content\/uploads\/sites\/2\/2019\/06\/JM-Kirchliche-Hochzeit-Mu\u0308nchen-Freisinger-Hof-Hochzeitsfotograf-Sindia-Boldt-Photography-Mu\u0308nchen_0114.jpg\" alt=\"\" width=\"2880\" height=\"2160\" \/> <img loading=\"lazy\" decoding=\"async\" class=\"aligncenter size-full wp-image-7551\" src=\"https:\/\/www.sindiaboldt.de\/wedding\/wp-content\/uploads\/sites\/2\/2019\/06\/JM-Kirchliche-Hochzeit-Mu\u0308nchen-Freisinger-Hof-Hochzeitsfotograf-Sindia-Boldt-Photography-Mu\u0308nchen_0113.jpg\" alt=\"\" width=\"2880\" height=\"2160\" \/> <img loading=\"lazy\" decoding=\"async\" class=\"aligncenter size-full wp-image-7550\" src=\"https:\/\/www.sindiaboldt.de\/wedding\/wp-content\/uploads\/sites\/2\/2019\/06\/JM-Kirchliche-Hochzeit-Mu\u0308nchen-Freisinger-Hof-Hochzeitsfotograf-Sindia-Boldt-Photography-Mu\u0308nchen_0112.jpg\" alt=\"\" width=\"2880\" height=\"1920\" \/> <img loading=\"lazy\" decoding=\"async\" class=\"aligncenter size-full wp-image-7549\" src=\"https:\/\/www.sindiaboldt.de\/wedding\/wp-content\/uploads\/sites\/2\/2019\/06\/JM-Kirchliche-Hochzeit-Mu\u0308nchen-Freisinger-Hof-Hochzeitsfotograf-Sindia-Boldt-Photography-Mu\u0308nchen_0111.jpg\" alt=\"\" width=\"2880\" height=\"2160\" \/> <img loading=\"lazy\" decoding=\"async\" class=\"aligncenter size-full wp-image-7548\" src=\"https:\/\/www.sindiaboldt.de\/wedding\/wp-content\/uploads\/sites\/2\/2019\/06\/JM-Kirchliche-Hochzeit-Mu\u0308nchen-Freisinger-Hof-Hochzeitsfotograf-Sindia-Boldt-Photography-Mu\u0308nchen_0110.jpg\" alt=\"\" width=\"2880\" height=\"2160\" \/> <img loading=\"lazy\" decoding=\"async\" class=\"aligncenter size-full wp-image-7547\" src=\"https:\/\/www.sindiaboldt.de\/wedding\/wp-content\/uploads\/sites\/2\/2019\/06\/JM-Kirchliche-Hochzeit-Mu\u0308nchen-Freisinger-Hof-Hochzeitsfotograf-Sindia-Boldt-Photography-Mu\u0308nchen_0109.jpg\" alt=\"\" width=\"2880\" height=\"1920\" \/> <img loading=\"lazy\" decoding=\"async\" class=\"aligncenter size-full wp-image-7546\" src=\"https:\/\/www.sindiaboldt.de\/wedding\/wp-content\/uploads\/sites\/2\/2019\/06\/JM-Kirchliche-Hochzeit-Mu\u0308nchen-Freisinger-Hof-Hochzeitsfotograf-Sindia-Boldt-Photography-Mu\u0308nchen_0108.jpg\" alt=\"\" width=\"2880\" height=\"2160\" \/> <img loading=\"lazy\" decoding=\"async\" class=\"aligncenter size-full wp-image-7545\" src=\"https:\/\/www.sindiaboldt.de\/wedding\/wp-content\/uploads\/sites\/2\/2019\/06\/JM-Kirchliche-Hochzeit-Mu\u0308nchen-Freisinger-Hof-Hochzeitsfotograf-Sindia-Boldt-Photography-Mu\u0308nchen_0107.jpg\" alt=\"\" width=\"2880\" height=\"1920\" \/> <img loading=\"lazy\" decoding=\"async\" class=\"aligncenter size-full wp-image-7544\" src=\"https:\/\/www.sindiaboldt.de\/wedding\/wp-content\/uploads\/sites\/2\/2019\/06\/JM-Kirchliche-Hochzeit-Mu\u0308nchen-Freisinger-Hof-Hochzeitsfotograf-Sindia-Boldt-Photography-Mu\u0308nchen_0106.jpg\" alt=\"\" width=\"2880\" height=\"2160\" \/><\/p>\n","protected":false},"excerpt":{"rendered":"<p>&nbsp; Eine kirchliche Hochzeit in M\u00fcnchen mit Feier im Freisinger Hof stand an: Nach einem verregneten Standesamt vor ein paar Wochen war die Freude bei Juliane &amp; Matthias gro\u00df! Den ganzen Tag Sonne und Sommerlaune! Beim intimen Getting Ready im Freisinger Hof war die Vorfreude schon so gro\u00df! Endlich war der gro\u00dfe Tag da! Die [&hellip;]<\/p>\n","protected":false},"author":1,"featured_media":7518,"comment_status":"open","ping_status":"closed","sticky":false,"template":"","format":"standard","meta":{"footnotes":""},"categories":[8],"tags":[],"class_list":{"0":"post-7438","1":"post","2":"type-post","3":"status-publish","4":"format-standard","5":"has-post-thumbnail","7":"category-hochzeit"},"yoast_head":"<!-- This site is optimized with the Yoast SEO plugin v26.8 - https:\/\/yoast.com\/product\/yoast-seo-wordpress\/ -->\n<title>Kirchliche Hochzeit M\u00fcnchen Freisinger Hof Hochzeitsfotograf f\u00fcr: Juliane &amp; Matthias<\/title>\n<meta name=\"description\" content=\"Eine kirchliche Hochzeit in M\u00fcnchen mit Feier im Freisinger Hof stand an: Nach einem verregneten Standesamt lachte uns heute endlich die Sonne ins Gesicht!\" \/>\n<meta name=\"robots\" content=\"index, follow, max-snippet:-1, max-image-preview:large, max-video-preview:-1\" \/>\n<link rel=\"canonical\" href=\"https:\/\/www.sindiaboldt.de\/wedding\/kirchliche-hochzeit-muenchen-freisinger-hof-hochzeitsfotograf-jundm\/\" \/>\n<meta property=\"og:locale\" content=\"de_DE\" \/>\n<meta property=\"og:type\" content=\"article\" \/>\n<meta property=\"og:title\" content=\"Kirchliche Hochzeit M\u00fcnchen Freisinger Hof Hochzeitsfotograf f\u00fcr: Juliane &amp; Matthias\" \/>\n<meta property=\"og:description\" content=\"Eine kirchliche Hochzeit in M\u00fcnchen mit Feier im Freisinger Hof stand an: Nach einem verregneten Standesamt lachte uns heute endlich die Sonne ins Gesicht!\" \/>\n<meta property=\"og:url\" content=\"https:\/\/www.sindiaboldt.de\/wedding\/kirchliche-hochzeit-muenchen-freisinger-hof-hochzeitsfotograf-jundm\/\" \/>\n<meta property=\"og:site_name\" content=\"Wedding\" \/>\n<meta property=\"article:published_time\" content=\"2019-06-10T12:07:40+00:00\" \/>\n<meta property=\"article:modified_time\" content=\"2020-02-26T13:24:35+00:00\" \/>\n<meta property=\"og:image\" content=\"https:\/\/www.sindiaboldt.de\/wedding\/wp-content\/uploads\/sites\/2\/2019\/06\/JM-Kirchliche-Hochzeit-Mu\u0308nchen-Freisinger-Hof-Hochzeitsfotograf-Sindia-Boldt-Photography-Mu\u0308nchen_0080-scaled.jpg\" \/>\n\t<meta property=\"og:image:width\" content=\"2560\" \/>\n\t<meta property=\"og:image:height\" content=\"1707\" \/>\n\t<meta property=\"og:image:type\" content=\"image\/jpeg\" \/>\n<meta name=\"author\" content=\"sindia\" \/>\n<meta name=\"twitter:card\" content=\"summary_large_image\" \/>\n<meta name=\"twitter:label1\" content=\"Verfasst von\" \/>\n\t<meta name=\"twitter:data1\" content=\"sindia\" \/>\n\t<meta name=\"twitter:label2\" content=\"Gesch\u00e4tzte Lesezeit\" \/>\n\t<meta name=\"twitter:data2\" content=\"2\u00a0Minuten\" \/>\n<script type=\"application\/ld+json\" class=\"yoast-schema-graph\">{\"@context\":\"https:\/\/schema.org\",\"@graph\":[{\"@type\":\"Article\",\"@id\":\"https:\/\/www.sindiaboldt.de\/wedding\/kirchliche-hochzeit-muenchen-freisinger-hof-hochzeitsfotograf-jundm\/#article\",\"isPartOf\":{\"@id\":\"https:\/\/www.sindiaboldt.de\/wedding\/kirchliche-hochzeit-muenchen-freisinger-hof-hochzeitsfotograf-jundm\/\"},\"author\":{\"name\":\"sindia\",\"@id\":\"https:\/\/www.sindiaboldt.de\/wedding\/#\/schema\/person\/13668cbe0f52c57a9402a6032226e58e\"},\"headline\":\"Kirchliche Hochzeit M\u00fcnchen Freisinger Hof Hochzeitsfotograf f\u00fcr: Juliane &#038; Matthias\",\"datePublished\":\"2019-06-10T12:07:40+00:00\",\"dateModified\":\"2020-02-26T13:24:35+00:00\",\"mainEntityOfPage\":{\"@id\":\"https:\/\/www.sindiaboldt.de\/wedding\/kirchliche-hochzeit-muenchen-freisinger-hof-hochzeitsfotograf-jundm\/\"},\"wordCount\":447,\"commentCount\":21,\"image\":{\"@id\":\"https:\/\/www.sindiaboldt.de\/wedding\/kirchliche-hochzeit-muenchen-freisinger-hof-hochzeitsfotograf-jundm\/#primaryimage\"},\"thumbnailUrl\":\"https:\/\/www.sindiaboldt.de\/wedding\/wp-content\/uploads\/sites\/2\/2019\/06\/JM-Kirchliche-Hochzeit-Mu\u0308nchen-Freisinger-Hof-Hochzeitsfotograf-Sindia-Boldt-Photography-Mu\u0308nchen_0080-scaled.jpg\",\"articleSection\":[\"HOCHZEIT\"],\"inLanguage\":\"de\",\"potentialAction\":[{\"@type\":\"CommentAction\",\"name\":\"Comment\",\"target\":[\"https:\/\/www.sindiaboldt.de\/wedding\/kirchliche-hochzeit-muenchen-freisinger-hof-hochzeitsfotograf-jundm\/#respond\"]}]},{\"@type\":\"WebPage\",\"@id\":\"https:\/\/www.sindiaboldt.de\/wedding\/kirchliche-hochzeit-muenchen-freisinger-hof-hochzeitsfotograf-jundm\/\",\"url\":\"https:\/\/www.sindiaboldt.de\/wedding\/kirchliche-hochzeit-muenchen-freisinger-hof-hochzeitsfotograf-jundm\/\",\"name\":\"Kirchliche Hochzeit M\u00fcnchen Freisinger Hof Hochzeitsfotograf f\u00fcr: Juliane & Matthias\",\"isPartOf\":{\"@id\":\"https:\/\/www.sindiaboldt.de\/wedding\/#website\"},\"primaryImageOfPage\":{\"@id\":\"https:\/\/www.sindiaboldt.de\/wedding\/kirchliche-hochzeit-muenchen-freisinger-hof-hochzeitsfotograf-jundm\/#primaryimage\"},\"image\":{\"@id\":\"https:\/\/www.sindiaboldt.de\/wedding\/kirchliche-hochzeit-muenchen-freisinger-hof-hochzeitsfotograf-jundm\/#primaryimage\"},\"thumbnailUrl\":\"https:\/\/www.sindiaboldt.de\/wedding\/wp-content\/uploads\/sites\/2\/2019\/06\/JM-Kirchliche-Hochzeit-Mu\u0308nchen-Freisinger-Hof-Hochzeitsfotograf-Sindia-Boldt-Photography-Mu\u0308nchen_0080-scaled.jpg\",\"datePublished\":\"2019-06-10T12:07:40+00:00\",\"dateModified\":\"2020-02-26T13:24:35+00:00\",\"author\":{\"@id\":\"https:\/\/www.sindiaboldt.de\/wedding\/#\/schema\/person\/13668cbe0f52c57a9402a6032226e58e\"},\"description\":\"Eine kirchliche Hochzeit in M\u00fcnchen mit Feier im Freisinger Hof stand an: Nach einem verregneten Standesamt lachte uns heute endlich die Sonne ins Gesicht!\",\"breadcrumb\":{\"@id\":\"https:\/\/www.sindiaboldt.de\/wedding\/kirchliche-hochzeit-muenchen-freisinger-hof-hochzeitsfotograf-jundm\/#breadcrumb\"},\"inLanguage\":\"de\",\"potentialAction\":[{\"@type\":\"ReadAction\",\"target\":[\"https:\/\/www.sindiaboldt.de\/wedding\/kirchliche-hochzeit-muenchen-freisinger-hof-hochzeitsfotograf-jundm\/\"]}]},{\"@type\":\"ImageObject\",\"inLanguage\":\"de\",\"@id\":\"https:\/\/www.sindiaboldt.de\/wedding\/kirchliche-hochzeit-muenchen-freisinger-hof-hochzeitsfotograf-jundm\/#primaryimage\",\"url\":\"https:\/\/www.sindiaboldt.de\/wedding\/wp-content\/uploads\/sites\/2\/2019\/06\/JM-Kirchliche-Hochzeit-Mu\u0308nchen-Freisinger-Hof-Hochzeitsfotograf-Sindia-Boldt-Photography-Mu\u0308nchen_0080-scaled.jpg\",\"contentUrl\":\"https:\/\/www.sindiaboldt.de\/wedding\/wp-content\/uploads\/sites\/2\/2019\/06\/JM-Kirchliche-Hochzeit-Mu\u0308nchen-Freisinger-Hof-Hochzeitsfotograf-Sindia-Boldt-Photography-Mu\u0308nchen_0080-scaled.jpg\",\"width\":2560,\"height\":1707,\"caption\":\"JM Kirchliche Hochzeit Mu\u0308nchen Freisinger Hof Hochzeitsfotograf Sindia Boldt Photography Mu\u0308nchen 0080\"},{\"@type\":\"BreadcrumbList\",\"@id\":\"https:\/\/www.sindiaboldt.de\/wedding\/kirchliche-hochzeit-muenchen-freisinger-hof-hochzeitsfotograf-jundm\/#breadcrumb\",\"itemListElement\":[{\"@type\":\"ListItem\",\"position\":1,\"name\":\"Home\",\"item\":\"https:\/\/www.sindiaboldt.de\/wedding\/\"},{\"@type\":\"ListItem\",\"position\":2,\"name\":\"Kirchliche Hochzeit M\u00fcnchen Freisinger Hof Hochzeitsfotograf f\u00fcr: Juliane &#038; Matthias\"}]},{\"@type\":\"WebSite\",\"@id\":\"https:\/\/www.sindiaboldt.de\/wedding\/#website\",\"url\":\"https:\/\/www.sindiaboldt.de\/wedding\/\",\"name\":\"Wedding\",\"description\":\"Sindia Boldt Hochzeitsfotograf M\u00fcnchen\",\"potentialAction\":[{\"@type\":\"SearchAction\",\"target\":{\"@type\":\"EntryPoint\",\"urlTemplate\":\"https:\/\/www.sindiaboldt.de\/wedding\/?s={search_term_string}\"},\"query-input\":{\"@type\":\"PropertyValueSpecification\",\"valueRequired\":true,\"valueName\":\"search_term_string\"}}],\"inLanguage\":\"de\"},{\"@type\":\"Person\",\"@id\":\"https:\/\/www.sindiaboldt.de\/wedding\/#\/schema\/person\/13668cbe0f52c57a9402a6032226e58e\",\"name\":\"sindia\"}]}<\/script>\n<!-- \/ Yoast SEO plugin. -->","yoast_head_json":{"title":"Kirchliche Hochzeit M\u00fcnchen Freisinger Hof Hochzeitsfotograf f\u00fcr: Juliane & Matthias","description":"Eine kirchliche Hochzeit in M\u00fcnchen mit Feier im Freisinger Hof stand an: Nach einem verregneten Standesamt lachte uns heute endlich die Sonne ins Gesicht!","robots":{"index":"index","follow":"follow","max-snippet":"max-snippet:-1","max-image-preview":"max-image-preview:large","max-video-preview":"max-video-preview:-1"},"canonical":"https:\/\/www.sindiaboldt.de\/wedding\/kirchliche-hochzeit-muenchen-freisinger-hof-hochzeitsfotograf-jundm\/","og_locale":"de_DE","og_type":"article","og_title":"Kirchliche Hochzeit M\u00fcnchen Freisinger Hof Hochzeitsfotograf f\u00fcr: Juliane & Matthias","og_description":"Eine kirchliche Hochzeit in M\u00fcnchen mit Feier im Freisinger Hof stand an: Nach einem verregneten Standesamt lachte uns heute endlich die Sonne ins Gesicht!","og_url":"https:\/\/www.sindiaboldt.de\/wedding\/kirchliche-hochzeit-muenchen-freisinger-hof-hochzeitsfotograf-jundm\/","og_site_name":"Wedding","article_published_time":"2019-06-10T12:07:40+00:00","article_modified_time":"2020-02-26T13:24:35+00:00","og_image":[{"width":2560,"height":1707,"url":"https:\/\/www.sindiaboldt.de\/wedding\/wp-content\/uploads\/sites\/2\/2019\/06\/JM-Kirchliche-Hochzeit-Mu\u0308nchen-Freisinger-Hof-Hochzeitsfotograf-Sindia-Boldt-Photography-Mu\u0308nchen_0080-scaled.jpg","type":"image\/jpeg"}],"author":"sindia","twitter_card":"summary_large_image","twitter_misc":{"Verfasst von":"sindia","Gesch\u00e4tzte Lesezeit":"2\u00a0Minuten"},"schema":{"@context":"https:\/\/schema.org","@graph":[{"@type":"Article","@id":"https:\/\/www.sindiaboldt.de\/wedding\/kirchliche-hochzeit-muenchen-freisinger-hof-hochzeitsfotograf-jundm\/#article","isPartOf":{"@id":"https:\/\/www.sindiaboldt.de\/wedding\/kirchliche-hochzeit-muenchen-freisinger-hof-hochzeitsfotograf-jundm\/"},"author":{"name":"sindia","@id":"https:\/\/www.sindiaboldt.de\/wedding\/#\/schema\/person\/13668cbe0f52c57a9402a6032226e58e"},"headline":"Kirchliche Hochzeit M\u00fcnchen Freisinger Hof Hochzeitsfotograf f\u00fcr: Juliane &#038; Matthias","datePublished":"2019-06-10T12:07:40+00:00","dateModified":"2020-02-26T13:24:35+00:00","mainEntityOfPage":{"@id":"https:\/\/www.sindiaboldt.de\/wedding\/kirchliche-hochzeit-muenchen-freisinger-hof-hochzeitsfotograf-jundm\/"},"wordCount":447,"commentCount":21,"image":{"@id":"https:\/\/www.sindiaboldt.de\/wedding\/kirchliche-hochzeit-muenchen-freisinger-hof-hochzeitsfotograf-jundm\/#primaryimage"},"thumbnailUrl":"https:\/\/www.sindiaboldt.de\/wedding\/wp-content\/uploads\/sites\/2\/2019\/06\/JM-Kirchliche-Hochzeit-Mu\u0308nchen-Freisinger-Hof-Hochzeitsfotograf-Sindia-Boldt-Photography-Mu\u0308nchen_0080-scaled.jpg","articleSection":["HOCHZEIT"],"inLanguage":"de","potentialAction":[{"@type":"CommentAction","name":"Comment","target":["https:\/\/www.sindiaboldt.de\/wedding\/kirchliche-hochzeit-muenchen-freisinger-hof-hochzeitsfotograf-jundm\/#respond"]}]},{"@type":"WebPage","@id":"https:\/\/www.sindiaboldt.de\/wedding\/kirchliche-hochzeit-muenchen-freisinger-hof-hochzeitsfotograf-jundm\/","url":"https:\/\/www.sindiaboldt.de\/wedding\/kirchliche-hochzeit-muenchen-freisinger-hof-hochzeitsfotograf-jundm\/","name":"Kirchliche Hochzeit M\u00fcnchen Freisinger Hof Hochzeitsfotograf f\u00fcr: Juliane & Matthias","isPartOf":{"@id":"https:\/\/www.sindiaboldt.de\/wedding\/#website"},"primaryImageOfPage":{"@id":"https:\/\/www.sindiaboldt.de\/wedding\/kirchliche-hochzeit-muenchen-freisinger-hof-hochzeitsfotograf-jundm\/#primaryimage"},"image":{"@id":"https:\/\/www.sindiaboldt.de\/wedding\/kirchliche-hochzeit-muenchen-freisinger-hof-hochzeitsfotograf-jundm\/#primaryimage"},"thumbnailUrl":"https:\/\/www.sindiaboldt.de\/wedding\/wp-content\/uploads\/sites\/2\/2019\/06\/JM-Kirchliche-Hochzeit-Mu\u0308nchen-Freisinger-Hof-Hochzeitsfotograf-Sindia-Boldt-Photography-Mu\u0308nchen_0080-scaled.jpg","datePublished":"2019-06-10T12:07:40+00:00","dateModified":"2020-02-26T13:24:35+00:00","author":{"@id":"https:\/\/www.sindiaboldt.de\/wedding\/#\/schema\/person\/13668cbe0f52c57a9402a6032226e58e"},"description":"Eine kirchliche Hochzeit in M\u00fcnchen mit Feier im Freisinger Hof stand an: Nach einem verregneten Standesamt lachte uns heute endlich die Sonne ins Gesicht!","breadcrumb":{"@id":"https:\/\/www.sindiaboldt.de\/wedding\/kirchliche-hochzeit-muenchen-freisinger-hof-hochzeitsfotograf-jundm\/#breadcrumb"},"inLanguage":"de","potentialAction":[{"@type":"ReadAction","target":["https:\/\/www.sindiaboldt.de\/wedding\/kirchliche-hochzeit-muenchen-freisinger-hof-hochzeitsfotograf-jundm\/"]}]},{"@type":"ImageObject","inLanguage":"de","@id":"https:\/\/www.sindiaboldt.de\/wedding\/kirchliche-hochzeit-muenchen-freisinger-hof-hochzeitsfotograf-jundm\/#primaryimage","url":"https:\/\/www.sindiaboldt.de\/wedding\/wp-content\/uploads\/sites\/2\/2019\/06\/JM-Kirchliche-Hochzeit-Mu\u0308nchen-Freisinger-Hof-Hochzeitsfotograf-Sindia-Boldt-Photography-Mu\u0308nchen_0080-scaled.jpg","contentUrl":"https:\/\/www.sindiaboldt.de\/wedding\/wp-content\/uploads\/sites\/2\/2019\/06\/JM-Kirchliche-Hochzeit-Mu\u0308nchen-Freisinger-Hof-Hochzeitsfotograf-Sindia-Boldt-Photography-Mu\u0308nchen_0080-scaled.jpg","width":2560,"height":1707,"caption":"JM Kirchliche Hochzeit Mu\u0308nchen Freisinger Hof Hochzeitsfotograf Sindia Boldt Photography Mu\u0308nchen 0080"},{"@type":"BreadcrumbList","@id":"https:\/\/www.sindiaboldt.de\/wedding\/kirchliche-hochzeit-muenchen-freisinger-hof-hochzeitsfotograf-jundm\/#breadcrumb","itemListElement":[{"@type":"ListItem","position":1,"name":"Home","item":"https:\/\/www.sindiaboldt.de\/wedding\/"},{"@type":"ListItem","position":2,"name":"Kirchliche Hochzeit M\u00fcnchen Freisinger Hof Hochzeitsfotograf f\u00fcr: Juliane &#038; Matthias"}]},{"@type":"WebSite","@id":"https:\/\/www.sindiaboldt.de\/wedding\/#website","url":"https:\/\/www.sindiaboldt.de\/wedding\/","name":"Wedding","description":"Sindia Boldt Hochzeitsfotograf M\u00fcnchen","potentialAction":[{"@type":"SearchAction","target":{"@type":"EntryPoint","urlTemplate":"https:\/\/www.sindiaboldt.de\/wedding\/?s={search_term_string}"},"query-input":{"@type":"PropertyValueSpecification","valueRequired":true,"valueName":"search_term_string"}}],"inLanguage":"de"},{"@type":"Person","@id":"https:\/\/www.sindiaboldt.de\/wedding\/#\/schema\/person\/13668cbe0f52c57a9402a6032226e58e","name":"sindia"}]}},"_links":{"self":[{"href":"https:\/\/www.sindiaboldt.de\/wedding\/wp-json\/wp\/v2\/posts\/7438","targetHints":{"allow":["GET"]}}],"collection":[{"href":"https:\/\/www.sindiaboldt.de\/wedding\/wp-json\/wp\/v2\/posts"}],"about":[{"href":"https:\/\/www.sindiaboldt.de\/wedding\/wp-json\/wp\/v2\/types\/post"}],"author":[{"embeddable":true,"href":"https:\/\/www.sindiaboldt.de\/wedding\/wp-json\/wp\/v2\/users\/1"}],"replies":[{"embeddable":true,"href":"https:\/\/www.sindiaboldt.de\/wedding\/wp-json\/wp\/v2\/comments?post=7438"}],"version-history":[{"count":0,"href":"https:\/\/www.sindiaboldt.de\/wedding\/wp-json\/wp\/v2\/posts\/7438\/revisions"}],"wp:featuredmedia":[{"embeddable":true,"href":"https:\/\/www.sindiaboldt.de\/wedding\/wp-json\/wp\/v2\/media\/7518"}],"wp:attachment":[{"href":"https:\/\/www.sindiaboldt.de\/wedding\/wp-json\/wp\/v2\/media?parent=7438"}],"wp:term":[{"taxonomy":"category","embeddable":true,"href":"https:\/\/www.sindiaboldt.de\/wedding\/wp-json\/wp\/v2\/categories?post=7438"},{"taxonomy":"post_tag","embeddable":true,"href":"https:\/\/www.sindiaboldt.de\/wedding\/wp-json\/wp\/v2\/tags?post=7438"}],"curies":[{"name":"wp","href":"https:\/\/api.w.org\/{rel}","templated":true}]}}